{"id":37297,"date":"2026-09-02T11:47:42","date_gmt":"2026-09-02T09:47:42","guid":{"rendered":"https:\/\/gesamtschule-immenhausen.de\/?p=37297"},"modified":"2026-09-02T12:22:06","modified_gmt":"2026-09-02T10:22:06","slug":"foerderverein-taeglich-fuer-unsere-schule-online-abstimmen-3000-euro-spende-winken","status":"publish","type":"post","link":"https:\/\/gesamtschule-immenhausen.de\/?p=37297","title":{"rendered":"F\u00f6rderverein: T\u00e4glich f\u00fcr unsere Schule online abstimmen &#8211; 3000 Euro Spende winken"},"content":{"rendered":"\n<p>Liebe Kolleginnen und Kollegen, liebe Sch\u00fclerinnen und Sch\u00fcler, liebe Eltern! Mit einem t\u00e4glichen Klick k\u00f6nnen Sie bis zum 18. September 2026 unseren F\u00f6rderverein unterst\u00fctzten. Er nimmt an der Aktion \u201eSparda vereint\u201c teil. Hier kann man jeden Tag abstimmen: <a href=\"https:\/\/www.sparda-vereint.de\/project\/pflanzen-fuer-besseres-schulklima\/voting\/umwelt-2026\/\">Pflanzen f\u00fcr besseres Schulklima &#8211; sparda-vereint.de<\/a><br \/><br \/>Der F\u00f6rderverein will mit dem Geld weiterer B\u00fcsche, B\u00e4ume und andere Pflanzen anschaffen, die das Schulklima verbessern \u2013 im Sommer f\u00fcr Schatten sorgen und durch Verdampfen von Wasser f\u00fcr K\u00fchle sorgen. Auch die Anschaffung von Sonnensegeln etc. wird \u00fcberlegt. <br \/>Jede einzelne Stimme kann dabei helfen, 3.000,- Euro zur Verwirklichung des Projektes f\u00fcr den F\u00f6rderverein zu gewinnen. So funktioniert die Abstimmung: Jede Person kann einmal t\u00e4glich und in jeder Kategorie abstimmen. Jede abgegebene Stimme muss anschlie\u00dfend verifiziert werden. Man tr\u00e4gt seine Mailadresse ein und klickt auf \u201ejetzt abstimmen\u201c. Der entsprechende Best\u00e4tigungslink wird per E-Mail verschickt. Sollte die E-Mail einmal nicht im Postfach ankommen, pr\u00fcfen Sie bitte auch den Spam-Ordner. Der Newsletter muss NICHT aktiviert werden!<\/p>\n<p>Stefan Luttman, Vorsitzender F\u00f6rderverein der Freiherr-vom-Stein-Schule Immenhausen<\/p>\n<p>&nbsp;<\/p>\n\n\n","protected":false},"excerpt":{"rendered":"<p>Liebe Kolleginnen und Kollegen, liebe Sch\u00fclerinnen und Sch\u00fcler, liebe Eltern! Mit einem t\u00e4glichen Klick k\u00f6nnen Sie bis zum 18. September 2026 unseren F\u00f6rderverein unterst\u00fctzten. Er nimmt an der Aktion \u201eSparda vereint\u201c teil. Hier kann man jeden Tag abstimmen: Pflanzen f\u00fcr besseres Schulklima &#8211; sparda-vereint.de Der F\u00f6rderverein will mit dem Geld weiterer B\u00fcsche, B\u00e4ume und andere [&hellip;]<\/p>\n","protected":false},"author":3,"featured_media":37298,"comment_status":"closed","ping_status":"closed","sticky":false,"template":"","format":"standard","meta":{"saved_in_kubio":false,"footnotes":""},"categories":[1],"tags":[],"class_list":["post-37297","post","type-post","status-publish","format-standard","has-post-thumbnail","hentry","category-allgemein"],"_links":{"self":[{"href":"https:\/\/gesamtschule-immenhausen.de\/index.php?rest_route=\/wp\/v2\/posts\/37297","targetHints":{"allow":["GET"]}}],"collection":[{"href":"https:\/\/gesamtschule-immenhausen.de\/index.php?rest_route=\/wp\/v2\/posts"}],"about":[{"href":"https:\/\/gesamtschule-immenhausen.de\/index.php?rest_route=\/wp\/v2\/types\/post"}],"author":[{"embeddable":true,"href":"https:\/\/gesamtschule-immenhausen.de\/index.php?rest_route=\/wp\/v2\/users\/3"}],"replies":[{"embeddable":true,"href":"https:\/\/gesamtschule-immenhausen.de\/index.php?rest_route=%2Fwp%2Fv2%2Fcomments&post=37297"}],"version-history":[{"count":3,"href":"https:\/\/gesamtschule-immenhausen.de\/index.php?rest_route=\/wp\/v2\/posts\/37297\/revisions"}],"predecessor-version":[{"id":37301,"href":"https:\/\/gesamtschule-immenhausen.de\/index.php?rest_route=\/wp\/v2\/posts\/37297\/revisions\/37301"}],"wp:featuredmedia":[{"embeddable":true,"href":"https:\/\/gesamtschule-immenhausen.de\/index.php?rest_route=\/wp\/v2\/media\/37298"}],"wp:attachment":[{"href":"https:\/\/gesamtschule-immenhausen.de\/index.php?rest_route=%2Fwp%2Fv2%2Fmedia&parent=37297"}],"wp:term":[{"taxonomy":"category","embeddable":true,"href":"https:\/\/gesamtschule-immenhausen.de\/index.php?rest_route=%2Fwp%2Fv2%2Fcategories&post=37297"},{"taxonomy":"post_tag","embeddable":true,"href":"https:\/\/gesamtschule-immenhausen.de\/index.php?rest_route=%2Fwp%2Fv2%2Ftags&post=37297"}],"curies":[{"name":"wp","href":"https:\/\/api.w.org\/{rel}","templated":true}]}}