{"id":37251,"date":"2026-08-31T14:15:14","date_gmt":"2026-08-31T12:15:14","guid":{"rendered":"https:\/\/gesamtschule-immenhausen.de\/?p=37251"},"modified":"2026-08-18T14:17:09","modified_gmt":"2026-08-18T12:17:09","slug":"sprachfoerderung-3-000-zugewanderte-jugendliche-absolvieren-das-deutsche-sprachdiplom","status":"publish","type":"post","link":"https:\/\/gesamtschule-immenhausen.de\/?p=37251","title":{"rendered":"Sprachf\u00f6rderung:\u00a0\u00a03.000 zugewanderte Jugendliche absolvieren das Deutsche Sprachdiplom\u00a0"},"content":{"rendered":"\n<p class=\"wp-block-paragraph\">Bildungsminister Schwarz hat in Kassel stellvertretend die Diplome an 51 erfolgreiche Sch\u00fclerinnen und Sch\u00fcler \u00fcbergeben. Auch Sch\u00fclerinnen unserer Schule waren dabei.<\/p>\n\n\n\n<p class=\"wp-block-paragraph\">Die Integration junger gefl\u00fcchteter und zugewanderter Menschen in das hessische Bildungssystem wird \u00fcber alle Bildungsg\u00e4nge und Schulformen hinweg verfolgt \u2013 von Sprachf\u00f6rderkursen vor der Einschulung bis hin zu Intensivklassen in den Schulen. Den umfangreichen Sprachf\u00f6rderma\u00dfnahmen f\u00fcr Zugewanderte in Hessen, die mit dem international anerkannten Deutschen Sprachdiplom DSD I an allgemeinbildenden und DSD I PRO an Berufsschulen abschlie\u00dfen, kommt dabei eine besondere Bedeutung zu. Sie sind der Garant f\u00fcr den schulischen Erfolg sowie f\u00fcr den \u00dcbergang in Ausbildung und Beruf.&nbsp;<\/p>\n\n\n\n<p class=\"wp-block-paragraph\">Minister Armin Schwarz hat an der Schule Hegelsberg in Kassel stellvertretend 51 Absolventinnen und Absolventen ihre Diplome verliehen und ihnen zu dieser besonderen Auszeichnung gratuliert: \u201eDie Sch\u00fclerinnen und Sch\u00fcler kommen aus ganz unterschiedlichen L\u00e4ndern und bringen entsprechend verschiedene Lernbiografien mit. Was sie verbindet, ist ihr Wunsch, Deutsch zu lernen und den Einstieg in den regul\u00e4ren Schulunterricht oder das duale Ausbildungssystem zu schaffen. Das Deutsche Sprachdiplom ist dabei seit Jahren ein wichtiges Qualit\u00e4ts- und Evaluationsinstrument und wird auch k\u00fcnftig einen festen Platz an unseren Schulen einnehmen. Hessen geh\u00f6rt dabei zu den L\u00e4ndern mit den h\u00f6chsten Teilnehmerzahlen und der besten Quote bestandener Sprachdiplome. Daf\u00fcr danke ich besonders den Lehrkr\u00e4ften der Sprachkurse f\u00fcr den wichtigen Beitrag, den sie t\u00e4glich bei der Vermittlung des Spracherwerbs leisten.\u201c<\/p>\n\n\n\n<p class=\"wp-block-paragraph\">Hessen liegt bundesweit im vorderen Bereich<\/p>\n\n\n\n<p class=\"wp-block-paragraph\">Die Zahl der gefl\u00fcchteten und zugewanderten Sch\u00fclerinnen und Sch\u00fcler, die eines der beiden Pr\u00fcfungsformate ablegen, ist seit Beginn der Sprachf\u00f6rderma\u00dfnahme im Schuljahr 2012\/2013 stetig gestiegen. Allein in diesem Jahr haben 47 Prozent der fast 2.000 Sch\u00fclerinnen und Sch\u00fcler an allgemeinbildenden Schulen die Pr\u00fcfungen zum DSD I auf B1-Niveau und 32 Prozent auf A2-Niveau absolviert. Die Pr\u00fcfungen zum DSD I PRO an beruflichen Schulen legten rund 1.760 Jugendliche und junge Erwachsene ab, von denen 36 Prozent ein B1-Zertifikat und 31 Prozent ein A2-Zertifikat erhalten. Insgesamt haben rund 3.000 Sch\u00fclerinnen und Sch\u00fcler an den diesj\u00e4hrigen Pr\u00fcfungen zum Deutschen Sprachdiplom teilgenommen.<\/p>\n\n\n\n<p class=\"wp-block-paragraph\">Hessen lag bisher mit den Ergebnissen hinsichtlich der Zahl der Teilnehmerinnen und Teilnehmer und der Quote bestandener Diplome bundesweit im vorderen Bereich. Grundlage f\u00fcr diesen Erfolg ist unter anderem die Einhaltung von qualit\u00e4tssichernden Ma\u00dfnahmen: Lehrkr\u00e4fte werden in DSD-Qualifizierungsschulungen ausgebildet. Au\u00dferdem sichert das Land die landesweite Durchf\u00fchrung und Koordination des DSD-Pr\u00fcfungsablaufes, \u00fcbernimmt die Pr\u00fcfungskosten der Sch\u00fclerinnen und Sch\u00fcler und bereitet sie auf eine Teilhabe an unserer Gesellschaft vor.<\/p>\n\n\n\n<p class=\"wp-block-paragraph\">Auch in der Wirtschaft finden die Diplome Anklang: Die Industrie- und Handelskammern im Land etwa empfehlen Ausbildungsbetrieben, das DSD I PRO als sprachliche Zugangsvoraussetzung f\u00fcr die Aufnahme einer dualen Ausbildung zu akzeptieren, da es in allen Pr\u00fcfungsteilen berufsbezogene Themen behandelt und praxisnahe Kenntnisse vermittelt.&nbsp;Quelle:&nbsp;<a href=\"https:\/\/kultus.hessen.de\/presse\/3000-zugewanderte-jugendliche-absolvieren-das-deutsche-sprachdiplom\">https:\/\/kultus.hessen.de\/presse\/3000-zugewanderte-jugendliche-absolvieren-das-deutsche-sprachdiplom<\/a><\/p>\n\n\n\n<p><a href=\"https:\/\/gesamtschule-immenhausen.de\/wp-content\/uploads\/image0-7.jpeg\"><img loading=\"lazy\" decoding=\"async\" class=\"aligncenter size-full wp-image-37252\" src=\"https:\/\/gesamtschule-immenhausen.de\/wp-content\/uploads\/image0-7.jpeg\" alt=\"\" width=\"640\" height=\"612\" srcset=\"https:\/\/gesamtschule-immenhausen.de\/wp-content\/uploads\/image0-7.jpeg 640w, https:\/\/gesamtschule-immenhausen.de\/wp-content\/uploads\/image0-7-150x143.jpeg 150w\" sizes=\"(max-width: 640px) 100vw, 640px\" \/><\/a><a href=\"https:\/\/gesamtschule-immenhausen.de\/wp-content\/uploads\/image2-4.jpeg\"><img loading=\"lazy\" decoding=\"async\" class=\"aligncenter size-full wp-image-37254\" src=\"https:\/\/gesamtschule-immenhausen.de\/wp-content\/uploads\/image2-4.jpeg\" alt=\"\" width=\"640\" height=\"480\" srcset=\"https:\/\/gesamtschule-immenhausen.de\/wp-content\/uploads\/image2-4.jpeg 640w, https:\/\/gesamtschule-immenhausen.de\/wp-content\/uploads\/image2-4-150x113.jpeg 150w\" sizes=\"(max-width: 640px) 100vw, 640px\" \/><\/a><\/p>\n","protected":false},"excerpt":{"rendered":"<p>Bildungsminister Schwarz hat in Kassel stellvertretend die Diplome an 51 erfolgreiche Sch\u00fclerinnen und Sch\u00fcler \u00fcbergeben. Auch Sch\u00fclerinnen unserer Schule waren dabei. Die Integration junger gefl\u00fcchteter und zugewanderter Menschen in das hessische Bildungssystem wird \u00fcber alle Bildungsg\u00e4nge und Schulformen hinweg verfolgt \u2013 von Sprachf\u00f6rderkursen vor der Einschulung bis hin zu Intensivklassen in den Schulen. Den umfangreichen [&hellip;]<\/p>\n","protected":false},"author":3,"featured_media":37253,"comment_status":"closed","ping_status":"closed","sticky":false,"template":"","format":"standard","meta":{"saved_in_kubio":false,"footnotes":""},"categories":[1],"tags":[],"class_list":["post-37251","post","type-post","status-publish","format-standard","has-post-thumbnail","hentry","category-allgemein"],"_links":{"self":[{"href":"https:\/\/gesamtschule-immenhausen.de\/index.php?rest_route=\/wp\/v2\/posts\/37251","targetHints":{"allow":["GET"]}}],"collection":[{"href":"https:\/\/gesamtschule-immenhausen.de\/index.php?rest_route=\/wp\/v2\/posts"}],"about":[{"href":"https:\/\/gesamtschule-immenhausen.de\/index.php?rest_route=\/wp\/v2\/types\/post"}],"author":[{"embeddable":true,"href":"https:\/\/gesamtschule-immenhausen.de\/index.php?rest_route=\/wp\/v2\/users\/3"}],"replies":[{"embeddable":true,"href":"https:\/\/gesamtschule-immenhausen.de\/index.php?rest_route=%2Fwp%2Fv2%2Fcomments&post=37251"}],"version-history":[{"count":1,"href":"https:\/\/gesamtschule-immenhausen.de\/index.php?rest_route=\/wp\/v2\/posts\/37251\/revisions"}],"predecessor-version":[{"id":37255,"href":"https:\/\/gesamtschule-immenhausen.de\/index.php?rest_route=\/wp\/v2\/posts\/37251\/revisions\/37255"}],"wp:featuredmedia":[{"embeddable":true,"href":"https:\/\/gesamtschule-immenhausen.de\/index.php?rest_route=\/wp\/v2\/media\/37253"}],"wp:attachment":[{"href":"https:\/\/gesamtschule-immenhausen.de\/index.php?rest_route=%2Fwp%2Fv2%2Fmedia&parent=37251"}],"wp:term":[{"taxonomy":"category","embeddable":true,"href":"https:\/\/gesamtschule-immenhausen.de\/index.php?rest_route=%2Fwp%2Fv2%2Fcategories&post=37251"},{"taxonomy":"post_tag","embeddable":true,"href":"https:\/\/gesamtschule-immenhausen.de\/index.php?rest_route=%2Fwp%2Fv2%2Ftags&post=37251"}],"curies":[{"name":"wp","href":"https:\/\/api.w.org\/{rel}","templated":true}]}}