{"id":36336,"date":"2026-04-30T13:02:05","date_gmt":"2026-04-30T11:02:05","guid":{"rendered":"https:\/\/gesamtschule-immenhausen.de\/?p=36336"},"modified":"2026-03-30T23:35:03","modified_gmt":"2026-03-30T21:35:03","slug":"save-the-date-tag-der-information-fuer-grundschuleltern-und-ihre-kinder-20-11-26","status":"publish","type":"post","link":"https:\/\/gesamtschule-immenhausen.de\/?p=36336","title":{"rendered":"Save the date: &#8222;Tag der Information&#8220; f\u00fcr Grundschuleltern und ihre Kinder (20.11.26)"},"content":{"rendered":"\n<p>Der &#8222;Tag der Information&#8220; bietet j\u00e4hrlich die M\u00f6glichkeit, unsere Schule und die Fachr\u00e4ume &#8222;in Aktion&#8220; zu erleben und an Schulf\u00fchrungen teilzunehmen. Schon jetzt k\u00f6nnen wir den Termin 20.11.26, 14 &#8211; 17 Uhr als &#8222;save the date&#8220; nennen. N\u00e4here Infos folgen. Der Tag ist vor allen Dingen f\u00fcr die Eltern und ihre Kinder interessant, die aktuell in der 4. Grundschulklasse sind.\u00a0<\/p>\n<p><a href=\"https:\/\/gesamtschule-immenhausen.de\/wp-content\/uploads\/TagderInformation2026.png\"><img loading=\"lazy\" decoding=\"async\" class=\"aligncenter size-large wp-image-36331\" src=\"https:\/\/gesamtschule-immenhausen.de\/wp-content\/uploads\/TagderInformation2026-1024x1024.png\" alt=\"\" width=\"1024\" height=\"1024\" srcset=\"https:\/\/gesamtschule-immenhausen.de\/wp-content\/uploads\/TagderInformation2026-1024x1024.png 1024w, https:\/\/gesamtschule-immenhausen.de\/wp-content\/uploads\/TagderInformation2026-150x150.png 150w, https:\/\/gesamtschule-immenhausen.de\/wp-content\/uploads\/TagderInformation2026-768x768.png 768w, https:\/\/gesamtschule-immenhausen.de\/wp-content\/uploads\/TagderInformation2026-1536x1536.png 1536w, https:\/\/gesamtschule-immenhausen.de\/wp-content\/uploads\/TagderInformation2026-2048x2048.png 2048w, https:\/\/gesamtschule-immenhausen.de\/wp-content\/uploads\/TagderInformation2026-1080x1080.png 1080w\" sizes=\"(max-width: 1024px) 100vw, 1024px\" \/><\/a><\/p>\n","protected":false},"excerpt":{"rendered":"<p>Der &#8222;Tag der Information&#8220; bietet j\u00e4hrlich die M\u00f6glichkeit, unsere Schule und die Fachr\u00e4ume &#8222;in Aktion&#8220; zu erleben und an Schulf\u00fchrungen teilzunehmen. Schon jetzt k\u00f6nnen wir den Termin 20.11.26, 14 &#8211; 17 Uhr als &#8222;save the date&#8220; nennen. N\u00e4here Infos folgen. Der Tag ist vor allen Dingen f\u00fcr die Eltern und ihre Kinder interessant, die aktuell [&hellip;]<\/p>\n","protected":false},"author":3,"featured_media":35995,"comment_status":"closed","ping_status":"closed","sticky":false,"template":"","format":"standard","meta":{"saved_in_kubio":false,"footnotes":""},"categories":[1],"tags":[],"class_list":["post-36336","post","type-post","status-publish","format-standard","has-post-thumbnail","hentry","category-allgemein"],"_links":{"self":[{"href":"https:\/\/gesamtschule-immenhausen.de\/index.php?rest_route=\/wp\/v2\/posts\/36336","targetHints":{"allow":["GET"]}}],"collection":[{"href":"https:\/\/gesamtschule-immenhausen.de\/index.php?rest_route=\/wp\/v2\/posts"}],"about":[{"href":"https:\/\/gesamtschule-immenhausen.de\/index.php?rest_route=\/wp\/v2\/types\/post"}],"author":[{"embeddable":true,"href":"https:\/\/gesamtschule-immenhausen.de\/index.php?rest_route=\/wp\/v2\/users\/3"}],"replies":[{"embeddable":true,"href":"https:\/\/gesamtschule-immenhausen.de\/index.php?rest_route=%2Fwp%2Fv2%2Fcomments&post=36336"}],"version-history":[{"count":1,"href":"https:\/\/gesamtschule-immenhausen.de\/index.php?rest_route=\/wp\/v2\/posts\/36336\/revisions"}],"predecessor-version":[{"id":36337,"href":"https:\/\/gesamtschule-immenhausen.de\/index.php?rest_route=\/wp\/v2\/posts\/36336\/revisions\/36337"}],"wp:featuredmedia":[{"embeddable":true,"href":"https:\/\/gesamtschule-immenhausen.de\/index.php?rest_route=\/wp\/v2\/media\/35995"}],"wp:attachment":[{"href":"https:\/\/gesamtschule-immenhausen.de\/index.php?rest_route=%2Fwp%2Fv2%2Fmedia&parent=36336"}],"wp:term":[{"taxonomy":"category","embeddable":true,"href":"https:\/\/gesamtschule-immenhausen.de\/index.php?rest_route=%2Fwp%2Fv2%2Fcategories&post=36336"},{"taxonomy":"post_tag","embeddable":true,"href":"https:\/\/gesamtschule-immenhausen.de\/index.php?rest_route=%2Fwp%2Fv2%2Ftags&post=36336"}],"curies":[{"name":"wp","href":"https:\/\/api.w.org\/{rel}","templated":true}]}}