{"id":36167,"date":"2026-01-24T09:56:29","date_gmt":"2026-01-24T08:56:29","guid":{"rendered":"https:\/\/gesamtschule-immenhausen.de\/?p=36167"},"modified":"2026-01-22T09:56:54","modified_gmt":"2026-01-22T08:56:54","slug":"schulpflichtverlaengerung-nach-dem-jahrgang-8-praxisorientierter-bildungsgang","status":"publish","type":"post","link":"https:\/\/gesamtschule-immenhausen.de\/?p=36167","title":{"rendered":"Schulpflichtverl\u00e4ngerung nach dem Jahrgang 8 (Praxisorientierter Bildungsgang)"},"content":{"rendered":"\n<p>Wenn Ihr Kind mit Ende des Schuljahres eine neunj\u00e4hrige Vollzeitschulpflicht erf\u00fcllt hat, muss er die Schule verlassen, wenn Sie keinen Antrag auf Verl\u00e4ngerung der Vollzeitschulpflicht stellen. Das bedeutet: Wenn Ihr Kind in der Klasse P8 ist, aber schon einmal eine Klasse wiederholt hat, endet die Schulpflicht. Ihr Kind muss dann eine Ausbildung beginnen oder an eine Berufliche Schule wechseln.\u00a0\u00a0<\/p>\n\n\n\n<p>Bitte bedenken Sie, dass ein Antrag auf Schulzeitverl\u00e4ngerung nur dann sinnvoll ist, wenn<\/p>\n\n\n\n<p>1. durch die Verl\u00e4ngerung der Vollzeitschulpflicht aufgrund der bisher gezeigten schulischen Leistungen und der individuellen Lern- und Pers\u00f6nlichkeitsentwicklung begr\u00fcndete Aussicht besteht, dass ein Abschluss erreicht werden kann. Wenn Ihr Kind also z.B. nach der Klasse 8 nicht versetzt w\u00fcrde, kann der Wechsel in die Berufliche Schule sinnvoller sein, weil Ihr Kind sonst zwei Schuljahre sp\u00e4ter zu Alt w\u00e4re f\u00fcr die Berufsschule.\u00a0<\/p>\n\n\n\n<p>2. Ihr Kind bisher nicht von Ordnungsma\u00dfnahmen betroffen war und nicht durch Verst\u00f6\u00dfe gegen die Schulordnung wie Disziplinproblemen, St\u00f6rungen des Unterrichts, Aggressionen gegen\u00fcber Mitsch\u00fclerinnen und Mitsch\u00fclern sowie Personal, Sachbesch\u00e4digung, verst\u00e4rkt unregelm\u00e4\u00dfiger Schulbesuch und \/ oder geh\u00e4uft auftretendem unentschuldigtem Fehlen aufgefallen ist. <\/p>\n\n\n\n<p>Soll Ihr Kind auch im n\u00e4chsten Schuljahr an unserer Schule verbleiben, so bitten wir Sie, den Antrag auszuf\u00fcllen und mit Ihrer Unterschrift zu versehen und bei der Klassenleitung abzugeben. Sie erhalten von uns eine schriftliche Nachricht zu Ihrem Antrag. Die Klassenkonferenz der Lehrkr\u00e4fte muss dem Antrag zustimmen. Wir beraten Sie. Wenn der Antrag nicht angenommen wird, muss Ihr Kind sich bei B\u00dcA anmelden oder einen Ausbildungsvertrag vorlegen. Die Anmeldung kann auch freiwillig schon jetzt durchgef\u00fchrt werden, sp\u00e4testens vor den Sommerferien.<\/p>\n\n\n\n<p><\/p>\n\n\n\n<p>Antrag: <\/p>\n\n\n\n<p><a href=\"https:\/\/gesamtschule-immenhausen.de\/wp-content\/uploads\/Antrag-Schulpflichtverlaengerung-2026.pdf\">Antrag Schulpflichtverla\u0308ngerung 2026<\/a><\/p>\n","protected":false},"excerpt":{"rendered":"<p>Wenn Ihr Kind mit Ende des Schuljahres eine neunj\u00e4hrige Vollzeitschulpflicht erf\u00fcllt hat, muss er die Schule verlassen, wenn Sie keinen Antrag auf Verl\u00e4ngerung der Vollzeitschulpflicht stellen. Das bedeutet: Wenn Ihr Kind in der Klasse P8 ist, aber schon einmal eine Klasse wiederholt hat, endet die Schulpflicht. Ihr Kind muss dann eine Ausbildung beginnen oder an [&hellip;]<\/p>\n","protected":false},"author":3,"featured_media":34619,"comment_status":"closed","ping_status":"closed","sticky":false,"template":"","format":"standard","meta":{"saved_in_kubio":false,"footnotes":""},"categories":[1],"tags":[],"class_list":["post-36167","post","type-post","status-publish","format-standard","has-post-thumbnail","hentry","category-allgemein"],"_links":{"self":[{"href":"https:\/\/gesamtschule-immenhausen.de\/index.php?rest_route=\/wp\/v2\/posts\/36167","targetHints":{"allow":["GET"]}}],"collection":[{"href":"https:\/\/gesamtschule-immenhausen.de\/index.php?rest_route=\/wp\/v2\/posts"}],"about":[{"href":"https:\/\/gesamtschule-immenhausen.de\/index.php?rest_route=\/wp\/v2\/types\/post"}],"author":[{"embeddable":true,"href":"https:\/\/gesamtschule-immenhausen.de\/index.php?rest_route=\/wp\/v2\/users\/3"}],"replies":[{"embeddable":true,"href":"https:\/\/gesamtschule-immenhausen.de\/index.php?rest_route=%2Fwp%2Fv2%2Fcomments&post=36167"}],"version-history":[{"count":1,"href":"https:\/\/gesamtschule-immenhausen.de\/index.php?rest_route=\/wp\/v2\/posts\/36167\/revisions"}],"predecessor-version":[{"id":36171,"href":"https:\/\/gesamtschule-immenhausen.de\/index.php?rest_route=\/wp\/v2\/posts\/36167\/revisions\/36171"}],"wp:featuredmedia":[{"embeddable":true,"href":"https:\/\/gesamtschule-immenhausen.de\/index.php?rest_route=\/wp\/v2\/media\/34619"}],"wp:attachment":[{"href":"https:\/\/gesamtschule-immenhausen.de\/index.php?rest_route=%2Fwp%2Fv2%2Fmedia&parent=36167"}],"wp:term":[{"taxonomy":"category","embeddable":true,"href":"https:\/\/gesamtschule-immenhausen.de\/index.php?rest_route=%2Fwp%2Fv2%2Fcategories&post=36167"},{"taxonomy":"post_tag","embeddable":true,"href":"https:\/\/gesamtschule-immenhausen.de\/index.php?rest_route=%2Fwp%2Fv2%2Ftags&post=36167"}],"curies":[{"name":"wp","href":"https:\/\/api.w.org\/{rel}","templated":true}]}}