{"id":36165,"date":"2026-01-22T12:13:30","date_gmt":"2026-01-22T11:13:30","guid":{"rendered":"https:\/\/gesamtschule-immenhausen.de\/?p=36165"},"modified":"2026-01-23T10:25:23","modified_gmt":"2026-01-23T09:25:23","slug":"g7b-besucht-tafel-hofgeismar","status":"publish","type":"post","link":"https:\/\/gesamtschule-immenhausen.de\/?p=36165","title":{"rendered":"G7b besucht &#8222;Tafel Hofgeismar&#8220;"},"content":{"rendered":"\n<p>Am 14. Januar traf sich die Klasse G7b am Morgen an der Schule und lief gemeinsam zum Bahnhof. Von dort fuhren wir mit der Tram nach Hofgeismar und gingen anschlie\u00dfend zusammen zur Hofgeismar Tafel. Die Tafel hilft Menschen, die wenig Geld haben oder sich in einer schwierigen Lebenslage befinden. Dazu geh\u00f6ren zum Beispiel \u00e4ltere Menschen, Alleinerziehende oder Gefl\u00fcchtete. Die Lebensmittel werden an festgelegten Tagen ausgegeben, und Besucher d\u00fcrfen zu diesen Zeiten kommen. Einige Kunden nutzen die Zeit auch, um mit anderen Menschen ins Gespr\u00e4ch zu kommen und sich auszutauschen.<\/p>\n\n\n\n<p>In der Tafel angekommen, wurden wir von einer Mitarbeiterin namens Frau Landgrebe empfangen. Sie zeigte uns die R\u00e4ume und erkl\u00e4rte, wie die Tafel funktioniert. Begleitet wurden wir bei dem Ausflug von Frau Jilg, Frau Schenk und Frau Franzke. Wir erfuhren, wie Lebensmittel gespendet, sortiert und an die Menschen verteilt werden. Au\u00dferdem beantwortete Frau Landgrebe Fragen, die wir zuvor im Unterricht vorbereitet hatten. Dabei ging es zum Beispiel darum, welche Gesch\u00e4fte die meisten Lebensmittel spenden und welche Altersgruppen die Tafel am meisten besuchen. Frau Landgrebe erkl\u00e4rte uns au\u00dferdem, dass es nicht nur darum geht, Lebensmittel an Bed\u00fcrftige zu verteilen, sondern auch darum, dass Lebensmittel, die noch gut sind, nicht weggeworfen werden. Wenn etwas nicht an Bed\u00fcrftige verteilt werden kann, bekommen es Tiere zu fressen.<\/p>\n\n\n\n<p>Zum Schluss machten wir ein Foto und verabschiedeten uns. Bevor wir mit der Tram zur\u00fcck zur Schule fuhren, machten wir noch einen kleinen Abstecher in die Stadt. Dieser Tag zeigte uns, wie wichtig es ist, dass es Organisationen wie die Tafel gibt. Ohne sie w\u00fcrde es vielen Menschen noch schlechter gehen.<\/p>\n\n\n\n<p><em>Tamina Langefeld (G7b)<\/em> <\/p>\n\n\n\n\n\n<p><a href=\"https:\/\/gesamtschule-immenhausen.de\/wp-content\/uploads\/Bild-22.01.26-um-12.01.jpeg\"><img loading=\"lazy\" decoding=\"async\" class=\"aligncenter size-large wp-image-36181\" src=\"https:\/\/gesamtschule-immenhausen.de\/wp-content\/uploads\/Bild-22.01.26-um-12.01-768x1024.jpeg\" alt=\"\" width=\"768\" height=\"1024\" srcset=\"https:\/\/gesamtschule-immenhausen.de\/wp-content\/uploads\/Bild-22.01.26-um-12.01-768x1024.jpeg 768w, https:\/\/gesamtschule-immenhausen.de\/wp-content\/uploads\/Bild-22.01.26-um-12.01-113x150.jpeg 113w, https:\/\/gesamtschule-immenhausen.de\/wp-content\/uploads\/Bild-22.01.26-um-12.01-1152x1536.jpeg 1152w, https:\/\/gesamtschule-immenhausen.de\/wp-content\/uploads\/Bild-22.01.26-um-12.01-810x1080.jpeg 810w, https:\/\/gesamtschule-immenhausen.de\/wp-content\/uploads\/Bild-22.01.26-um-12.01.jpeg 1536w\" sizes=\"(max-width: 768px) 100vw, 768px\" \/><\/a> <a href=\"https:\/\/gesamtschule-immenhausen.de\/wp-content\/uploads\/Bild-22.01.26-um-12.01-1.jpeg\"><img loading=\"lazy\" decoding=\"async\" class=\"aligncenter size-large wp-image-36182\" src=\"https:\/\/gesamtschule-immenhausen.de\/wp-content\/uploads\/Bild-22.01.26-um-12.01-1-768x1024.jpeg\" alt=\"\" width=\"768\" height=\"1024\" srcset=\"https:\/\/gesamtschule-immenhausen.de\/wp-content\/uploads\/Bild-22.01.26-um-12.01-1-768x1024.jpeg 768w, https:\/\/gesamtschule-immenhausen.de\/wp-content\/uploads\/Bild-22.01.26-um-12.01-1-113x150.jpeg 113w, https:\/\/gesamtschule-immenhausen.de\/wp-content\/uploads\/Bild-22.01.26-um-12.01-1-1152x1536.jpeg 1152w, https:\/\/gesamtschule-immenhausen.de\/wp-content\/uploads\/Bild-22.01.26-um-12.01-1-810x1080.jpeg 810w, https:\/\/gesamtschule-immenhausen.de\/wp-content\/uploads\/Bild-22.01.26-um-12.01-1.jpeg 1536w\" sizes=\"(max-width: 768px) 100vw, 768px\" \/><\/a><\/p>\n<p><a href=\"https:\/\/gesamtschule-immenhausen.de\/wp-content\/uploads\/Flyer-2026.png\"><img loading=\"lazy\" decoding=\"async\" class=\"aligncenter size-large wp-image-36170\" src=\"https:\/\/gesamtschule-immenhausen.de\/wp-content\/uploads\/Flyer-2026-724x1024.png\" alt=\"\" width=\"724\" height=\"1024\" srcset=\"https:\/\/gesamtschule-immenhausen.de\/wp-content\/uploads\/Flyer-2026-724x1024.png 724w, https:\/\/gesamtschule-immenhausen.de\/wp-content\/uploads\/Flyer-2026-106x150.png 106w, https:\/\/gesamtschule-immenhausen.de\/wp-content\/uploads\/Flyer-2026-768x1086.png 768w, https:\/\/gesamtschule-immenhausen.de\/wp-content\/uploads\/Flyer-2026-1087x1536.png 1087w, https:\/\/gesamtschule-immenhausen.de\/wp-content\/uploads\/Flyer-2026-764x1080.png 764w, https:\/\/gesamtschule-immenhausen.de\/wp-content\/uploads\/Flyer-2026.png 1415w\" sizes=\"(max-width: 724px) 100vw, 724px\" \/><\/a><\/p>\n","protected":false},"excerpt":{"rendered":"<p>Am 14. Januar traf sich die Klasse G7b am Morgen an der Schule und lief gemeinsam zum Bahnhof. Von dort fuhren wir mit der Tram nach Hofgeismar und gingen anschlie\u00dfend zusammen zur Hofgeismar Tafel. Die Tafel hilft Menschen, die wenig Geld haben oder sich in einer schwierigen Lebenslage befinden. Dazu geh\u00f6ren zum Beispiel \u00e4ltere Menschen, [&hellip;]<\/p>\n","protected":false},"author":3,"featured_media":36180,"comment_status":"closed","ping_status":"closed","sticky":false,"template":"","format":"standard","meta":{"saved_in_kubio":false,"footnotes":""},"categories":[1],"tags":[],"class_list":["post-36165","post","type-post","status-publish","format-standard","has-post-thumbnail","hentry","category-allgemein"],"_links":{"self":[{"href":"https:\/\/gesamtschule-immenhausen.de\/index.php?rest_route=\/wp\/v2\/posts\/36165","targetHints":{"allow":["GET"]}}],"collection":[{"href":"https:\/\/gesamtschule-immenhausen.de\/index.php?rest_route=\/wp\/v2\/posts"}],"about":[{"href":"https:\/\/gesamtschule-immenhausen.de\/index.php?rest_route=\/wp\/v2\/types\/post"}],"author":[{"embeddable":true,"href":"https:\/\/gesamtschule-immenhausen.de\/index.php?rest_route=\/wp\/v2\/users\/3"}],"replies":[{"embeddable":true,"href":"https:\/\/gesamtschule-immenhausen.de\/index.php?rest_route=%2Fwp%2Fv2%2Fcomments&post=36165"}],"version-history":[{"count":3,"href":"https:\/\/gesamtschule-immenhausen.de\/index.php?rest_route=\/wp\/v2\/posts\/36165\/revisions"}],"predecessor-version":[{"id":36184,"href":"https:\/\/gesamtschule-immenhausen.de\/index.php?rest_route=\/wp\/v2\/posts\/36165\/revisions\/36184"}],"wp:featuredmedia":[{"embeddable":true,"href":"https:\/\/gesamtschule-immenhausen.de\/index.php?rest_route=\/wp\/v2\/media\/36180"}],"wp:attachment":[{"href":"https:\/\/gesamtschule-immenhausen.de\/index.php?rest_route=%2Fwp%2Fv2%2Fmedia&parent=36165"}],"wp:term":[{"taxonomy":"category","embeddable":true,"href":"https:\/\/gesamtschule-immenhausen.de\/index.php?rest_route=%2Fwp%2Fv2%2Fcategories&post=36165"},{"taxonomy":"post_tag","embeddable":true,"href":"https:\/\/gesamtschule-immenhausen.de\/index.php?rest_route=%2Fwp%2Fv2%2Ftags&post=36165"}],"curies":[{"name":"wp","href":"https:\/\/api.w.org\/{rel}","templated":true}]}}