{"id":36163,"date":"2026-01-21T15:03:29","date_gmt":"2026-01-21T14:03:29","guid":{"rendered":"https:\/\/gesamtschule-immenhausen.de\/?p=36163"},"modified":"2026-01-20T15:05:05","modified_gmt":"2026-01-20T14:05:05","slug":"neue-buchungsmoeglichkeiten-und-freie-plaetze-bei-jugend-und-freizeiteinrichtungen-des-landkreises-kassel","status":"publish","type":"post","link":"https:\/\/gesamtschule-immenhausen.de\/?p=36163","title":{"rendered":"Neue Buchungsm\u00f6glichkeiten und freie Pl\u00e4tze bei Jugend- und Freizeiteinrichtungen des Landkreises Kassel"},"content":{"rendered":"\n<p>Wer dem Alltag f\u00fcr ein paar Tage entfliehen m\u00f6chte, findet bei den Jugend\u2010 und Freizeiteinrichtungen des Landkreises Kassel vielf\u00e4ltige M\u00f6glichkeiten. Die Aufenthalte im Jugendseeheim Sylt, Haus Panorama in Sch\u00f6nau, die Jugendburg und Sportbildungsst\u00e4tte Sensenstein sowie das Wasserschloss k\u00f6nnen demn\u00e4chst online gebucht werden. Dar\u00fcber informieren die Jugend- und Freizeiteinrichtungen \u2013 Eigenbetrieb des Landkreises Kassel. Das Buchungsportal geht am 27. Januar 2026 online.<br>Neben den bisherigen Anfragem\u00f6glichkeiten, wie telefonische Buchung \u00fcber die Buchungsstelle in Kassel sowie die Nutzung des Anfrageformulars, ist es ab sofort m\u00f6glich, gezielt eine Buchungsanfrage \u00fcber das Buchungsportal entsprechend der jeweiligen G\u00e4steh\u00e4user und Kategorien zu stellen. Auf der Website sind alle M\u00f6glichkeiten der Buchungswege kurz und \u00fcbersichtlich dargestellt. Nach Pr\u00fcfung der eingegangenen Buchungsanfrage erfolgt die Freigabe der Buchung durch die Buchungsstelle.<br>&#8222;Die Einf\u00fchrung der Online-Buchbarkeit war nicht ganz einfach, da alle H\u00e4user einen festgelegten Freizeitenplan haben und es f\u00fcr alle Reisekategorien von den Individualreisenden \u00fcber Gruppen, bis hin zu Klassenfahrten oder Seminaren, individuelle Buchungsvorl\u00e4ufe gibt. G\u00e4ste aus dem Landkreis Kassel k\u00f6nnen bevorzugt auf die freien Kontingente zugreifen, externe G\u00e4ste k\u00f6nnen sich erst zu einem sp\u00e4teren Zeitpunkt einbuchen und zahlen einen h\u00f6heren Preis. Neu ist, dass Landkreis-G\u00e4ste bei individuellen Reisen ab sofort ein Jahr im Voraus buchen k\u00f6nnen. F\u00fcr die Jugend- und Freizeiteinrichtungen ist das ein gro\u00dfer Schritt&#8220;, so Uwe Pietsch, Betriebsleiter. &#8222;Wir entsprechen damit dem ge\u00e4nderten Buchungsverhalten und optimieren in diesem Zuge unsere Verwaltungsabl\u00e4ufe. Angebote, Termine und alle relevanten Informationen (G\u00e4steinformationen, Preise, Buchungsbedingungen) werden auf der Website ausgespielt. Auf dem Buchungsportal werden dann alle buchbaren Termine zur Buchungsanfrage angezeigt. Los geht es mit der Online-Buchungsm\u00f6glichkeit f\u00fcr Seminare f\u00fcr das zweite Halbjahr 2026&#8220;, so Bianka Zydek, stellvertretende Betriebsleiterin und Leitung der G\u00e4steh\u00e4user. Druckfrisch dazu gibt es das neue Veranstaltungsprogramm &#8222;Auszeiten&#8220; f\u00fcr das 2. Halbjahr 2026, das an allen bekannten Auslagestandorten in den n\u00e4chsten Tagen ausliegen wird. Das Programm ist auch online auf der Website abrufbar.<br>Zur Info: Durch die Umstellung des Buchungssystems bleibt die Buchungsstelle vom 22. Januar bis einschlie\u00dflich 26. Januar 2026 geschlossen. Alle weiteren Informationen wie \u00d6ffnungszeiten der Buchungsstelle (Telefon) und Angebote zu den G\u00e4steh\u00e4usern unter\u00a0<a href=\"http:\/\/www.jufkk.de\/\">www.jufkk.de<\/a><br>Freie Seminar- und Freizeitpl\u00e4tze im Jugendseeheim Sylt und im Haus Panorama sichern<br>Ob sanfte Nordseebrise auf Syltoder Bergpanorama in: F\u00fcr spontane Reisefreudige stehen aktuell noch attraktive Pl\u00e4tze an mehreren Standorten zur Verf\u00fcgung.<br>Jugendseeheim Sylt:<br>Seminare &#8222;Leichtigkeit und Weite in Tanz und Atem&#8220; (07. Februar. &#8211; 14. Februar 2026, v.a. Zimmer mit Waschgelegenheit), &#8222;Seele singt und schwingt&#8220; (21. Februar &#8211; 28. Februar 2026, Zimmer mit DU\/WC), &#8222;Wellen-Meer-Yoga&#8220; (21. Februar &#8211; 28. Februar 2026, v.a. Zimmer mit Waschgelegenheit), &#8222;Stricken auf Sylt&#8220; (28. Februar &#8211; 07. M\u00e4rz 2026, v.a. Zimmer mit Waschgelegenheit). F\u00fcr die Osterferien vom 29. M\u00e4rz &#8211; 04. April 2026 (erste Osterferienwoche) sind noch einige Zimmer mit DU\/WC und Zimmer mit Waschgelegenheit verf\u00fcgbar (Apartments sind ausgebucht).<br>Haus Panorama in Sch\u00f6nau:<br>Wen es mehr in die Berge zieht, f\u00fcr den gibt es noch freie Freizeitentermine f\u00fcr Individualreisende vom 24. Februar \u2013 03. M\u00e4rz 2026 sowie 04. M\u00e4rz \u2013 19. M\u00e4rz 2026.<br>Telefonische Buchung unter Tel. 0561 \/ 99 79 79 \u2013 90 bzw.\u00a0<a href=\"http:\/\/www.jufkk.de\/\">www.jufkk.de<\/a>. (Quelle Landkreis Kassel)<\/p>\n","protected":false},"excerpt":{"rendered":"<p>Wer dem Alltag f\u00fcr ein paar Tage entfliehen m\u00f6chte, findet bei den Jugend\u2010 und Freizeiteinrichtungen des Landkreises Kassel vielf\u00e4ltige M\u00f6glichkeiten. Die Aufenthalte im Jugendseeheim Sylt, Haus Panorama in Sch\u00f6nau, die Jugendburg und Sportbildungsst\u00e4tte Sensenstein sowie das Wasserschloss k\u00f6nnen demn\u00e4chst online gebucht werden. Dar\u00fcber informieren die Jugend- und Freizeiteinrichtungen \u2013 Eigenbetrieb des Landkreises Kassel. Das Buchungsportal [&hellip;]<\/p>\n","protected":false},"author":3,"featured_media":36085,"comment_status":"closed","ping_status":"closed","sticky":false,"template":"","format":"standard","meta":{"saved_in_kubio":false,"footnotes":""},"categories":[1],"tags":[],"class_list":["post-36163","post","type-post","status-publish","format-standard","has-post-thumbnail","hentry","category-allgemein"],"_links":{"self":[{"href":"https:\/\/gesamtschule-immenhausen.de\/index.php?rest_route=\/wp\/v2\/posts\/36163","targetHints":{"allow":["GET"]}}],"collection":[{"href":"https:\/\/gesamtschule-immenhausen.de\/index.php?rest_route=\/wp\/v2\/posts"}],"about":[{"href":"https:\/\/gesamtschule-immenhausen.de\/index.php?rest_route=\/wp\/v2\/types\/post"}],"author":[{"embeddable":true,"href":"https:\/\/gesamtschule-immenhausen.de\/index.php?rest_route=\/wp\/v2\/users\/3"}],"replies":[{"embeddable":true,"href":"https:\/\/gesamtschule-immenhausen.de\/index.php?rest_route=%2Fwp%2Fv2%2Fcomments&post=36163"}],"version-history":[{"count":1,"href":"https:\/\/gesamtschule-immenhausen.de\/index.php?rest_route=\/wp\/v2\/posts\/36163\/revisions"}],"predecessor-version":[{"id":36164,"href":"https:\/\/gesamtschule-immenhausen.de\/index.php?rest_route=\/wp\/v2\/posts\/36163\/revisions\/36164"}],"wp:featuredmedia":[{"embeddable":true,"href":"https:\/\/gesamtschule-immenhausen.de\/index.php?rest_route=\/wp\/v2\/media\/36085"}],"wp:attachment":[{"href":"https:\/\/gesamtschule-immenhausen.de\/index.php?rest_route=%2Fwp%2Fv2%2Fmedia&parent=36163"}],"wp:term":[{"taxonomy":"category","embeddable":true,"href":"https:\/\/gesamtschule-immenhausen.de\/index.php?rest_route=%2Fwp%2Fv2%2Fcategories&post=36163"},{"taxonomy":"post_tag","embeddable":true,"href":"https:\/\/gesamtschule-immenhausen.de\/index.php?rest_route=%2Fwp%2Fv2%2Ftags&post=36163"}],"curies":[{"name":"wp","href":"https:\/\/api.w.org\/{rel}","templated":true}]}}