{"id":36141,"date":"2026-01-22T10:38:00","date_gmt":"2026-01-22T09:38:00","guid":{"rendered":"https:\/\/gesamtschule-immenhausen.de\/?p=36141"},"modified":"2026-01-22T09:58:31","modified_gmt":"2026-01-22T08:58:31","slug":"abschlussklassen-informieren-sich-ueber-folgen-von-verkehrsunfaellen","status":"publish","type":"post","link":"https:\/\/gesamtschule-immenhausen.de\/?p=36141","title":{"rendered":"Abschlussklassen informieren sich \u00fcber Folgen von Verkehrsunf\u00e4llen"},"content":{"rendered":"\n<p>Unsere Abgangsklassen haben an einem Pr\u00e4ventionstag in Grebenstein teilgenommen. Der \u201eCrashKurs Hessen\u201c ist ein neues Pr\u00e4ventionsprogramm der Polizei Hessen, mit dem Ziel, die Zahl schwerer Verkehrsunf\u00e4lle mit jungen Menschen in unserem Land nachhaltig zu verringern.<\/p>\n<p>Junge Menschen sind die am st\u00e4rksten gef\u00e4hrdete Verkehrsteilnehmergruppe. Bei jedem f\u00fcnften Verkehrsunfall ist der junge Fahrer bzw. die junge Fahrerin unter 25 Jahre alt. In Hessen werden durchschnittlich 200 Menschen j\u00e4hrlich bei einem Verkehrsunfall get\u00f6tet. Daran m\u00f6chte die Polizei Hessen etwas \u00e4ndern. Die Idee dahinter, die jungen noch unerfahrenen Verkehrsteilnehmerinnen und Verkehrsteilnehmer zu informieren und gerade auch hinsichtlich der Unfallrisiken durch Alkohol, Drogen, Ablenkung und Geschwindigkeit zu sensibilisieren. (Fotos: <a href=\"_wp_link_placeholder\" data-wplink-edit=\"true\">https:\/\/gsgrebenstein.de\/uncategorized\/impressionen-vom-praeventionsprogramm-crashkurs-an-der-hgs\/<\/a>)<\/p>\n\n\n\n<p><a href=\"https:\/\/gesamtschule-immenhausen.de\/wp-content\/uploads\/20251217_123237-1024x576-1.jpg\"><img loading=\"lazy\" decoding=\"async\" class=\"aligncenter size-full wp-image-36142\" src=\"https:\/\/gesamtschule-immenhausen.de\/wp-content\/uploads\/20251217_123237-1024x576-1.jpg\" alt=\"\" width=\"1024\" height=\"576\" srcset=\"https:\/\/gesamtschule-immenhausen.de\/wp-content\/uploads\/20251217_123237-1024x576-1.jpg 1024w, https:\/\/gesamtschule-immenhausen.de\/wp-content\/uploads\/20251217_123237-1024x576-1-150x84.jpg 150w, https:\/\/gesamtschule-immenhausen.de\/wp-content\/uploads\/20251217_123237-1024x576-1-768x432.jpg 768w\" sizes=\"(max-width: 1024px) 100vw, 1024px\" \/><\/a> <a href=\"https:\/\/gesamtschule-immenhausen.de\/wp-content\/uploads\/20251217_123223-1024x576-1.jpg\"><img loading=\"lazy\" decoding=\"async\" class=\"aligncenter size-large wp-image-36143\" src=\"https:\/\/gesamtschule-immenhausen.de\/wp-content\/uploads\/20251217_123223-1024x576-1.jpg\" alt=\"\" width=\"1024\" height=\"576\" srcset=\"https:\/\/gesamtschule-immenhausen.de\/wp-content\/uploads\/20251217_123223-1024x576-1.jpg 1024w, https:\/\/gesamtschule-immenhausen.de\/wp-content\/uploads\/20251217_123223-1024x576-1-150x84.jpg 150w, https:\/\/gesamtschule-immenhausen.de\/wp-content\/uploads\/20251217_123223-1024x576-1-768x432.jpg 768w\" sizes=\"(max-width: 1024px) 100vw, 1024px\" \/><\/a> <a href=\"https:\/\/gesamtschule-immenhausen.de\/wp-content\/uploads\/20251217_123209-1024x576-1.jpg\"><img loading=\"lazy\" decoding=\"async\" class=\"aligncenter size-large wp-image-36144\" src=\"https:\/\/gesamtschule-immenhausen.de\/wp-content\/uploads\/20251217_123209-1024x576-1.jpg\" alt=\"\" width=\"1024\" height=\"576\" srcset=\"https:\/\/gesamtschule-immenhausen.de\/wp-content\/uploads\/20251217_123209-1024x576-1.jpg 1024w, https:\/\/gesamtschule-immenhausen.de\/wp-content\/uploads\/20251217_123209-1024x576-1-150x84.jpg 150w, https:\/\/gesamtschule-immenhausen.de\/wp-content\/uploads\/20251217_123209-1024x576-1-768x432.jpg 768w\" sizes=\"(max-width: 1024px) 100vw, 1024px\" \/><\/a> <a href=\"https:\/\/gesamtschule-immenhausen.de\/wp-content\/uploads\/IMG-20251217-WA0000.jpg\"><img loading=\"lazy\" decoding=\"async\" class=\"aligncenter size-large wp-image-36145\" src=\"https:\/\/gesamtschule-immenhausen.de\/wp-content\/uploads\/IMG-20251217-WA0000-1024x838.jpg\" alt=\"\" width=\"1024\" height=\"838\" srcset=\"https:\/\/gesamtschule-immenhausen.de\/wp-content\/uploads\/IMG-20251217-WA0000-1024x838.jpg 1024w, https:\/\/gesamtschule-immenhausen.de\/wp-content\/uploads\/IMG-20251217-WA0000-150x123.jpg 150w, https:\/\/gesamtschule-immenhausen.de\/wp-content\/uploads\/IMG-20251217-WA0000-768x628.jpg 768w, https:\/\/gesamtschule-immenhausen.de\/wp-content\/uploads\/IMG-20251217-WA0000-1536x1256.jpg 1536w, https:\/\/gesamtschule-immenhausen.de\/wp-content\/uploads\/IMG-20251217-WA0000-1321x1080.jpg 1321w, https:\/\/gesamtschule-immenhausen.de\/wp-content\/uploads\/IMG-20251217-WA0000.jpg 2048w\" sizes=\"(max-width: 1024px) 100vw, 1024px\" \/><\/a> <a href=\"https:\/\/gesamtschule-immenhausen.de\/wp-content\/uploads\/IMG-20251217-WA0018-1024x768-1.jpg\"><img loading=\"lazy\" decoding=\"async\" class=\"aligncenter size-large wp-image-36146\" src=\"https:\/\/gesamtschule-immenhausen.de\/wp-content\/uploads\/IMG-20251217-WA0018-1024x768-1.jpg\" alt=\"\" width=\"1024\" height=\"768\" srcset=\"https:\/\/gesamtschule-immenhausen.de\/wp-content\/uploads\/IMG-20251217-WA0018-1024x768-1.jpg 1024w, https:\/\/gesamtschule-immenhausen.de\/wp-content\/uploads\/IMG-20251217-WA0018-1024x768-1-150x113.jpg 150w, https:\/\/gesamtschule-immenhausen.de\/wp-content\/uploads\/IMG-20251217-WA0018-1024x768-1-768x576.jpg 768w\" sizes=\"(max-width: 1024px) 100vw, 1024px\" \/><\/a> <a href=\"https:\/\/gesamtschule-immenhausen.de\/wp-content\/uploads\/IMG-20251217-WA0004-770x1024-1.jpg\"><img loading=\"lazy\" decoding=\"async\" class=\"aligncenter size-large wp-image-36147\" src=\"https:\/\/gesamtschule-immenhausen.de\/wp-content\/uploads\/IMG-20251217-WA0004-770x1024-1.jpg\" alt=\"\" width=\"770\" height=\"1024\" srcset=\"https:\/\/gesamtschule-immenhausen.de\/wp-content\/uploads\/IMG-20251217-WA0004-770x1024-1.jpg 770w, https:\/\/gesamtschule-immenhausen.de\/wp-content\/uploads\/IMG-20251217-WA0004-770x1024-1-113x150.jpg 113w, https:\/\/gesamtschule-immenhausen.de\/wp-content\/uploads\/IMG-20251217-WA0004-770x1024-1-768x1021.jpg 768w\" sizes=\"(max-width: 770px) 100vw, 770px\" \/><\/a> <a href=\"https:\/\/gesamtschule-immenhausen.de\/wp-content\/uploads\/IMG-20251217-WA0017-1024x768-1.jpg\"><img loading=\"lazy\" decoding=\"async\" class=\"aligncenter size-large wp-image-36148\" src=\"https:\/\/gesamtschule-immenhausen.de\/wp-content\/uploads\/IMG-20251217-WA0017-1024x768-1.jpg\" alt=\"\" width=\"1024\" height=\"768\" srcset=\"https:\/\/gesamtschule-immenhausen.de\/wp-content\/uploads\/IMG-20251217-WA0017-1024x768-1.jpg 1024w, https:\/\/gesamtschule-immenhausen.de\/wp-content\/uploads\/IMG-20251217-WA0017-1024x768-1-150x113.jpg 150w, https:\/\/gesamtschule-immenhausen.de\/wp-content\/uploads\/IMG-20251217-WA0017-1024x768-1-768x576.jpg 768w\" sizes=\"(max-width: 1024px) 100vw, 1024px\" \/><\/a> <a href=\"https:\/\/gesamtschule-immenhausen.de\/wp-content\/uploads\/IMG-20251217-WA0027-1024x768-1.jpg\"><img loading=\"lazy\" decoding=\"async\" class=\"aligncenter size-large wp-image-36149\" src=\"https:\/\/gesamtschule-immenhausen.de\/wp-content\/uploads\/IMG-20251217-WA0027-1024x768-1.jpg\" alt=\"\" width=\"1024\" height=\"768\" srcset=\"https:\/\/gesamtschule-immenhausen.de\/wp-content\/uploads\/IMG-20251217-WA0027-1024x768-1.jpg 1024w, https:\/\/gesamtschule-immenhausen.de\/wp-content\/uploads\/IMG-20251217-WA0027-1024x768-1-150x113.jpg 150w, https:\/\/gesamtschule-immenhausen.de\/wp-content\/uploads\/IMG-20251217-WA0027-1024x768-1-768x576.jpg 768w\" sizes=\"(max-width: 1024px) 100vw, 1024px\" \/><\/a> <a href=\"https:\/\/gesamtschule-immenhausen.de\/wp-content\/uploads\/IMG-20251217-WA0024-1024x768-1.jpg\"><img loading=\"lazy\" decoding=\"async\" class=\"aligncenter size-large wp-image-36150\" src=\"https:\/\/gesamtschule-immenhausen.de\/wp-content\/uploads\/IMG-20251217-WA0024-1024x768-1.jpg\" alt=\"\" width=\"1024\" height=\"768\" srcset=\"https:\/\/gesamtschule-immenhausen.de\/wp-content\/uploads\/IMG-20251217-WA0024-1024x768-1.jpg 1024w, https:\/\/gesamtschule-immenhausen.de\/wp-content\/uploads\/IMG-20251217-WA0024-1024x768-1-150x113.jpg 150w, https:\/\/gesamtschule-immenhausen.de\/wp-content\/uploads\/IMG-20251217-WA0024-1024x768-1-768x576.jpg 768w\" sizes=\"(max-width: 1024px) 100vw, 1024px\" \/><\/a><\/p>\n","protected":false},"excerpt":{"rendered":"<p>Unsere Abgangsklassen haben an einem Pr\u00e4ventionstag in Grebenstein teilgenommen. Der \u201eCrashKurs Hessen\u201c ist ein neues Pr\u00e4ventionsprogramm der Polizei Hessen, mit dem Ziel, die Zahl schwerer Verkehrsunf\u00e4lle mit jungen Menschen in unserem Land nachhaltig zu verringern. Junge Menschen sind die am st\u00e4rksten gef\u00e4hrdete Verkehrsteilnehmergruppe. Bei jedem f\u00fcnften Verkehrsunfall ist der junge Fahrer bzw. die junge Fahrerin [&hellip;]<\/p>\n","protected":false},"author":3,"featured_media":36144,"comment_status":"closed","ping_status":"closed","sticky":false,"template":"","format":"standard","meta":{"saved_in_kubio":false,"footnotes":""},"categories":[1],"tags":[],"class_list":["post-36141","post","type-post","status-publish","format-standard","has-post-thumbnail","hentry","category-allgemein"],"_links":{"self":[{"href":"https:\/\/gesamtschule-immenhausen.de\/index.php?rest_route=\/wp\/v2\/posts\/36141","targetHints":{"allow":["GET"]}}],"collection":[{"href":"https:\/\/gesamtschule-immenhausen.de\/index.php?rest_route=\/wp\/v2\/posts"}],"about":[{"href":"https:\/\/gesamtschule-immenhausen.de\/index.php?rest_route=\/wp\/v2\/types\/post"}],"author":[{"embeddable":true,"href":"https:\/\/gesamtschule-immenhausen.de\/index.php?rest_route=\/wp\/v2\/users\/3"}],"replies":[{"embeddable":true,"href":"https:\/\/gesamtschule-immenhausen.de\/index.php?rest_route=%2Fwp%2Fv2%2Fcomments&post=36141"}],"version-history":[{"count":1,"href":"https:\/\/gesamtschule-immenhausen.de\/index.php?rest_route=\/wp\/v2\/posts\/36141\/revisions"}],"predecessor-version":[{"id":36151,"href":"https:\/\/gesamtschule-immenhausen.de\/index.php?rest_route=\/wp\/v2\/posts\/36141\/revisions\/36151"}],"wp:featuredmedia":[{"embeddable":true,"href":"https:\/\/gesamtschule-immenhausen.de\/index.php?rest_route=\/wp\/v2\/media\/36144"}],"wp:attachment":[{"href":"https:\/\/gesamtschule-immenhausen.de\/index.php?rest_route=%2Fwp%2Fv2%2Fmedia&parent=36141"}],"wp:term":[{"taxonomy":"category","embeddable":true,"href":"https:\/\/gesamtschule-immenhausen.de\/index.php?rest_route=%2Fwp%2Fv2%2Fcategories&post=36141"},{"taxonomy":"post_tag","embeddable":true,"href":"https:\/\/gesamtschule-immenhausen.de\/index.php?rest_route=%2Fwp%2Fv2%2Ftags&post=36141"}],"curies":[{"name":"wp","href":"https:\/\/api.w.org\/{rel}","templated":true}]}}