{"id":36133,"date":"2026-01-15T14:48:51","date_gmt":"2026-01-15T13:48:51","guid":{"rendered":"https:\/\/gesamtschule-immenhausen.de\/?p=36133"},"modified":"2026-01-15T14:49:46","modified_gmt":"2026-01-15T13:49:46","slug":"bauarbeiten-an-lilli-jahn-schule-in-immenhausen-rohbau-wird-im-fruehjahr-2026-fertiggestellt","status":"publish","type":"post","link":"https:\/\/gesamtschule-immenhausen.de\/?p=36133","title":{"rendered":"Bauarbeiten an Lilli-Jahn-Schule Immenhausen: Rohbau im Fr\u00fchjahr fertig"},"content":{"rendered":"\n<div>\n<div>Der Erweiterung der Lilli-Jahn-Schule in Immenhausen macht deutliche Fortschritte und nimmt sichtbar Gestalt an.<br \/>Schon von der Stra\u00dfe aus ist der zuk\u00fcnftige Bauk\u00f6rper mit seiner charakteristischen schr\u00e4g verlaufenden Fassade, hinter der sich sp\u00e4ter die Aula befinden wird, gut zu erkennen. &#8222;Mit dem Anbau schaffen wir gute Voraussetzungen in einem modernen Lernumfeld f\u00fcr die rund 300 Kinder aus Immenhausen, Holzhausen und Mariendorf&#8220;, sagt Schuldezernentin Silke Engler.\u00a0<br \/>Die Rohbauarbeiten laufen bereits seit Juni 2025. Das Bauvorhaben stellte zu Beginn besondere Anforderungen an die Baugrundarbeiten. &#8222;Aufgrund schwieriger Bodenverh\u00e4ltnisse in der N\u00e4he des Kampteichs war eine aufwendige Baugrundverbesserung durch R\u00fcttelstopfs\u00e4ulen notwendig&#8220;, erkl\u00e4rt Nicole Baake, Fachdienstleiterin beim Immobilienmanagement des Landkreises Kassel. &#8222;Dank des engagierten Einsatzes des ausf\u00fchrenden Rohbauunternehmens BIG-Glowienka und der engen Zusammenarbeit mit dem Architekturb\u00fcro BSH-Architekten aus Kassel konnte der Zeitplan f\u00fcr die Rohbauarbeiten dennoch eingehalten werden.&#8220; Nach Fertigstellung des Rohbaus beginnen im Fr\u00fchjahr die Dachabdichtungsarbeiten.\u00a0<br \/>Der Erweiterungsbau, der insgesamt zw\u00f6lf neue Klassenr\u00e4ume, Differenzierungsr\u00e4ume, Sanit\u00e4ranlagen, Technikr\u00e4ume sowie eine Aula umfasst, ist essenziell f\u00fcr die Lilli-Jahn-Schule. Er soll den Sch\u00fclerinnen und Sch\u00fclern aus allen drei Stadtteilen, aktuell zum Teil in Containern unterrichtet werden, ein zeitgem\u00e4\u00dfes Lernen und eine gute Nachmittagsbetreuung erm\u00f6glichen. Zum Mittagessen gehen diue Grundschulkinder in die Schulkantine der benachbarten Freiherr-vom-Stein-Schule. &#8222;Durch diese Synergien k\u00f6nnen wir auf den Bau einer zus\u00e4tzlichen Mensa mit Ausgabek\u00fcche verzichten und Kosten sparen&#8220;, erkl\u00e4rt Silke Engler.<br \/>F\u00fcr die Au\u00dfengestaltung wurde eine innovative L\u00f6sung entwickelt: Da ein Teil des Schulhofs durch den Neubau entf\u00e4llt, kragt der Bauk\u00f6rper aus. So entsteht eine \u00fcberdachte Fl\u00e4che, die k\u00fcnftig bei jedem Wetter mit Tischtennisplatten und einer Kletterwand zum Spielen einl\u00e4dt.<br \/>\u00a0Die Baukosten belaufen sich auf voraussichtlich 8,5 Millionen Euro. Die Fertigstellung ist f\u00fcr Sommer 2027 geplant. Sobald der Erweiterungsbau bezugsfertig ist, wird das alte Schulgeb\u00e4ude in Teilbereichen saniert. Quelle Landkreis Kassel\u00a0<\/div>\n<div><a href=\"https:\/\/gesamtschule-immenhausen.de\/wp-content\/uploads\/312880P-scaled.jpg\"><img loading=\"lazy\" decoding=\"async\" class=\"aligncenter size-large wp-image-36134\" src=\"https:\/\/gesamtschule-immenhausen.de\/wp-content\/uploads\/312880P-768x1024.jpg\" alt=\"\" width=\"768\" height=\"1024\" srcset=\"https:\/\/gesamtschule-immenhausen.de\/wp-content\/uploads\/312880P-768x1024.jpg 768w, https:\/\/gesamtschule-immenhausen.de\/wp-content\/uploads\/312880P-113x150.jpg 113w, https:\/\/gesamtschule-immenhausen.de\/wp-content\/uploads\/312880P-1152x1536.jpg 1152w, https:\/\/gesamtschule-immenhausen.de\/wp-content\/uploads\/312880P-1536x2048.jpg 1536w, https:\/\/gesamtschule-immenhausen.de\/wp-content\/uploads\/312880P-810x1080.jpg 810w, https:\/\/gesamtschule-immenhausen.de\/wp-content\/uploads\/312880P-scaled.jpg 1920w\" sizes=\"(max-width: 768px) 100vw, 768px\" \/><\/a><\/div>\n<div>\u00a0<\/div>\n<\/div>\n","protected":false},"excerpt":{"rendered":"<p>Der Erweiterung der Lilli-Jahn-Schule in Immenhausen macht deutliche Fortschritte und nimmt sichtbar Gestalt an.Schon von der Stra\u00dfe aus ist der zuk\u00fcnftige Bauk\u00f6rper mit seiner charakteristischen schr\u00e4g verlaufenden Fassade, hinter der sich sp\u00e4ter die Aula befinden wird, gut zu erkennen. &#8222;Mit dem Anbau schaffen wir gute Voraussetzungen in einem modernen Lernumfeld f\u00fcr die rund 300 Kinder [&hellip;]<\/p>\n","protected":false},"author":3,"featured_media":36135,"comment_status":"closed","ping_status":"closed","sticky":false,"template":"","format":"standard","meta":{"saved_in_kubio":false,"footnotes":""},"categories":[1],"tags":[],"class_list":["post-36133","post","type-post","status-publish","format-standard","has-post-thumbnail","hentry","category-allgemein"],"_links":{"self":[{"href":"https:\/\/gesamtschule-immenhausen.de\/index.php?rest_route=\/wp\/v2\/posts\/36133","targetHints":{"allow":["GET"]}}],"collection":[{"href":"https:\/\/gesamtschule-immenhausen.de\/index.php?rest_route=\/wp\/v2\/posts"}],"about":[{"href":"https:\/\/gesamtschule-immenhausen.de\/index.php?rest_route=\/wp\/v2\/types\/post"}],"author":[{"embeddable":true,"href":"https:\/\/gesamtschule-immenhausen.de\/index.php?rest_route=\/wp\/v2\/users\/3"}],"replies":[{"embeddable":true,"href":"https:\/\/gesamtschule-immenhausen.de\/index.php?rest_route=%2Fwp%2Fv2%2Fcomments&post=36133"}],"version-history":[{"count":2,"href":"https:\/\/gesamtschule-immenhausen.de\/index.php?rest_route=\/wp\/v2\/posts\/36133\/revisions"}],"predecessor-version":[{"id":36137,"href":"https:\/\/gesamtschule-immenhausen.de\/index.php?rest_route=\/wp\/v2\/posts\/36133\/revisions\/36137"}],"wp:featuredmedia":[{"embeddable":true,"href":"https:\/\/gesamtschule-immenhausen.de\/index.php?rest_route=\/wp\/v2\/media\/36135"}],"wp:attachment":[{"href":"https:\/\/gesamtschule-immenhausen.de\/index.php?rest_route=%2Fwp%2Fv2%2Fmedia&parent=36133"}],"wp:term":[{"taxonomy":"category","embeddable":true,"href":"https:\/\/gesamtschule-immenhausen.de\/index.php?rest_route=%2Fwp%2Fv2%2Fcategories&post=36133"},{"taxonomy":"post_tag","embeddable":true,"href":"https:\/\/gesamtschule-immenhausen.de\/index.php?rest_route=%2Fwp%2Fv2%2Ftags&post=36133"}],"curies":[{"name":"wp","href":"https:\/\/api.w.org\/{rel}","templated":true}]}}