{"id":35893,"date":"2025-10-08T11:01:30","date_gmt":"2025-10-08T09:01:30","guid":{"rendered":"https:\/\/gesamtschule-immenhausen.de\/?p=35893"},"modified":"2025-10-08T11:01:30","modified_gmt":"2025-10-08T09:01:30","slug":"neuwahlen-vorstand-sucht-interessierte-eltern-fuer-die-vorstandsarbeit","status":"publish","type":"post","link":"https:\/\/gesamtschule-immenhausen.de\/?p=35893","title":{"rendered":"Neuwahlen: Vorstand sucht interessierte Eltern f\u00fcr die Vorstandsarbeit"},"content":{"rendered":"\n<p>Der F\u00f6rderverein ist unverzichtbar f\u00fcr unsere Schule. Er betreibt die Mensa, sorgt gemeinsam mit Doris Arnold im Sekretariat f\u00fcr die Abrechnung der Ganztagsangebote und bietet immer wieder eigene Veranstaltungen an (Weihnachtsmarkt, Weihnachtsbaummarkt&#8230;). Von den Einnahmen und Beitr\u00e4gen (15 Euro im Jahr) bezuschussen wir die Ausstattung und Veranstaltungen der Schule.\u00a0<\/p>\n<p style=\"font-weight: 400;\"><span style=\"font-size: revert;\">Bei der n\u00e4chsten Jahreshauptversammlung stehen Neuwahlen an. Wir w\u00fcrden uns sehr freuen, wenn Eltern &#8211; gerne auch Ehemalige &#8211; sich in die Vorstandsarbeit einbringen w\u00fcrden. Bei Fragen und Interesse wenden Sie sich gerne an den Vorsitzenden, Stefan Luttmann: <\/span><a href=\"mailto:luttmann@foerderverein-immenhausen.de\">luttmann@foerderverein-immenhausen.de<\/a> oder die Kassiererin Alex Rittner: <a href=\"mailto:rittner@foerderverein-immenhausen.de\">rittner@foerderverein-immenhausen.de<\/a>\u00a0<\/p>\n<p style=\"font-weight: 400;\">Die Jahreshauptversammlung findet am\u00a0<strong>Dienstag, den 04. November 2025 um 18:00 bis ca. 19:00 Uhr <\/strong>in der Mensa der Freiherr-vom-Stein-Schule statt. Hier geht es zur Einladung: <a href=\"https:\/\/gesamtschule-immenhausen.de\/wp-content\/uploads\/Einladung-Jahreshauptversammlung-2025.pdf\">Einladung Jahreshauptversammlung 2025<\/a><\/p>\n<p style=\"font-weight: 400;\">\u00a0<\/p>\n<p style=\"font-weight: 400;\">\u00a0<\/p>\n\n\n","protected":false},"excerpt":{"rendered":"<p>Der F\u00f6rderverein ist unverzichtbar f\u00fcr unsere Schule. Er betreibt die Mensa, sorgt gemeinsam mit Doris Arnold im Sekretariat f\u00fcr die Abrechnung der Ganztagsangebote und bietet immer wieder eigene Veranstaltungen an (Weihnachtsmarkt, Weihnachtsbaummarkt&#8230;). Von den Einnahmen und Beitr\u00e4gen (15 Euro im Jahr) bezuschussen wir die Ausstattung und Veranstaltungen der Schule.\u00a0 Bei der n\u00e4chsten Jahreshauptversammlung stehen Neuwahlen [&hellip;]<\/p>\n","protected":false},"author":3,"featured_media":34690,"comment_status":"closed","ping_status":"closed","sticky":false,"template":"","format":"standard","meta":{"saved_in_kubio":false,"footnotes":""},"categories":[1],"tags":[],"class_list":["post-35893","post","type-post","status-publish","format-standard","has-post-thumbnail","hentry","category-allgemein"],"_links":{"self":[{"href":"https:\/\/gesamtschule-immenhausen.de\/index.php?rest_route=\/wp\/v2\/posts\/35893","targetHints":{"allow":["GET"]}}],"collection":[{"href":"https:\/\/gesamtschule-immenhausen.de\/index.php?rest_route=\/wp\/v2\/posts"}],"about":[{"href":"https:\/\/gesamtschule-immenhausen.de\/index.php?rest_route=\/wp\/v2\/types\/post"}],"author":[{"embeddable":true,"href":"https:\/\/gesamtschule-immenhausen.de\/index.php?rest_route=\/wp\/v2\/users\/3"}],"replies":[{"embeddable":true,"href":"https:\/\/gesamtschule-immenhausen.de\/index.php?rest_route=%2Fwp%2Fv2%2Fcomments&post=35893"}],"version-history":[{"count":1,"href":"https:\/\/gesamtschule-immenhausen.de\/index.php?rest_route=\/wp\/v2\/posts\/35893\/revisions"}],"predecessor-version":[{"id":35895,"href":"https:\/\/gesamtschule-immenhausen.de\/index.php?rest_route=\/wp\/v2\/posts\/35893\/revisions\/35895"}],"wp:featuredmedia":[{"embeddable":true,"href":"https:\/\/gesamtschule-immenhausen.de\/index.php?rest_route=\/wp\/v2\/media\/34690"}],"wp:attachment":[{"href":"https:\/\/gesamtschule-immenhausen.de\/index.php?rest_route=%2Fwp%2Fv2%2Fmedia&parent=35893"}],"wp:term":[{"taxonomy":"category","embeddable":true,"href":"https:\/\/gesamtschule-immenhausen.de\/index.php?rest_route=%2Fwp%2Fv2%2Fcategories&post=35893"},{"taxonomy":"post_tag","embeddable":true,"href":"https:\/\/gesamtschule-immenhausen.de\/index.php?rest_route=%2Fwp%2Fv2%2Ftags&post=35893"}],"curies":[{"name":"wp","href":"https:\/\/api.w.org\/{rel}","templated":true}]}}