{"id":35876,"date":"2025-10-01T12:44:27","date_gmt":"2025-10-01T10:44:27","guid":{"rendered":"https:\/\/gesamtschule-immenhausen.de\/?p=35876"},"modified":"2025-11-18T09:38:20","modified_gmt":"2025-11-18T08:38:20","slug":"tag-der-information-fuer-grundschuleltern-und-ihre-kinder","status":"publish","type":"post","link":"https:\/\/gesamtschule-immenhausen.de\/?p=35876","title":{"rendered":"&#8222;Tag der Information&#8220; f\u00fcr Grundschuleltern und ihre Kinder (F\u00fchrungen buchbar, Programm online)"},"content":{"rendered":"\n<p>Am FREITAG, 14. November 2025, findet von 14.30 bis 17.30 der \u201eTag der Information\u201c der Freiherr-vom-Stein-Schule Immenhausen statt. Sch\u00fclerinnen und Sch\u00fcler, Lehrerinnen und Lehrer pr\u00e4sentieren Schulaktivit\u00e4ten und Projekte in ihren Klassenr\u00e4umen, stellen Aktivit\u00e4ten aus den Nachmittagsangeboten vor und f\u00fchren die Fachr\u00e4ume vor. Bitte beachten Sie, dass f\u00fcr Mitmachaktionen in der Sporthalle Sportschule notwendig sind.<\/p>\n<h2><strong>Schulf\u00fchrungen am Tag der Information<\/strong><\/h2>\n<p style=\"font-weight: 400;\">Damit Sie und Ihr Kind unsere Schule aus erster Hand kennenlernen k\u00f6nnen, bieten wir zwei parallel stattfindende Schulf\u00fchrungen an \u2013 eine, die auf die Bed\u00fcrfnisse von Eltern ausgerichtet ist, und eine spannende Entdeckertour f\u00fcr Kinder. <strong>Wichtig:<\/strong> Da die Teilnehmerzahlen begrenzt sind, ist eine <strong>Online-Anmeldung ausdr\u00fccklich erw\u00fcnscht<\/strong>. Restpl\u00e4tze k\u00f6nnen per QR-Code bei Verf\u00fcgbarkeit vor Ort gebucht werden.<\/p>\n<p><strong>Tag der Information 2025 <\/strong>www.gesamtschule-immenhausen.de Hier als PDF: <a href=\"https:\/\/gesamtschule-immenhausen.de\/wp-content\/uploads\/Tag-der-Information-2025-Programm.pdf\">Tag der Information 2025 Programm<\/a><\/p>\n<table width=\"699\">\n<tbody>\n<tr>\n<td width=\"98\">\n<p>Raum<\/p>\n<\/td>\n<td width=\"213\">\n<p>Fach \/ AG \/ Projekt<\/p>\n<\/td>\n<td width=\"246\">\n<p>\u00a0<\/p>\n<\/td>\n<td width=\"142\">\n<p>Lehrkraft \/ Klasse<\/p>\n<\/td>\n<\/tr>\n<tr>\n<td width=\"98\">\n<p>A 11<\/p>\n<\/td>\n<td width=\"213\">\n<p>Fach Englisch: English-Corner<\/p>\n<\/td>\n<td width=\"246\">\n<p>Mitmachangebot<\/p>\n<\/td>\n<td width=\"142\">\n<p>Jilg, Friedrich<\/p>\n<\/td>\n<\/tr>\n<tr>\n<td width=\"98\">\n<p>A 12<\/p>\n<\/td>\n<td width=\"213\">\n<p>Fach Religion<\/p>\n<\/td>\n<td width=\"246\">\n<p>Lernspiele<\/p>\n<\/td>\n<td width=\"142\">\n<p>D\u00fcxmann<\/p>\n<\/td>\n<\/tr>\n<tr>\n<td width=\"98\">\n<p>A 13<\/p>\n<\/td>\n<td width=\"213\">\n<p>Sprach- und F\u00f6rderkonzept<\/p>\n<p>\u201eDeutsch als Zweitsprache\u201c<\/p>\n<\/td>\n<td width=\"246\">\n<p>Informationen und Mitmachangebote<\/p>\n<p>(bis 15.30 Uhr)<\/p>\n<\/td>\n<td width=\"142\">\n<p>Brechtken<\/p>\n<\/td>\n<\/tr>\n<tr>\n<td width=\"98\">\n<p>A 16<\/p>\n<\/td>\n<td width=\"213\">\n<p>Fach Deutsch<\/p>\n<\/td>\n<td width=\"246\">\n<p>Mitmachangebote<\/p>\n<\/td>\n<td width=\"142\">\n<p>Wahedi<\/p>\n<\/td>\n<\/tr>\n<tr>\n<td width=\"98\">\n<p>A 16<\/p>\n<\/td>\n<td width=\"213\">\n<p>SchuleNeuDenken: Sch\u00fclercoaching<\/p>\n<\/td>\n<td width=\"246\">\n<p>Information<\/p>\n<\/td>\n<td width=\"142\">\n<p>Dettmar<\/p>\n<\/td>\n<\/tr>\n<tr>\n<td width=\"98\">\n<p>A 22<\/p>\n<\/td>\n<td width=\"213\">\n<p>Fach Mathematik<\/p>\n<\/td>\n<td width=\"246\">\n<p>Lernspiele<\/p>\n<\/td>\n<td width=\"142\">\n<p>Dr. Haas, Reitz, H.Noll<\/p>\n<\/td>\n<\/tr>\n<tr>\n<td width=\"98\">\n<p>A 24<\/p>\n<\/td>\n<td width=\"213\">\n<p>Fach Digitale Welt<\/p>\n<\/td>\n<td width=\"246\">\n<p>\u00a0<\/p>\n<\/td>\n<td width=\"142\">\n<p>Kre\u00df, Kreutzer, Kublik<\/p>\n<\/td>\n<\/tr>\n<tr>\n<td width=\"98\">\n<p>A 26<\/p>\n<\/td>\n<td width=\"213\">\n<p>SchuleNeuDenken: Technikinfo<\/p>\n<\/td>\n<td width=\"246\">\n<p>Info Arbeit mit IPad + zur Beschaffung<\/p>\n<\/td>\n<td width=\"142\">\n<p>K\u00f6nig<\/p>\n<\/td>\n<\/tr>\n<tr>\n<td width=\"98\">\n<p>B 1.13 Bioraum<\/p>\n<\/td>\n<td width=\"213\">\n<p>Fach Biologie<\/p>\n<\/td>\n<td width=\"246\">\n<p>Vorf\u00fchrung + Pr\u00e4sentation<\/p>\n<\/td>\n<td width=\"142\">\n<p>Hottkowitz, Dr.Soika<\/p>\n<\/td>\n<\/tr>\n<tr>\n<td width=\"98\">\n<p>B 1.14 H\u00f6rsaal<\/p>\n<\/td>\n<td width=\"213\">\n<p>SchuleNeuDenken: Schulfilm<\/p>\n<\/td>\n<td width=\"246\">\n<p>Fortlaufendes Angebot<\/p>\n<\/td>\n<td width=\"142\">\n<p>\u00a0<\/p>\n<\/td>\n<\/tr>\n<tr>\n<td width=\"98\">\n<p>B 1.15 Bioraum<\/p>\n<\/td>\n<td width=\"213\">\n<p>AG Naturwissenschaften (NaWi-Club)<\/p>\n<\/td>\n<td width=\"246\">\n<p>\u00a0<\/p>\n<\/td>\n<td width=\"142\">\n<p>Fey, Eichler<\/p>\n<\/td>\n<\/tr>\n<tr>\n<td width=\"98\">\n<p>B 1.16 Chemieraum<\/p>\n<\/td>\n<td width=\"213\">\n<p>Fach Chemie<\/p>\n<\/td>\n<td width=\"246\">\n<p>Mitmachaktion<\/p>\n<\/td>\n<td width=\"142\">\n<p>Roether<\/p>\n<\/td>\n<\/tr>\n<tr>\n<td width=\"98\">\n<p>B 1.17 Chemieraum<\/p>\n<\/td>\n<td width=\"213\">\n<p>Fach Chemie<\/p>\n<\/td>\n<td width=\"246\">\n<p>Vorf\u00fchrungen<\/p>\n<\/td>\n<td width=\"142\">\n<p>Lindberg<\/p>\n<\/td>\n<\/tr>\n<tr>\n<td width=\"98\">\n<p>B 1.19<\/p>\n<\/td>\n<td width=\"213\">\n<p>Hausaufgabenhilfe<\/p>\n<\/td>\n<td width=\"246\">\n<p>Lernspiele<\/p>\n<\/td>\n<td width=\"142\">\n<p>Engel<\/p>\n<\/td>\n<\/tr>\n<tr>\n<td width=\"98\">\n<p>B 1.20 Spieliothek<\/p>\n<\/td>\n<td width=\"213\">\n<p>Kuchenbuffet<\/p>\n<\/td>\n<td width=\"246\">\n<p>\u00a0<\/p>\n<\/td>\n<td width=\"142\">\n<p>B\u00fcrmann + Klasse M9b<\/p>\n<\/td>\n<\/tr>\n<tr>\n<td width=\"98\">\n<p>B 1.11 Physikraum<\/p>\n<\/td>\n<td width=\"213\">\n<p>AG Theater \/ Fach Physik<\/p>\n<\/td>\n<td width=\"246\">\n<p>Mitmachaktion \u201eSchattentheater\u201c<\/p>\n<\/td>\n<td width=\"142\">\n<p>Peiker, Schenk<\/p>\n<\/td>\n<\/tr>\n<tr>\n<td width=\"98\">\n<p>B 1.12 Physikraum<\/p>\n<\/td>\n<td width=\"213\">\n<p>Fach Physik<\/p>\n<\/td>\n<td width=\"246\">\n<p>Experimente<\/p>\n<\/td>\n<td width=\"142\">\n<p>Peiker, Rosenkranz<\/p>\n<\/td>\n<\/tr>\n<tr>\n<td width=\"98\">\n<p>B\u00fccherei<\/p>\n<\/td>\n<td width=\"213\">\n<p>Stadt- und Schulb\u00fccherei<\/p>\n<\/td>\n<td width=\"246\">\n<p>B\u00fccherbasar<\/p>\n<\/td>\n<td width=\"142\">\n<p>Guse<\/p>\n<\/td>\n<\/tr>\n<tr>\n<td width=\"98\">\n<p>B\u00fccherei Treffpunkt<\/p>\n<\/td>\n<td width=\"213\">\n<p>Schulf\u00fchrung Eltern<\/p>\n<p>14:45 Uhr, 15:15 Uhr, 15:45 Uhr, 16.15 Uhr, 16.45 Uhr. Anmeldung Webseite \/ QR.<\/p>\n<\/td>\n<td width=\"246\">\n<p>\u00a0<\/p>\n<\/td>\n<td width=\"142\">\n<p>Fehling, Dettmar, El Asmi, Freimann, Hueck, Langefeld, D\u00f6ring. Pauli<\/p>\n<\/td>\n<\/tr>\n<tr>\n<td width=\"98\">\n<p>B\u00fccherei Treffpunkt<\/p>\n<\/td>\n<td width=\"213\">\n<p>Schulf\u00fchrung Kinder<\/p>\n<p>14:45 Uhr, 15:15 Uhr, 15:45 Uhr, 16:15 Uhr, 16:45 Uhr. Anmeldung Webseite \/ QR.<\/p>\n<\/td>\n<td width=\"246\">\n<p>\u00a0<\/p>\n<\/td>\n<td width=\"142\">\n<p>Langefeld + Klasse G 6a<\/p>\n<\/td>\n<\/tr>\n<tr>\n<td width=\"98\">\n<p>Eingang Sekretariat\u00a0<\/p>\n<\/td>\n<td width=\"213\">\n<p>AG Teich &amp; Garten<\/p>\n<p>(14.45, 16.45)<\/p>\n<\/td>\n<td width=\"246\">\n<p>Schulteichf\u00fchrung mit Fischf\u00fctterung<\/p>\n<\/td>\n<td width=\"142\">\n<p>Leitschuh<\/p>\n<\/td>\n<\/tr>\n<tr>\n<td width=\"98\">\n<p>C 11<\/p>\n<\/td>\n<td width=\"213\">\n<p>AG Schneesport<\/p>\n<\/td>\n<td width=\"246\">\n<p>Mitmachspiele, Infovideo<\/p>\n<\/td>\n<td width=\"142\">\n<p>Mazrekaj, M\u00fcller, Fey<\/p>\n<\/td>\n<\/tr>\n<tr>\n<td width=\"98\">\n<p>C 11 Skiraum<\/p>\n<\/td>\n<td width=\"213\">\n<p>AG Schneesport<\/p>\n<\/td>\n<td width=\"246\">\n<p>Skiservice<\/p>\n<\/td>\n<td width=\"142\">\n<p>Mazrekaj, M\u00fcller, Fey<\/p>\n<\/td>\n<\/tr>\n<tr>\n<td width=\"98\">\n<p>C 13<\/p>\n<\/td>\n<td width=\"213\">\n<p>Fach Spanisch<\/p>\n<\/td>\n<td width=\"246\">\n<p>Schnupperangebot<\/p>\n<\/td>\n<td width=\"142\">\n<p>Kather<\/p>\n<\/td>\n<\/tr>\n<tr>\n<td width=\"98\">\n<p>C 13<\/p>\n<\/td>\n<td width=\"213\">\n<p>Fach Latein<\/p>\n<\/td>\n<td width=\"246\">\n<p>Schnupperangebot<\/p>\n<\/td>\n<td width=\"142\">\n<p>Mai<\/p>\n<\/td>\n<\/tr>\n<tr>\n<td width=\"98\">\n<p>C 13<\/p>\n<\/td>\n<td width=\"213\">\n<p>Fach Franz\u00f6sisch<\/p>\n<\/td>\n<td width=\"246\">\n<p>Schnupperangebot, Austausch, DELF<\/p>\n<\/td>\n<td width=\"142\">\n<p>Buck-Noll, Kreutzer<\/p>\n<\/td>\n<\/tr>\n<tr>\n<td width=\"98\">\n<p>C 14<\/p>\n<\/td>\n<td width=\"213\">\n<p>AG Spanisch<\/p>\n<\/td>\n<td width=\"246\">\n<p>Lernspiele<\/p>\n<\/td>\n<td width=\"142\">\n<p>Kuhaupt<\/p>\n<\/td>\n<\/tr>\n<tr>\n<td width=\"98\">\n<p>C 15<\/p>\n<\/td>\n<td width=\"213\">\n<p>Inklusion: Beratungs- und F\u00f6rderzentrum<\/p>\n<\/td>\n<td width=\"246\">\n<p>Information und Gespr\u00e4chsangebot<\/p>\n<\/td>\n<td width=\"142\">\n<p>Thiele, \u00a0Ungewickel<\/p>\n<\/td>\n<\/tr>\n<tr>\n<td width=\"98\">\n<p>C 15<\/p>\n<\/td>\n<td width=\"213\">\n<p>Schulsozialarbeit: Unterst\u00fctzungsangebote<\/p>\n<\/td>\n<td width=\"246\">\n<p>Information und Gespr\u00e4chsangebot<\/p>\n<\/td>\n<td width=\"142\">\n<p>Krug, Kl\u00f6mich<\/p>\n<\/td>\n<\/tr>\n<tr>\n<td width=\"98\">\n<p>C 16<\/p>\n<\/td>\n<td width=\"213\">\n<p>Projekt Upcycling<\/p>\n<\/td>\n<td width=\"246\">\n<p>Mitmachaktion<\/p>\n<\/td>\n<td width=\"142\">\n<p>Schmidt<\/p>\n<\/td>\n<\/tr>\n<tr>\n<td width=\"98\">\n<p>D 11 Werkraum<\/p>\n<\/td>\n<td width=\"213\">\n<p>AG Malen<\/p>\n<\/td>\n<td width=\"246\">\n<p>Mitmachangebote<\/p>\n<\/td>\n<td width=\"142\">\n<p>Kraus, \u00a0Schimpft<\/p>\n<\/td>\n<\/tr>\n<tr>\n<td width=\"98\">\n<p>D 12 Kunstraum<\/p>\n<\/td>\n<td width=\"213\">\n<p>Fach Kunst<\/p>\n<\/td>\n<td width=\"246\">\n<p>Malerei wird durch KI lebendig<\/p>\n<\/td>\n<td width=\"142\">\n<p>Baker, Wagner<\/p>\n<\/td>\n<\/tr>\n<tr>\n<td width=\"98\">\n<p>D 13<\/p>\n<\/td>\n<td width=\"213\">\n<p>AG N\u00e4hen<\/p>\n<\/td>\n<td width=\"246\">\n<p>Vorf\u00fchrung<\/p>\n<\/td>\n<td width=\"142\">\n<p>Hopf<\/p>\n<\/td>\n<\/tr>\n<tr>\n<td width=\"98\">\n<p>D 21 \/ 22 Aula<\/p>\n<\/td>\n<td width=\"213\">\n<p>Schulvorstellung durch die Schulleitung: 15.30 \u2013 16.15<\/p>\n<\/td>\n<td width=\"246\">\n<p>Vortrag &amp; Fragerunde<\/p>\n<\/td>\n<td width=\"142\">\n<p>Dr. Hoffmann-Deist, M\u00fcller, Leitschuh, Metze, Krug<\/p>\n<\/td>\n<\/tr>\n<tr>\n<td width=\"98\">\n<p>E 12<\/p>\n<\/td>\n<td width=\"213\">\n<p>Soziale Projekte<\/p>\n<\/td>\n<td width=\"246\">\n<p>Kooperative Spiele<\/p>\n<\/td>\n<td width=\"142\">\n<p>Gibhardt, Fernandez<\/p>\n<\/td>\n<\/tr>\n<tr>\n<td width=\"98\">\n<p>E 13<\/p>\n<p>K\u00fcche<\/p>\n<\/td>\n<td width=\"213\">\n<p>Mittelstufenschulzweig<\/p>\n<\/td>\n<td width=\"246\">\n<p>Pr\u00e4sentation<\/p>\n<p>Gespr\u00e4chsrunde: 16.30 Uhr<\/p>\n<\/td>\n<td width=\"142\">\n<p>M\u00fcller, Leitschuh<\/p>\n<\/td>\n<\/tr>\n<tr>\n<td width=\"98\">\n<p>E 13<\/p>\n<p>K\u00fcche<\/p>\n<\/td>\n<td width=\"213\">\n<p>Waffelverkauf (Ausgabe am Fenster)<\/p>\n<\/td>\n<td width=\"246\">\n<p>\u00a0<\/p>\n<\/td>\n<td width=\"142\">\n<p>Lindenblatt + Klasse G8a<\/p>\n<\/td>\n<\/tr>\n<tr>\n<td width=\"98\">\n<p>E 22 \/ 23<\/p>\n<\/td>\n<td width=\"213\">\n<p>Fach Musik<\/p>\n<\/td>\n<td width=\"246\">\n<p>Mitmachaktion<\/p>\n<\/td>\n<td width=\"142\">\n<p>Fron, Riedl<\/p>\n<\/td>\n<\/tr>\n<tr>\n<td width=\"98\">\n<p>Mensa<\/p>\n<\/td>\n<td width=\"213\">\n<p>Mensateam<\/p>\n<\/td>\n<td width=\"246\">\n<p>Verkauf Pizza<\/p>\n<\/td>\n<td width=\"142\">\n<p>Mensateam<\/p>\n<\/td>\n<\/tr>\n<tr>\n<td width=\"98\">\n<p>Mensa \/ Schulhof<\/p>\n<\/td>\n<td width=\"213\">\n<p>F\u00f6rderverein + Elternbeirat<\/p>\n<\/td>\n<td width=\"246\">\n<p>Info<\/p>\n<\/td>\n<td width=\"142\">\n<p>Luttmann, Rittner, Jordan, Leitschuh, Otto, Konrad u.a.<\/p>\n<\/td>\n<\/tr>\n<tr>\n<td width=\"98\">\n<p>Mensa \/ Schulhof<\/p>\n<\/td>\n<td width=\"213\">\n<p>F\u00f6rderverein + Elternbeirat<\/p>\n<\/td>\n<td width=\"246\">\n<p>Verkauf Hei\u00dfgtr\u00e4nke in Schultasse &amp; Schul-T-Shirts<\/p>\n<\/td>\n<td width=\"142\">\n<p>Luttmann, Rittner, Jordan, Leitschuh, Otto, Konrad u.a.<\/p>\n<\/td>\n<\/tr>\n<tr>\n<td width=\"98\">\n<p>Schulhof<\/p>\n<\/td>\n<td width=\"213\">\n<p>AG Schneesport<\/p>\n<\/td>\n<td width=\"246\">\n<p>Bratwurst &amp; Getr\u00e4nkestand<\/p>\n<\/td>\n<td width=\"142\">\n<p>Mazrekaj, M\u00fcller, Fey<\/p>\n<\/td>\n<\/tr>\n<tr>\n<td width=\"98\">\n<p>Schulhof<\/p>\n<\/td>\n<td width=\"213\">\n<p>AG Schulsanit\u00e4ter<\/p>\n<\/td>\n<td width=\"246\">\n<p>\u00a0<\/p>\n<\/td>\n<td width=\"142\">\n<p>Hopf<\/p>\n<\/td>\n<\/tr>\n<tr>\n<td width=\"98\">\n<p>Schulhof<\/p>\n<\/td>\n<td width=\"213\">\n<p>Begr\u00fc\u00dfung (14.30 Uhr)<\/p>\n<\/td>\n<td width=\"246\">\n<p>\u00a0<\/p>\n<\/td>\n<td width=\"142\">\n<p>Dr. Hoffmann-Deist<\/p>\n<\/td>\n<\/tr>\n<tr>\n<td width=\"98\">\n<p>Schulhof<\/p>\n<p>F 20a<\/p>\n<\/td>\n<td width=\"213\">\n<p>Sch\u00fclervertretung (SV)<\/p>\n<\/td>\n<td width=\"246\">\n<p>Pausenspiele<\/p>\n<\/td>\n<td width=\"142\">\n<p>Mai, Schulsprecherteam<\/p>\n<\/td>\n<\/tr>\n<tr>\n<td width=\"98\">\n<p>Sporthalle<\/p>\n<\/td>\n<td width=\"213\">\n<p>AG Klettern<\/p>\n<\/td>\n<td width=\"246\">\n<p>Mitmachaktion (Sportschuhe!)<\/p>\n<\/td>\n<td width=\"142\">\n<p>K\u00f6hling<\/p>\n<\/td>\n<\/tr>\n<tr>\n<td width=\"98\">\n<p>Sporthalle<\/p>\n<\/td>\n<td width=\"213\">\n<p>AG Handball<\/p>\n<\/td>\n<td width=\"246\">\n<p>Mitmachaktion (Sportschuhe!)<\/p>\n<\/td>\n<td width=\"142\">\n<p>Mayr<\/p>\n<\/td>\n<\/tr>\n<tr>\n<td width=\"98\">\n<p>Sporthalle<\/p>\n<\/td>\n<td width=\"213\">\n<p>AG Volleyball<\/p>\n<\/td>\n<td width=\"246\">\n<p>Mitmachaktion (Sportschuhe!)<\/p>\n<\/td>\n<td width=\"142\">\n<p>Bringe<\/p>\n<\/td>\n<\/tr>\n<tr>\n<td width=\"98\">\n<p>Sporthalle<\/p>\n<\/td>\n<td width=\"213\">\n<p>AG Fu\u00dfball<\/p>\n<\/td>\n<td width=\"246\">\n<p>Mitmachparcour (Sportschuhe!)<\/p>\n<\/td>\n<td width=\"142\">\n<p>Fehling<\/p>\n<\/td>\n<\/tr>\n<tr>\n<td width=\"98\">\n<p>Sporthalle (Keller)<\/p>\n<\/td>\n<td width=\"213\">\n<p>AG Bouldern<\/p>\n<\/td>\n<td width=\"246\">\n<p>Mitmachaktion (Sportschuhe!)<\/p>\n<\/td>\n<td width=\"142\">\n<p>Stefani\u00a0 \u00a0<\/p>\n<\/td>\n<\/tr>\n<tr>\n<td width=\"98\">\n<p>Sporthalle Grundschule<\/p>\n<\/td>\n<td width=\"213\">\n<p>AG Tennis (bis 16.20 Uhr)<\/p>\n<\/td>\n<td width=\"246\">\n<p>Mitmachangebote<\/p>\n<\/td>\n<td width=\"142\">\n<p>Kleinsimon<\/p>\n<\/td>\n<\/tr>\n<\/tbody>\n<\/table>\n<p>\u00a0<\/p>\n<blockquote>\n<p style=\"font-weight: 400;\"><strong>Elternf\u00fchrung <\/strong><\/p>\n<p style=\"font-weight: 400;\"><strong>Dauer:<\/strong> ca. 45 Minuten <strong>Treffpunkt:<\/strong> vor der B\u00fccherei<\/p>\n<p style=\"font-weight: 400;\">Entdecken Sie unsere Schule aus der <strong>Elternperspektive<\/strong>! Eine <strong>Lehrkraft<\/strong> f\u00fchrt Sie durch die Schulgeb\u00e4ude, sodass Sie Einblicke in unser <strong>Lern- und Raumkonzept<\/strong>, unsere <strong>modernen Fachr\u00e4ume<\/strong>sowie in die vielf\u00e4ltigen <strong>F\u00f6rder-, Unterst\u00fctzungs- und Ganztagsangebote erhalten<\/strong>. Au\u00dferdem haben Sie Gelegenheit, wichtige Ansprechpartnerinnen und Ansprechpartner kennenzulernen und Ihnen wichtige Fragen zu stellen. <strong>Hinweis zur Anmeldung:<\/strong> Bitte buchen Sie f\u00fcr jede teilnehmende Person (z. B. f\u00fcr beide Elternteile) ein <strong>eigenes Zeitfenster<\/strong> \u00fcber unseren Online-Terminplaner. Alle weiteren Hinweise finden Sie direkt im Anmeldetool. \u27a1\ufe0f [<strong>Hier klicken zur Anmeldung f\u00fcr die Elternf\u00fchrung<\/strong>]<br \/><a href=\"https:\/\/terminplaner6.dfn.de\/b\/3d686ba4eeab95ec79c2367e61dbb040-1446598\">https:\/\/terminplaner6.dfn.de\/b\/3d686ba4eeab95ec79c2367e61dbb040-1446598<\/a><\/p>\n<p>\u00a0<\/p>\n<p style=\"font-weight: 400;\"><strong>Entdeckertour f\u00fcr Grundschulkinder<\/strong><\/p>\n<p style=\"font-weight: 400;\"><strong>Dauer:<\/strong> ca. 60 Minuten <strong>Treffpunkt &amp; Abholung:<\/strong> vor der B\u00fccherei<\/p>\n<p style=\"font-weight: 400;\">W\u00e4hrend Sie an der Elternf\u00fchrung teilnehmen, geht Ihr Kind auf eine <strong>eigene Entdeckungsreise durch unsere Schule<\/strong>! Begleitet von <strong>Sch\u00fclerinnen und Sch\u00fclern aus Jahrgang 6<\/strong> lernen die Grundschulkinder verschiedene Unterrichtsf\u00e4cher kennen, besuchen spannende <strong>Mitmachangebote<\/strong> und haben <strong>ausgiebig Zeit zum Ausprobieren<\/strong>. Die Kinderf\u00fchrung endet <strong>kurz nach der Elternf\u00fchrung<\/strong>, sodass Sie Ihr Kind anschlie\u00dfend <strong>wieder an der B\u00fccherei in Empfang nehmen<\/strong> k\u00f6nnen. \u27a1\ufe0f [<strong>Hier klicken zur Anmeldung f\u00fcr die Kinderf\u00fchrung<\/strong>]<br \/><a href=\"https:\/\/terminplaner6.dfn.de\/b\/7fd964864c489edfcc8743a2c0e869a0-1446640\">https:\/\/terminplaner6.dfn.de\/b\/7fd964864c489edfcc8743a2c0e869a0-1446640<\/a><\/p>\n<\/blockquote>\n<p>Das konkrete Programm folgt an dieser Stelle.\u00a0<\/p>\n<p>\u00a0<\/p>\n<p><a href=\"https:\/\/gesamtschule-immenhausen.de\/wp-content\/uploads\/Freiherr-vom-stein-schule-immenhausen-1.png\"><img loading=\"lazy\" decoding=\"async\" class=\"aligncenter size-large wp-image-35981\" src=\"https:\/\/gesamtschule-immenhausen.de\/wp-content\/uploads\/Freiherr-vom-stein-schule-immenhausen-1-1024x1024.png\" alt=\"\" width=\"1024\" height=\"1024\" srcset=\"https:\/\/gesamtschule-immenhausen.de\/wp-content\/uploads\/Freiherr-vom-stein-schule-immenhausen-1-1024x1024.png 1024w, https:\/\/gesamtschule-immenhausen.de\/wp-content\/uploads\/Freiherr-vom-stein-schule-immenhausen-1-150x150.png 150w, https:\/\/gesamtschule-immenhausen.de\/wp-content\/uploads\/Freiherr-vom-stein-schule-immenhausen-1-768x768.png 768w, https:\/\/gesamtschule-immenhausen.de\/wp-content\/uploads\/Freiherr-vom-stein-schule-immenhausen-1-1536x1536.png 1536w, https:\/\/gesamtschule-immenhausen.de\/wp-content\/uploads\/Freiherr-vom-stein-schule-immenhausen-1-2048x2048.png 2048w, https:\/\/gesamtschule-immenhausen.de\/wp-content\/uploads\/Freiherr-vom-stein-schule-immenhausen-1-1080x1080.png 1080w\" sizes=\"(max-width: 1024px) 100vw, 1024px\" \/><\/a><\/p>\n<p>\u00a0<\/p>\n","protected":false},"excerpt":{"rendered":"<p>Am FREITAG, 14. November 2025, findet von 14.30 bis 17.30 der \u201eTag der Information\u201c der Freiherr-vom-Stein-Schule Immenhausen statt. Sch\u00fclerinnen und Sch\u00fcler, Lehrerinnen und Lehrer pr\u00e4sentieren Schulaktivit\u00e4ten und Projekte in ihren Klassenr\u00e4umen, stellen Aktivit\u00e4ten aus den Nachmittagsangeboten vor und f\u00fchren die Fachr\u00e4ume vor. Bitte beachten Sie, dass f\u00fcr Mitmachaktionen in der Sporthalle Sportschule notwendig sind. Schulf\u00fchrungen [&hellip;]<\/p>\n","protected":false},"author":3,"featured_media":35554,"comment_status":"closed","ping_status":"closed","sticky":false,"template":"","format":"standard","meta":{"saved_in_kubio":false,"footnotes":""},"categories":[1],"tags":[],"class_list":["post-35876","post","type-post","status-publish","format-standard","has-post-thumbnail","hentry","category-allgemein"],"_links":{"self":[{"href":"https:\/\/gesamtschule-immenhausen.de\/index.php?rest_route=\/wp\/v2\/posts\/35876","targetHints":{"allow":["GET"]}}],"collection":[{"href":"https:\/\/gesamtschule-immenhausen.de\/index.php?rest_route=\/wp\/v2\/posts"}],"about":[{"href":"https:\/\/gesamtschule-immenhausen.de\/index.php?rest_route=\/wp\/v2\/types\/post"}],"author":[{"embeddable":true,"href":"https:\/\/gesamtschule-immenhausen.de\/index.php?rest_route=\/wp\/v2\/users\/3"}],"replies":[{"embeddable":true,"href":"https:\/\/gesamtschule-immenhausen.de\/index.php?rest_route=%2Fwp%2Fv2%2Fcomments&post=35876"}],"version-history":[{"count":10,"href":"https:\/\/gesamtschule-immenhausen.de\/index.php?rest_route=\/wp\/v2\/posts\/35876\/revisions"}],"predecessor-version":[{"id":35982,"href":"https:\/\/gesamtschule-immenhausen.de\/index.php?rest_route=\/wp\/v2\/posts\/35876\/revisions\/35982"}],"wp:featuredmedia":[{"embeddable":true,"href":"https:\/\/gesamtschule-immenhausen.de\/index.php?rest_route=\/wp\/v2\/media\/35554"}],"wp:attachment":[{"href":"https:\/\/gesamtschule-immenhausen.de\/index.php?rest_route=%2Fwp%2Fv2%2Fmedia&parent=35876"}],"wp:term":[{"taxonomy":"category","embeddable":true,"href":"https:\/\/gesamtschule-immenhausen.de\/index.php?rest_route=%2Fwp%2Fv2%2Fcategories&post=35876"},{"taxonomy":"post_tag","embeddable":true,"href":"https:\/\/gesamtschule-immenhausen.de\/index.php?rest_route=%2Fwp%2Fv2%2Ftags&post=35876"}],"curies":[{"name":"wp","href":"https:\/\/api.w.org\/{rel}","templated":true}]}}