{"id":35873,"date":"2025-10-01T12:41:24","date_gmt":"2025-10-01T10:41:24","guid":{"rendered":"https:\/\/gesamtschule-immenhausen.de\/?p=35873"},"modified":"2025-11-05T10:05:55","modified_gmt":"2025-11-05T09:05:55","slug":"infoabend-fuer-grundschuleltern","status":"publish","type":"post","link":"https:\/\/gesamtschule-immenhausen.de\/?p=35873","title":{"rendered":"Infoabend f\u00fcr Grundschuleltern"},"content":{"rendered":"\n<p>Wegen gro\u00dfer Nachfrage bieten wir einen Termin in der Schule an, an dem die Schulleitung Grundschuleltern die Besonderheiten unserer Schule erkl\u00e4rt. Die Veranstaltung findet am 4.11.25 um 19 Uhr in der Aula &#8211; dort k\u00f6nnen Sie dann auch direkt das neue Raum- und Lernkonzept &#8222;SchuleNeuDenken&#8220; erleben. Eine \u00e4hnliche Pr\u00e4sentation gibt es auch am &#8222;Tag der Information&#8220; am 14.11.25 (14.30 bis 17.30 Uhr).\u00a0<\/p>\n<p><a href=\"https:\/\/gesamtschule-immenhausen.de\/wp-content\/uploads\/Wir-stellen-unsere-Schule-vor-3-scaled.png\"><img loading=\"lazy\" decoding=\"async\" class=\"aligncenter size-large wp-image-35725\" src=\"https:\/\/gesamtschule-immenhausen.de\/wp-content\/uploads\/Wir-stellen-unsere-Schule-vor-3-1024x1024.png\" alt=\"\" width=\"1024\" height=\"1024\" srcset=\"https:\/\/gesamtschule-immenhausen.de\/wp-content\/uploads\/Wir-stellen-unsere-Schule-vor-3-1024x1024.png 1024w, https:\/\/gesamtschule-immenhausen.de\/wp-content\/uploads\/Wir-stellen-unsere-Schule-vor-3-150x150.png 150w, https:\/\/gesamtschule-immenhausen.de\/wp-content\/uploads\/Wir-stellen-unsere-Schule-vor-3-768x768.png 768w, https:\/\/gesamtschule-immenhausen.de\/wp-content\/uploads\/Wir-stellen-unsere-Schule-vor-3-1536x1536.png 1536w, https:\/\/gesamtschule-immenhausen.de\/wp-content\/uploads\/Wir-stellen-unsere-Schule-vor-3-2048x2048.png 2048w, https:\/\/gesamtschule-immenhausen.de\/wp-content\/uploads\/Wir-stellen-unsere-Schule-vor-3-1080x1080.png 1080w\" sizes=\"(max-width: 1024px) 100vw, 1024px\" \/><\/a><\/p>\n<p>\u00a0<\/p>\n\n\n","protected":false},"excerpt":{"rendered":"<p>Wegen gro\u00dfer Nachfrage bieten wir einen Termin in der Schule an, an dem die Schulleitung Grundschuleltern die Besonderheiten unserer Schule erkl\u00e4rt. Die Veranstaltung findet am 4.11.25 um 19 Uhr in der Aula &#8211; dort k\u00f6nnen Sie dann auch direkt das neue Raum- und Lernkonzept &#8222;SchuleNeuDenken&#8220; erleben. Eine \u00e4hnliche Pr\u00e4sentation gibt es auch am &#8222;Tag der [&hellip;]<\/p>\n","protected":false},"author":3,"featured_media":35866,"comment_status":"closed","ping_status":"closed","sticky":false,"template":"","format":"standard","meta":{"saved_in_kubio":false,"footnotes":""},"categories":[1],"tags":[],"class_list":["post-35873","post","type-post","status-publish","format-standard","has-post-thumbnail","hentry","category-allgemein"],"_links":{"self":[{"href":"https:\/\/gesamtschule-immenhausen.de\/index.php?rest_route=\/wp\/v2\/posts\/35873","targetHints":{"allow":["GET"]}}],"collection":[{"href":"https:\/\/gesamtschule-immenhausen.de\/index.php?rest_route=\/wp\/v2\/posts"}],"about":[{"href":"https:\/\/gesamtschule-immenhausen.de\/index.php?rest_route=\/wp\/v2\/types\/post"}],"author":[{"embeddable":true,"href":"https:\/\/gesamtschule-immenhausen.de\/index.php?rest_route=\/wp\/v2\/users\/3"}],"replies":[{"embeddable":true,"href":"https:\/\/gesamtschule-immenhausen.de\/index.php?rest_route=%2Fwp%2Fv2%2Fcomments&post=35873"}],"version-history":[{"count":2,"href":"https:\/\/gesamtschule-immenhausen.de\/index.php?rest_route=\/wp\/v2\/posts\/35873\/revisions"}],"predecessor-version":[{"id":35875,"href":"https:\/\/gesamtschule-immenhausen.de\/index.php?rest_route=\/wp\/v2\/posts\/35873\/revisions\/35875"}],"wp:featuredmedia":[{"embeddable":true,"href":"https:\/\/gesamtschule-immenhausen.de\/index.php?rest_route=\/wp\/v2\/media\/35866"}],"wp:attachment":[{"href":"https:\/\/gesamtschule-immenhausen.de\/index.php?rest_route=%2Fwp%2Fv2%2Fmedia&parent=35873"}],"wp:term":[{"taxonomy":"category","embeddable":true,"href":"https:\/\/gesamtschule-immenhausen.de\/index.php?rest_route=%2Fwp%2Fv2%2Fcategories&post=35873"},{"taxonomy":"post_tag","embeddable":true,"href":"https:\/\/gesamtschule-immenhausen.de\/index.php?rest_route=%2Fwp%2Fv2%2Ftags&post=35873"}],"curies":[{"name":"wp","href":"https:\/\/api.w.org\/{rel}","templated":true}]}}