{"id":35848,"date":"2025-10-20T13:38:25","date_gmt":"2025-10-20T11:38:25","guid":{"rendered":"https:\/\/gesamtschule-immenhausen.de\/?p=35848"},"modified":"2025-10-27T21:43:04","modified_gmt":"2025-10-27T20:43:04","slug":"lesung-in-der-stadt-und-schulbuecherei","status":"publish","type":"post","link":"https:\/\/gesamtschule-immenhausen.de\/?p=35848","title":{"rendered":"Lesung in der Stadt- und Schulb\u00fccherei"},"content":{"rendered":"\n<p style=\"font-weight: 400;\">Die Stadt- und Schulb\u00fccherei Immenhausen l\u00e4dt am 1.11.25 um 16 Uhr zu einem \u201eLese Caf\u00e9 mit Lena Johannson ein. Sie liest aus ihrem Roman \u201eCoco und die Revolution der Mode\u201c. Es gibt Kaffee und frisch gebackenen Kuchen. Die Karten kosten im Vorverkauf 8 Euro und an der Tageskasse 10 Euro. Einlass ist ab 15.30 Uhr. Am B\u00fcchertisch signiert Lena Johannson ihre B\u00fccher. Gabrielle Chanel w\u00e4chst in \u00e4rmlichen Verh\u00e4ltnissen auf. Sie hat nur einen Wunsch: Reich und ber\u00fchmt werden. In dem biografischen Roman \u201eCoco und die Revolution der Mode\u201c erz\u00e4hlt Lena Johannson von den Anf\u00e4ngen der eigensinnigen Modesch\u00f6pferin, die Frauen mit tragbarer und bequemer Kleidung ein St\u00fcck Freiheit und Unabh\u00e4ngigkeit schenken wollte. In der Lesung tritt die Bestseller-Autorin stilecht im Chanel-Look auf. Und sie bringt Geschenke mit. Jeder Gast bekommt ein bedrucktes D\u00f6schen zur Erinnerung und zur eleganten Aufbewahrung von z.B. Minzpastillen. Lena Johannson liest Ausschnitte aus ihrem Roman und entf\u00fchrt das Publikum nach Frankreich. Mit Bildern ihrer Recherchereise auf den Spuren von Gabrielle Chanel nimmt sie ihre Zuh\u00f6rerinnen und Zuh\u00f6rer mit an Originalschaupl\u00e4tze. Garniert wird das Ganze mit einem Ausflug in die Welt der Mode, der dem Publikum zeigt, wie revolution\u00e4r Chanels Arbeit tats\u00e4chlich war.<\/p>\n<p><a href=\"https:\/\/gesamtschule-immenhausen.de\/wp-content\/uploads\/Bildschirmfoto-2025-09-20-um-18.53.45.png\"><img loading=\"lazy\" decoding=\"async\" class=\"aligncenter size-large wp-image-35849\" src=\"https:\/\/gesamtschule-immenhausen.de\/wp-content\/uploads\/Bildschirmfoto-2025-09-20-um-18.53.45-492x1024.png\" alt=\"\" width=\"492\" height=\"1024\" srcset=\"https:\/\/gesamtschule-immenhausen.de\/wp-content\/uploads\/Bildschirmfoto-2025-09-20-um-18.53.45-492x1024.png 492w, https:\/\/gesamtschule-immenhausen.de\/wp-content\/uploads\/Bildschirmfoto-2025-09-20-um-18.53.45-72x150.png 72w, https:\/\/gesamtschule-immenhausen.de\/wp-content\/uploads\/Bildschirmfoto-2025-09-20-um-18.53.45-519x1080.png 519w, https:\/\/gesamtschule-immenhausen.de\/wp-content\/uploads\/Bildschirmfoto-2025-09-20-um-18.53.45.png 670w\" sizes=\"(max-width: 492px) 100vw, 492px\" \/><\/a><\/p>\n<p style=\"font-weight: 400;\">\u00a0<\/p>\n","protected":false},"excerpt":{"rendered":"<p>Die Stadt- und Schulb\u00fccherei Immenhausen l\u00e4dt am 1.11.25 um 16 Uhr zu einem \u201eLese Caf\u00e9 mit Lena Johannson ein. Sie liest aus ihrem Roman \u201eCoco und die Revolution der Mode\u201c. Es gibt Kaffee und frisch gebackenen Kuchen. Die Karten kosten im Vorverkauf 8 Euro und an der Tageskasse 10 Euro. Einlass ist ab 15.30 Uhr. [&hellip;]<\/p>\n","protected":false},"author":3,"featured_media":35850,"comment_status":"closed","ping_status":"closed","sticky":false,"template":"","format":"standard","meta":{"saved_in_kubio":false,"footnotes":""},"categories":[1],"tags":[],"class_list":["post-35848","post","type-post","status-publish","format-standard","has-post-thumbnail","hentry","category-allgemein"],"_links":{"self":[{"href":"https:\/\/gesamtschule-immenhausen.de\/index.php?rest_route=\/wp\/v2\/posts\/35848","targetHints":{"allow":["GET"]}}],"collection":[{"href":"https:\/\/gesamtschule-immenhausen.de\/index.php?rest_route=\/wp\/v2\/posts"}],"about":[{"href":"https:\/\/gesamtschule-immenhausen.de\/index.php?rest_route=\/wp\/v2\/types\/post"}],"author":[{"embeddable":true,"href":"https:\/\/gesamtschule-immenhausen.de\/index.php?rest_route=\/wp\/v2\/users\/3"}],"replies":[{"embeddable":true,"href":"https:\/\/gesamtschule-immenhausen.de\/index.php?rest_route=%2Fwp%2Fv2%2Fcomments&post=35848"}],"version-history":[{"count":1,"href":"https:\/\/gesamtschule-immenhausen.de\/index.php?rest_route=\/wp\/v2\/posts\/35848\/revisions"}],"predecessor-version":[{"id":35851,"href":"https:\/\/gesamtschule-immenhausen.de\/index.php?rest_route=\/wp\/v2\/posts\/35848\/revisions\/35851"}],"wp:featuredmedia":[{"embeddable":true,"href":"https:\/\/gesamtschule-immenhausen.de\/index.php?rest_route=\/wp\/v2\/media\/35850"}],"wp:attachment":[{"href":"https:\/\/gesamtschule-immenhausen.de\/index.php?rest_route=%2Fwp%2Fv2%2Fmedia&parent=35848"}],"wp:term":[{"taxonomy":"category","embeddable":true,"href":"https:\/\/gesamtschule-immenhausen.de\/index.php?rest_route=%2Fwp%2Fv2%2Fcategories&post=35848"},{"taxonomy":"post_tag","embeddable":true,"href":"https:\/\/gesamtschule-immenhausen.de\/index.php?rest_route=%2Fwp%2Fv2%2Ftags&post=35848"}],"curies":[{"name":"wp","href":"https:\/\/api.w.org\/{rel}","templated":true}]}}