{"id":35629,"date":"2025-08-02T09:17:11","date_gmt":"2025-08-02T07:17:11","guid":{"rendered":"https:\/\/gesamtschule-immenhausen.de\/?p=35629"},"modified":"2025-08-19T09:47:54","modified_gmt":"2025-08-19T07:47:54","slug":"elterntelefon-zum-schuljahresbeginn-2025-26","status":"publish","type":"post","link":"https:\/\/gesamtschule-immenhausen.de\/?p=35629","title":{"rendered":"Elterntelefon zum Schuljahresbeginn 2025\/26"},"content":{"rendered":"\n\n\n<p>P\u00fcnktlich zum Schulstart in der kommenden Woche bietet das Hessische Ministerium f\u00fcr Kultus, Bildung und Chancen in Zusammenarbeit mit den Staatlichen Schul\u00e4mtern wieder das Elterntelefon an.\u00a0\u00a0\u201eGerade zum Schuljahresbeginn tauchen in vielen Familien Fragen auf, die den Schulstart betreffen. Die Ansprechpartnerinnen und Ansprechpartner am Elterntelefon k\u00f6nnen in diesen Angelegenheiten kompetent weiterhelfen\u201c, sagte Bildungsminister Armin Schwarz und erg\u00e4nzte: \u201eDas Elterntelefon hat sich in den vergangenen Jahren bew\u00e4hrt und ist gerade zum Schuljahresbeginn eine wichtige Unterst\u00fctzung.\u201c Er verwies darauf, dass Eltern sich auch \u00fcber das Kontaktformular Hilfe holen k\u00f6nnen. \u201eWer lieber schriftlich nachfragt, kann sicher sein, ebenfalls zeitnah eine kompetente R\u00fcckmeldung zu erhalten\u201c, sagte der Minister.<br \/>Die Mitarbeiterinnen und Mitarbeiter der Staatlichen Schul\u00e4mter und des Ministeriums stehen in allen Fragen rund um das Thema Schule in den ersten beiden Schulwochen vom 18. August bis 29. August 2025 montags bis freitags in der Zeit von 9 bis 12 Uhr und 14 bis 16 Uhr zur Verf\u00fcgung.<br \/>Die zentrale Rufnummer des Elterntelefons im Ministerium lautet:\u00a00611 \/ 368-2368.<br \/>Staatliches Schulamt f\u00fcr den Landkreis und die Stadt Kassel 0561 8078-234.<\/p>\n<p>\u00a0<\/p>\n","protected":false},"excerpt":{"rendered":"<p>P\u00fcnktlich zum Schulstart in der kommenden Woche bietet das Hessische Ministerium f\u00fcr Kultus, Bildung und Chancen in Zusammenarbeit mit den Staatlichen Schul\u00e4mtern wieder das Elterntelefon an.\u00a0\u00a0\u201eGerade zum Schuljahresbeginn tauchen in vielen Familien Fragen auf, die den Schulstart betreffen. Die Ansprechpartnerinnen und Ansprechpartner am Elterntelefon k\u00f6nnen in diesen Angelegenheiten kompetent weiterhelfen\u201c, sagte Bildungsminister Armin Schwarz und [&hellip;]<\/p>\n","protected":false},"author":3,"featured_media":34693,"comment_status":"closed","ping_status":"closed","sticky":false,"template":"","format":"standard","meta":{"saved_in_kubio":false,"footnotes":""},"categories":[1],"tags":[],"class_list":["post-35629","post","type-post","status-publish","format-standard","has-post-thumbnail","hentry","category-allgemein"],"_links":{"self":[{"href":"https:\/\/gesamtschule-immenhausen.de\/index.php?rest_route=\/wp\/v2\/posts\/35629","targetHints":{"allow":["GET"]}}],"collection":[{"href":"https:\/\/gesamtschule-immenhausen.de\/index.php?rest_route=\/wp\/v2\/posts"}],"about":[{"href":"https:\/\/gesamtschule-immenhausen.de\/index.php?rest_route=\/wp\/v2\/types\/post"}],"author":[{"embeddable":true,"href":"https:\/\/gesamtschule-immenhausen.de\/index.php?rest_route=\/wp\/v2\/users\/3"}],"replies":[{"embeddable":true,"href":"https:\/\/gesamtschule-immenhausen.de\/index.php?rest_route=%2Fwp%2Fv2%2Fcomments&post=35629"}],"version-history":[{"count":1,"href":"https:\/\/gesamtschule-immenhausen.de\/index.php?rest_route=\/wp\/v2\/posts\/35629\/revisions"}],"predecessor-version":[{"id":35630,"href":"https:\/\/gesamtschule-immenhausen.de\/index.php?rest_route=\/wp\/v2\/posts\/35629\/revisions\/35630"}],"wp:featuredmedia":[{"embeddable":true,"href":"https:\/\/gesamtschule-immenhausen.de\/index.php?rest_route=\/wp\/v2\/media\/34693"}],"wp:attachment":[{"href":"https:\/\/gesamtschule-immenhausen.de\/index.php?rest_route=%2Fwp%2Fv2%2Fmedia&parent=35629"}],"wp:term":[{"taxonomy":"category","embeddable":true,"href":"https:\/\/gesamtschule-immenhausen.de\/index.php?rest_route=%2Fwp%2Fv2%2Fcategories&post=35629"},{"taxonomy":"post_tag","embeddable":true,"href":"https:\/\/gesamtschule-immenhausen.de\/index.php?rest_route=%2Fwp%2Fv2%2Ftags&post=35629"}],"curies":[{"name":"wp","href":"https:\/\/api.w.org\/{rel}","templated":true}]}}