{"id":35584,"date":"2025-07-24T23:48:51","date_gmt":"2025-07-24T21:48:51","guid":{"rendered":"https:\/\/gesamtschule-immenhausen.de\/?p=35584"},"modified":"2025-07-24T23:48:51","modified_gmt":"2025-07-24T21:48:51","slug":"lernen-im-gruenen-gesamtschule-immenhausen-bekommt-vier-sitzgruppen-fuer-den-schulhof","status":"publish","type":"post","link":"https:\/\/gesamtschule-immenhausen.de\/?p=35584","title":{"rendered":"Lernen im Gr\u00fcnen\u00a0\u2013 Gesamtschule Immenhausen bekommt vier Sitzgruppen f\u00fcr den Schulhof"},"content":{"rendered":"\n<p style=\"font-weight: 400;\">Ob Unterricht im Gr\u00fcnen oder ein gemeinsames Klassenfr\u00fchst\u00fcck: Die neuen Sitzgruppen (\u2026) k\u00f6nnen vielseitig genutzt werden. Sie wurden von der Arbeitsf\u00f6rderungsgesellschaft AGiL in der Metall- und Holzwerkstatt im Wasserschloss W\u00fclmersen im Rahmen des Projekts &#8222;Qualifizierung und Besch\u00e4ftigung&#8220; f\u00fcr junge Menschen gefertigt und wurden nun der Schule \u00fcbergeben. Die Grundschule in H\u00fcmme und die Gesamtschule in Immenhausen werden im Laufe der Sommerferien ebenfalls Sitzgruppen erhalten. Insgesamt wurden zehn Sitzgruppen gebaut, jeweils vier Gruppen erhalten die beiden Schulen in H\u00fcmme und Immenhausen, zwei Sitzgruppen stehen an der Baunataler Schule.<br \/>&#8222;Ich freue mich, dass wir diese sch\u00f6nen und hochwertigen Sitzgruppen f\u00fcr unsere Sch\u00fclerinnen und Sch\u00fcler zur Verf\u00fcgung stellen k\u00f6nnen. Sie sind vielseitig nutzbar und werten die Aufenthaltsqualit\u00e4t auf den Schulh\u00f6fen enorm auf&#8220;, sagt Schuldezernentin Silke Engler.<br \/>Bei den Sitzgruppen handelt es sich um robuste, feuerverzinkte Metallgestelle mit den Ma\u00dfen von knapp drei Meter mal drei Meter. Die dazugeh\u00f6rigen Tische sind anderthalb Meter mal anderthalb Meter gro\u00df. Die Platten f\u00fcr die Sitz- und Tischfl\u00e4che sind Dekorspanplatten und kratz- und UV-best\u00e4ndig, schwer entflammbar und wasserabweisend \u2013 ideal f\u00fcr den Einsatz im Freien. Das Projekt wurde ins Leben gerufen, um den Wunsch nach &#8222;gr\u00fcnen Klassenzimmern&#8220; zu erf\u00fcllen. Zudem kommen sie auch dem Ganztag zugute und k\u00f6nnen von verschiedenen AGs genutzt werden.\u00a0<br \/>An der Baunataler Schule wurden die Sitzgruppen auf einer Terrasse im S\u00fcdfl\u00fcgel des Geb\u00e4udes aufgestellt. Die Fl\u00e4che kann dadurch multifunktional genutzt werden. Carsten Wagner-Friedrich, stellvertretender Schulleiter der THS, erg\u00e4nzt: &#8222;Mit den neuen Sitzgruppen besteht ab dem kommenden Schuljahr, neben dem Lichthof und einem Au\u00dfenklassenraum an der Bauna, eine weitere M\u00f6glichkeit an unserer Schule, um den Unterricht unkompliziert nach au\u00dfen zu verlegen.&#8220;<\/p>\n","protected":false},"excerpt":{"rendered":"<p>Ob Unterricht im Gr\u00fcnen oder ein gemeinsames Klassenfr\u00fchst\u00fcck: Die neuen Sitzgruppen (\u2026) k\u00f6nnen vielseitig genutzt werden. Sie wurden von der Arbeitsf\u00f6rderungsgesellschaft AGiL in der Metall- und Holzwerkstatt im Wasserschloss W\u00fclmersen im Rahmen des Projekts &#8222;Qualifizierung und Besch\u00e4ftigung&#8220; f\u00fcr junge Menschen gefertigt und wurden nun der Schule \u00fcbergeben. Die Grundschule in H\u00fcmme und die Gesamtschule in [&hellip;]<\/p>\n","protected":false},"author":3,"featured_media":35585,"comment_status":"closed","ping_status":"closed","sticky":false,"template":"","format":"standard","meta":{"saved_in_kubio":false,"footnotes":""},"categories":[1],"tags":[],"class_list":["post-35584","post","type-post","status-publish","format-standard","has-post-thumbnail","hentry","category-allgemein"],"_links":{"self":[{"href":"https:\/\/gesamtschule-immenhausen.de\/index.php?rest_route=\/wp\/v2\/posts\/35584","targetHints":{"allow":["GET"]}}],"collection":[{"href":"https:\/\/gesamtschule-immenhausen.de\/index.php?rest_route=\/wp\/v2\/posts"}],"about":[{"href":"https:\/\/gesamtschule-immenhausen.de\/index.php?rest_route=\/wp\/v2\/types\/post"}],"author":[{"embeddable":true,"href":"https:\/\/gesamtschule-immenhausen.de\/index.php?rest_route=\/wp\/v2\/users\/3"}],"replies":[{"embeddable":true,"href":"https:\/\/gesamtschule-immenhausen.de\/index.php?rest_route=%2Fwp%2Fv2%2Fcomments&post=35584"}],"version-history":[{"count":1,"href":"https:\/\/gesamtschule-immenhausen.de\/index.php?rest_route=\/wp\/v2\/posts\/35584\/revisions"}],"predecessor-version":[{"id":35586,"href":"https:\/\/gesamtschule-immenhausen.de\/index.php?rest_route=\/wp\/v2\/posts\/35584\/revisions\/35586"}],"wp:featuredmedia":[{"embeddable":true,"href":"https:\/\/gesamtschule-immenhausen.de\/index.php?rest_route=\/wp\/v2\/media\/35585"}],"wp:attachment":[{"href":"https:\/\/gesamtschule-immenhausen.de\/index.php?rest_route=%2Fwp%2Fv2%2Fmedia&parent=35584"}],"wp:term":[{"taxonomy":"category","embeddable":true,"href":"https:\/\/gesamtschule-immenhausen.de\/index.php?rest_route=%2Fwp%2Fv2%2Fcategories&post=35584"},{"taxonomy":"post_tag","embeddable":true,"href":"https:\/\/gesamtschule-immenhausen.de\/index.php?rest_route=%2Fwp%2Fv2%2Ftags&post=35584"}],"curies":[{"name":"wp","href":"https:\/\/api.w.org\/{rel}","templated":true}]}}