{"id":35570,"date":"2025-08-01T09:44:57","date_gmt":"2025-08-01T07:44:57","guid":{"rendered":"https:\/\/gesamtschule-immenhausen.de\/?p=35570"},"modified":"2025-08-13T12:20:24","modified_gmt":"2025-08-13T10:20:24","slug":"information-zur-einschulung-jahrgang-5","status":"publish","type":"post","link":"https:\/\/gesamtschule-immenhausen.de\/?p=35570","title":{"rendered":"Information Einschulung Jahrgang 5"},"content":{"rendered":"\n<p style=\"font-weight: 400;\"><strong>Liebe zuk\u00fcnftige F\u00fcnftkl\u00e4sslerin und lieber zuk\u00fcnftiger F\u00fcnftkl\u00e4ssler,<\/strong><\/p>\n<p style=\"font-weight: 400;\">bald ist es soweit! Nach den Ferien wirst du deinen neuen schulischen Weg an der Freiherr-vom-Stein-Schule in Immenhausen beginnen. Wir freuen uns schon sehr auf dich! Du hast in der Grundschule bereits viele Spuren hinterlassen, und nun hast du die M\u00f6glichkeit, neue Spuren in deiner neuen Schule und in der Gemeinschaft zu setzen. Vielleicht denkst du an all die W\u00fcnsche, Tr\u00e4ume und\u00a0Visionen, die du mitbringst, um gemeinsam mit deinen neuen Klassenkameradinnen und Klassenkameraden neue Wege zu gehen.\u00a0Sicherlich bist du auch schon ganz neugierig, was dich in den ersten Schultagen und -wochen erwartet, wer deine neuen Mitsch\u00fcler sein werden und zu welchen Zeiten du in der Schule sein sollst.<\/p>\n<p style=\"font-weight: 400;\">Nachdem du am <strong>17. Juni<\/strong> schon ein bisschen Freiherr-vom-Stein Luft schnuppern konntest, ist es dann am <strong>18. August 2025<\/strong> ist es soweit:\u00a0Wir beginnen um <strong>9:00 Uhr<\/strong> mit einem Gottesdienst. Dieser findet in der Kirche in Immenhausen statt. Wir freuen uns, wenn du uns hierzu begleiten m\u00f6chtest.\u00a0<\/p>\n<p style=\"font-weight: 400;\">Um <strong>10:00 Uhr<\/strong> findet f\u00fcr alle Sch\u00fclerinnen und Sch\u00fcler der neuen Jahrgangsstufe 5 eine Einschulungsfeier in der Sporthalle statt. Im Anschluss wei\u00dft du dann auch, wer deine neue Klassenlehrerin \/ dein neuer Klassenlehrer sein wird. Gemeinsam geht ihr dann in eure Klassenheimat (so hei\u00dfen bei uns die Klassenr\u00e4ume). Hier lernst du schon einmal kurz deine Klasse kennen. Deine Eltern k\u00f6nnen in der\u00a0Zwischenzeit in der Mensa eine Kleinigkeit essen und trinken. Gegen 12 Uhr ist dein Einschulungstag beendet.<\/p>\n<p style=\"font-weight: 400;\">Bis <strong>Dienstag (26. August)<\/strong> hast du dann jeden Tag von <strong>7:45 \u2013 12:00 Uhr<\/strong>\u00a0Unterricht mit deinem Klassenlehrerteam. So hast du genug Zeit die Schule und alles Wichtige kennenzulernen. Erst ab Mittwoch <strong>(27.August)<\/strong> startet dann der Unterricht nach Stundenplan.<\/p>\n<p style=\"font-weight: 400;\">Falls du in den ersten Tagen eine Betreuung (bis 16.20 Uhr m\u00f6glich) in der Schule nach 12 Uhr brauchst, ist das auch gar kein Problem. Wende dich dann am ersten Tag einfach diesbez\u00fcglich an deine neue Klassenlehrerin bzw. deinen neuen Klassenlehrer.<\/p>\n<p style=\"font-weight: 400;\">Falls du eine Bussch\u00fclerin\/ein Bussch\u00fcler bist, wirst du im Laufe der Sommerferien eine Busfahrkarte per Post zugestellt bekommen. Falls dies nicht geschieht, m\u00f6chten wir dich darum bitten, dich am ersten Schultag bei deiner Klassenleitung zu melden und dies mitzuteilen.<\/p>\n<p style=\"font-weight: 400;\">Vieles \u00fcber deine neue Schule kannst du auch auf der Homepage der Schule \u201egesamtschule-immenhausen.de\u201c nachlesen. Hier k\u00f6nnen deine Eltern sich auch zum Newsletter der Schule anmelden, dann erfahrt ihr schnell immer alles Neue.<\/p>\n<p style=\"font-weight: 400;\">Wir hoffen, wir konnten dir mit diesem Brief ein wenig der Anspannung nehmen. Sei dir jedoch gewiss, dass du willkommen bist und wir uns auf dich freuen.<\/p>\n<p style=\"font-weight: 400;\">\u00a0<\/p>\n<p style=\"font-weight: 400;\">Es gr\u00fc\u00dfen dich ganz herzlich,<\/p>\n<p style=\"font-weight: 400;\">Deine zuk\u00fcnftigen Klassenlehrerinnen und \u2013lehrer des Jahrgangs 5<\/p>\n<p style=\"font-weight: 400;\">\u00a0<\/p>\n<p style=\"font-weight: 400;\">\u00a0<\/p>\n<p style=\"font-weight: 400;\">\u00a0<\/p>\n<blockquote>\n<p style=\"font-weight: 400;\">\u201eGeh nicht nur die glatten Stra\u00dfen. Geh Wege, die noch niemand ging, damit du Spuren hinterl\u00e4sst und nicht nur Staub.\u201c<\/p>\n<\/blockquote>\n<p style=\"font-weight: 400;\">Antoine de Saint-Exup\u00e9ry<\/p>\n","protected":false},"excerpt":{"rendered":"<p>Liebe zuk\u00fcnftige F\u00fcnftkl\u00e4sslerin und lieber zuk\u00fcnftiger F\u00fcnftkl\u00e4ssler, bald ist es soweit! Nach den Ferien wirst du deinen neuen schulischen Weg an der Freiherr-vom-Stein-Schule in Immenhausen beginnen. Wir freuen uns schon sehr auf dich! Du hast in der Grundschule bereits viele Spuren hinterlassen, und nun hast du die M\u00f6glichkeit, neue Spuren in deiner neuen Schule und [&hellip;]<\/p>\n","protected":false},"author":3,"featured_media":34479,"comment_status":"closed","ping_status":"closed","sticky":false,"template":"","format":"standard","meta":{"saved_in_kubio":false,"footnotes":""},"categories":[1],"tags":[],"class_list":["post-35570","post","type-post","status-publish","format-standard","has-post-thumbnail","hentry","category-allgemein"],"_links":{"self":[{"href":"https:\/\/gesamtschule-immenhausen.de\/index.php?rest_route=\/wp\/v2\/posts\/35570","targetHints":{"allow":["GET"]}}],"collection":[{"href":"https:\/\/gesamtschule-immenhausen.de\/index.php?rest_route=\/wp\/v2\/posts"}],"about":[{"href":"https:\/\/gesamtschule-immenhausen.de\/index.php?rest_route=\/wp\/v2\/types\/post"}],"author":[{"embeddable":true,"href":"https:\/\/gesamtschule-immenhausen.de\/index.php?rest_route=\/wp\/v2\/users\/3"}],"replies":[{"embeddable":true,"href":"https:\/\/gesamtschule-immenhausen.de\/index.php?rest_route=%2Fwp%2Fv2%2Fcomments&post=35570"}],"version-history":[{"count":2,"href":"https:\/\/gesamtschule-immenhausen.de\/index.php?rest_route=\/wp\/v2\/posts\/35570\/revisions"}],"predecessor-version":[{"id":35615,"href":"https:\/\/gesamtschule-immenhausen.de\/index.php?rest_route=\/wp\/v2\/posts\/35570\/revisions\/35615"}],"wp:featuredmedia":[{"embeddable":true,"href":"https:\/\/gesamtschule-immenhausen.de\/index.php?rest_route=\/wp\/v2\/media\/34479"}],"wp:attachment":[{"href":"https:\/\/gesamtschule-immenhausen.de\/index.php?rest_route=%2Fwp%2Fv2%2Fmedia&parent=35570"}],"wp:term":[{"taxonomy":"category","embeddable":true,"href":"https:\/\/gesamtschule-immenhausen.de\/index.php?rest_route=%2Fwp%2Fv2%2Fcategories&post=35570"},{"taxonomy":"post_tag","embeddable":true,"href":"https:\/\/gesamtschule-immenhausen.de\/index.php?rest_route=%2Fwp%2Fv2%2Ftags&post=35570"}],"curies":[{"name":"wp","href":"https:\/\/api.w.org\/{rel}","templated":true}]}}