{"id":35208,"date":"2025-05-21T07:42:51","date_gmt":"2025-05-21T05:42:51","guid":{"rendered":"https:\/\/gesamtschule-immenhausen.de\/?p=35208"},"modified":"2025-05-23T11:57:54","modified_gmt":"2025-05-23T09:57:54","slug":"schueleraktion-510-kilogramm-lebensmittel-fuer-die-tafel-hofgeismar","status":"publish","type":"post","link":"https:\/\/gesamtschule-immenhausen.de\/?p=35208","title":{"rendered":"Sch\u00fcleraktion: 510 Kilogramm Lebensmittel f\u00fcr die \u201eTafel Hofgeismar\u201c"},"content":{"rendered":"\n<p style=\"font-weight: 400;\">Sch\u00fclerinnen und Sch\u00fcler der Freiherr-vom-Stein-Schule Immenhausen unterst\u00fctzen die Tafelarbeit. 20 Kisten wurden von den Sch\u00fclerinnen und Sch\u00fclern in der Schule gesammelt. Einige Lebensmittel wurden auch nach Geldspenden in Einzelhandelsgesch\u00e4ften in Immenhausen zugekauft. Auf Vermittlung der Schule spendete Marco Wenzel, der Vater eines Sch\u00fclers, zus\u00e4tzlich 14 weitere Kisten aus dem \u201eEdeka Wenzel\u201c in der Kasseler Fiedlerstra\u00dfe. \u201eDie Kisten hatten im Durchschnitt ein Gewicht von 15 Kilo. Die Schulaktion hat also rund 510 Kilogramm haltbare Lebensmittel ergeben. Das ist echt spitze! Danke f\u00fcr die sinnstifte Unterst\u00fctzung\u201c, so Frauke Wiegand, Koordinatorin der \u201eTafel Hofgeismar \/ Bad Karlshafen \/ Wolfhagen\u201c.<\/p>\n<p style=\"font-weight: 400;\">Der Kontakt zur Schule war durch das \u201eNetz!Werk Nordhessen\u201c aufgebaut worden. Bei dem Netzwerk handelt es sich um eine Initiative, die Positives f\u00fcr die Region Nordhessen bewirken will. Dort waren sich Schulleitungsmitglied Marcus Leitschuh und Frauke Wiegand begegnet. Die Idee zu der Aktion hatte Lehrerin Jasmin Jilg. Im Religionsunterricht der Klasse G7a stellte sie in der Unterrichtseinheit \u201eDiakonie\u201c den Bezug zum sozialen Engagement der Tafel her. Die Klasse besuchte die Ehrenamtlichen der Tafel und erarbeitete das Sammel- und Werbekonzept. \u201eWir wollten als Schulgemeinschaft einen Beitrag zum sozialen Miteinander leisten und die Tafel in Hofgeismar mit dringend ben\u00f6tigten Lebensmitteln unterst\u00fctzen und ein Zeichen der Solidarit\u00e4t setzen.\u201c<\/p>\n<p style=\"font-weight: 400;\">Lob f\u00fcr die Aktion gab es auch vom B\u00fcrgermeister der Stadt Immenhausen, der beim Verpacken der Kisten dabei war. Lars Obermann lobte die Aktion. \u201eMeine Tochter hat auch etwas mitgebracht und ich finde es super, dass sich Sch\u00fclerinnen und Sch\u00fcler f\u00fcr Mitmenschen engagieren, das ist besonders in dieser Zeit ein starkes Zeichen.\u201c Frauke Wiegand: \u201eDie Professionalit\u00e4t des Spendenaufrufs auf der Homepage mit einem Flyer und Film hat mich sehr beeindruckt.\u201c Die Aktion zeige, wie wichtig und sinnvoll Netzwerkarbeit ist! \u201eGerne wiederholen wir diese Kooperation mit der Freiherr-vom-Stein Schule\u201c, so Wiegand. Auch Jasmin Jilg denkt schon eine Fortsetzung, so positiv waren die Erfahrungen.<\/p>\n<p style=\"font-weight: 400;\">Informationen zur Tafelarbeit: Nicht alle Menschen k\u00f6nnen sich eine ausgewogene Ern\u00e4hrung leisten; gleichzeitig werden jedoch Unmengen an Lebensmitteln verschwendet. \u201eUnsere Tafeln schaffen einen Ausgleich mit dem Ziel, qualitativ einwandfreie Nahrungsmittel, die im Wirtschaftsprozess nicht mehr verwertet werden k\u00f6nnen, an Menschen in Not zu verteilen\u201c, erkl\u00e4rt Frauke Wiegand das Konzept. \u201eDamit wird Armutspr\u00e4vention mit Klimaschutz verkn\u00fcpft. Diese Arbeit ist Ausdruck der Wertsch\u00e4tzung von Menschen und Lebensmitteln.\u201c In der Tafel Hofgeismar und Bad Karlshafen, engagieren sich insgesamt 81 Ehrenamtliche. Mit diesem Angebot werden 996 Personen (ein Drittel sind Kinder und Jugendliche) und somit ca. 345 Haushalte erreicht. Der Gro\u00dfteil befindet sich in Hofgeismar, weitere in Bad Karlshafen und Umgebung, in Grebenstein, in Immenhausen und Liebenau. Weitere Wohnorte der Kundinnen und Kunden sind: Calden, Espenau, Oberweser, Reinhardshagen, Trendelburg, H\u00fcmme, Carlsdorf. Betreiber ist das \u201eDiakonisches Werk Region Kassel\u201c. Es ist ein Zweckverband der Kirchenkreise Kaufungen, Kassel und Hofgeismar-Wolfhagen.<\/p>\n<p>Wir freuen uns \u00fcber die Berichterstattung:\u00a0<\/p>\n<p><a href=\"https:\/\/www.dw-region-kassel.de\/aktuelles\/aktuell-detailseite?tx_news_pi1%5Baction%5D=detail&amp;tx_news_pi1%5Bcontroller%5D=News&amp;tx_news_pi1%5Bnews%5D=97&amp;cHash=b311287586f4bcc9cb6b15d51007745c\">Bericht Diakonisches Werk<\/a><\/p>\n<p>\u00a0<\/p>\n<p style=\"font-weight: 400;\"><iframe loading=\"lazy\" src=\"\/\/www.youtube.com\/embed\/Gex4fFpYrHQ\" width=\"560\" height=\"314\" allowfullscreen=\"allowfullscreen\"><\/iframe><\/p>\n<p>\u00a0<\/p>\n\n\n\n<p><a href=\"https:\/\/gesamtschule-immenhausen.de\/wp-content\/uploads\/IMG_7313-scaled.jpeg\"><img loading=\"lazy\" decoding=\"async\" class=\"aligncenter size-large wp-image-35213\" src=\"https:\/\/gesamtschule-immenhausen.de\/wp-content\/uploads\/IMG_7313-1024x768.jpeg\" alt=\"\" width=\"1024\" height=\"768\" srcset=\"https:\/\/gesamtschule-immenhausen.de\/wp-content\/uploads\/IMG_7313-1024x768.jpeg 1024w, https:\/\/gesamtschule-immenhausen.de\/wp-content\/uploads\/IMG_7313-150x113.jpeg 150w, https:\/\/gesamtschule-immenhausen.de\/wp-content\/uploads\/IMG_7313-768x576.jpeg 768w, https:\/\/gesamtschule-immenhausen.de\/wp-content\/uploads\/IMG_7313-1536x1152.jpeg 1536w, https:\/\/gesamtschule-immenhausen.de\/wp-content\/uploads\/IMG_7313-2048x1536.jpeg 2048w, https:\/\/gesamtschule-immenhausen.de\/wp-content\/uploads\/IMG_7313-1440x1080.jpeg 1440w\" sizes=\"(max-width: 1024px) 100vw, 1024px\" \/><\/a> <a href=\"https:\/\/gesamtschule-immenhausen.de\/wp-content\/uploads\/IMG_7314-scaled.jpeg\"><img loading=\"lazy\" decoding=\"async\" class=\"aligncenter size-large wp-image-35212\" src=\"https:\/\/gesamtschule-immenhausen.de\/wp-content\/uploads\/IMG_7314-1024x768.jpeg\" alt=\"\" width=\"1024\" height=\"768\" srcset=\"https:\/\/gesamtschule-immenhausen.de\/wp-content\/uploads\/IMG_7314-1024x768.jpeg 1024w, https:\/\/gesamtschule-immenhausen.de\/wp-content\/uploads\/IMG_7314-150x113.jpeg 150w, https:\/\/gesamtschule-immenhausen.de\/wp-content\/uploads\/IMG_7314-768x576.jpeg 768w, https:\/\/gesamtschule-immenhausen.de\/wp-content\/uploads\/IMG_7314-1536x1152.jpeg 1536w, https:\/\/gesamtschule-immenhausen.de\/wp-content\/uploads\/IMG_7314-2048x1536.jpeg 2048w, https:\/\/gesamtschule-immenhausen.de\/wp-content\/uploads\/IMG_7314-1440x1080.jpeg 1440w\" sizes=\"(max-width: 1024px) 100vw, 1024px\" \/><\/a> <a href=\"https:\/\/gesamtschule-immenhausen.de\/wp-content\/uploads\/IMG_7315-scaled.jpeg\"><img loading=\"lazy\" decoding=\"async\" class=\"aligncenter size-large wp-image-35211\" src=\"https:\/\/gesamtschule-immenhausen.de\/wp-content\/uploads\/IMG_7315-1024x768.jpeg\" alt=\"\" width=\"1024\" height=\"768\" srcset=\"https:\/\/gesamtschule-immenhausen.de\/wp-content\/uploads\/IMG_7315-1024x768.jpeg 1024w, https:\/\/gesamtschule-immenhausen.de\/wp-content\/uploads\/IMG_7315-150x113.jpeg 150w, https:\/\/gesamtschule-immenhausen.de\/wp-content\/uploads\/IMG_7315-768x576.jpeg 768w, https:\/\/gesamtschule-immenhausen.de\/wp-content\/uploads\/IMG_7315-1536x1152.jpeg 1536w, https:\/\/gesamtschule-immenhausen.de\/wp-content\/uploads\/IMG_7315-2048x1536.jpeg 2048w, https:\/\/gesamtschule-immenhausen.de\/wp-content\/uploads\/IMG_7315-1440x1080.jpeg 1440w\" sizes=\"(max-width: 1024px) 100vw, 1024px\" \/><\/a> <a href=\"https:\/\/gesamtschule-immenhausen.de\/wp-content\/uploads\/IMG_7320-scaled.jpeg\"><img loading=\"lazy\" decoding=\"async\" class=\"aligncenter size-large wp-image-35210\" src=\"https:\/\/gesamtschule-immenhausen.de\/wp-content\/uploads\/IMG_7320-1024x768.jpeg\" alt=\"\" width=\"1024\" height=\"768\" srcset=\"https:\/\/gesamtschule-immenhausen.de\/wp-content\/uploads\/IMG_7320-1024x768.jpeg 1024w, https:\/\/gesamtschule-immenhausen.de\/wp-content\/uploads\/IMG_7320-150x113.jpeg 150w, https:\/\/gesamtschule-immenhausen.de\/wp-content\/uploads\/IMG_7320-768x576.jpeg 768w, https:\/\/gesamtschule-immenhausen.de\/wp-content\/uploads\/IMG_7320-1536x1152.jpeg 1536w, https:\/\/gesamtschule-immenhausen.de\/wp-content\/uploads\/IMG_7320-2048x1536.jpeg 2048w, https:\/\/gesamtschule-immenhausen.de\/wp-content\/uploads\/IMG_7320-1440x1080.jpeg 1440w\" sizes=\"(max-width: 1024px) 100vw, 1024px\" \/><\/a> <a href=\"https:\/\/gesamtschule-immenhausen.de\/wp-content\/uploads\/IMG_7323-scaled.jpeg\"><img loading=\"lazy\" decoding=\"async\" class=\"aligncenter size-large wp-image-35209\" src=\"https:\/\/gesamtschule-immenhausen.de\/wp-content\/uploads\/IMG_7323-1024x768.jpeg\" alt=\"\" width=\"1024\" height=\"768\" srcset=\"https:\/\/gesamtschule-immenhausen.de\/wp-content\/uploads\/IMG_7323-1024x768.jpeg 1024w, https:\/\/gesamtschule-immenhausen.de\/wp-content\/uploads\/IMG_7323-150x113.jpeg 150w, https:\/\/gesamtschule-immenhausen.de\/wp-content\/uploads\/IMG_7323-768x576.jpeg 768w, https:\/\/gesamtschule-immenhausen.de\/wp-content\/uploads\/IMG_7323-1536x1152.jpeg 1536w, https:\/\/gesamtschule-immenhausen.de\/wp-content\/uploads\/IMG_7323-2048x1536.jpeg 2048w, https:\/\/gesamtschule-immenhausen.de\/wp-content\/uploads\/IMG_7323-1440x1080.jpeg 1440w\" sizes=\"(max-width: 1024px) 100vw, 1024px\" \/><\/a><\/p>\n","protected":false},"excerpt":{"rendered":"<p>Sch\u00fclerinnen und Sch\u00fcler der Freiherr-vom-Stein-Schule Immenhausen unterst\u00fctzen die Tafelarbeit. 20 Kisten wurden von den Sch\u00fclerinnen und Sch\u00fclern in der Schule gesammelt. Einige Lebensmittel wurden auch nach Geldspenden in Einzelhandelsgesch\u00e4ften in Immenhausen zugekauft. Auf Vermittlung der Schule spendete Marco Wenzel, der Vater eines Sch\u00fclers, zus\u00e4tzlich 14 weitere Kisten aus dem \u201eEdeka Wenzel\u201c in der Kasseler Fiedlerstra\u00dfe. [&hellip;]<\/p>\n","protected":false},"author":3,"featured_media":35212,"comment_status":"closed","ping_status":"closed","sticky":false,"template":"","format":"standard","meta":{"saved_in_kubio":false,"footnotes":""},"categories":[1],"tags":[],"class_list":["post-35208","post","type-post","status-publish","format-standard","has-post-thumbnail","hentry","category-allgemein"],"_links":{"self":[{"href":"https:\/\/gesamtschule-immenhausen.de\/index.php?rest_route=\/wp\/v2\/posts\/35208","targetHints":{"allow":["GET"]}}],"collection":[{"href":"https:\/\/gesamtschule-immenhausen.de\/index.php?rest_route=\/wp\/v2\/posts"}],"about":[{"href":"https:\/\/gesamtschule-immenhausen.de\/index.php?rest_route=\/wp\/v2\/types\/post"}],"author":[{"embeddable":true,"href":"https:\/\/gesamtschule-immenhausen.de\/index.php?rest_route=\/wp\/v2\/users\/3"}],"replies":[{"embeddable":true,"href":"https:\/\/gesamtschule-immenhausen.de\/index.php?rest_route=%2Fwp%2Fv2%2Fcomments&post=35208"}],"version-history":[{"count":2,"href":"https:\/\/gesamtschule-immenhausen.de\/index.php?rest_route=\/wp\/v2\/posts\/35208\/revisions"}],"predecessor-version":[{"id":35324,"href":"https:\/\/gesamtschule-immenhausen.de\/index.php?rest_route=\/wp\/v2\/posts\/35208\/revisions\/35324"}],"wp:featuredmedia":[{"embeddable":true,"href":"https:\/\/gesamtschule-immenhausen.de\/index.php?rest_route=\/wp\/v2\/media\/35212"}],"wp:attachment":[{"href":"https:\/\/gesamtschule-immenhausen.de\/index.php?rest_route=%2Fwp%2Fv2%2Fmedia&parent=35208"}],"wp:term":[{"taxonomy":"category","embeddable":true,"href":"https:\/\/gesamtschule-immenhausen.de\/index.php?rest_route=%2Fwp%2Fv2%2Fcategories&post=35208"},{"taxonomy":"post_tag","embeddable":true,"href":"https:\/\/gesamtschule-immenhausen.de\/index.php?rest_route=%2Fwp%2Fv2%2Ftags&post=35208"}],"curies":[{"name":"wp","href":"https:\/\/api.w.org\/{rel}","templated":true}]}}