{"id":35186,"date":"2025-05-16T10:51:10","date_gmt":"2025-05-16T08:51:10","guid":{"rendered":"https:\/\/gesamtschule-immenhausen.de\/?p=35186"},"modified":"2025-05-16T10:51:10","modified_gmt":"2025-05-16T08:51:10","slug":"neues-unterrichtsfach-digitale-welt-zukunft-gestalten-ab-klasse-5","status":"publish","type":"post","link":"https:\/\/gesamtschule-immenhausen.de\/?p=35186","title":{"rendered":"Neues Unterrichtsfach \u201eDigitale Welt \u2013 Zukunft gestalten\u201c ab Klasse 5"},"content":{"rendered":"\n<p>Mit dem neuen Fach \u201eDigitale Welt\u201c bietet die Freiherr-vom-Stein-Schule Immenhausen Sch\u00fclerinnen und Sch\u00fclern der Jahrg\u00e4nge 5 und 6 einen kreativen und nachhaltigen Einstieg in die digitale Zukunft. Hier lernen Kinder nicht nur grundlegende Informatikkenntnisse und erste Schritte im Programmieren, sondern setzen sich auch mit \u00f6kologischen, \u00f6konomischen und ethischen Zusammenh\u00e4ngen auseinander.<\/p>\n\n\n\n<p>Lehrerin Svenja Glitzenhirn gibt Einblicke: \u201eOb beim Arbeiten mit der Programmierumgebung Scratch, beim Steuern von Drohnen oder beim gemeinsamen T\u00fcfteln an digitalen Projekten \u2013 Digitale Welt verbindet Technik mit Verantwortung und Kreativit\u00e4t.\u201c Ziel ist es, digitale Kompetenzen aufzubauen und gleichzeitig ein kritisches, nachhaltiges Verst\u00e4ndnis f\u00fcr die Chancen und Herausforderungen der digitalen Gesellschaft zu entwickeln.<\/p>\n\n\n\n<p>Ein besonderes Augenmerk legen wir dabei auch auf den Jugendschutz im digitalen Raum: Unsere Sch\u00fclerinnen und Sch\u00fcler lernen, wie sie sich sicher, reflektiert und verantwortungsbewusst in der digitalen Welt bewegen \u2013 von Datenschutz bis Medienethik.<\/p>\n\n\n\n<p>\u201eDabei geht es uns nicht nur um Wissen \u2013 wir wollen die Begeisterung unserer Sch\u00fclerinnen und Sch\u00fcler wecken, ihre Ideen ernst nehmen und ihre Leidenschaft f\u00fcr die digitale Welt st\u00e4rken\u201c, so Schulleiterin Dr. Tina Hoffmann-Deist. <\/p>\n\n\n\n<p><a href=\"https:\/\/gesamtschule-immenhausen.de\/wp-content\/uploads\/IMG_5107.jpeg\"><img loading=\"lazy\" decoding=\"async\" class=\"aligncenter size-large wp-image-35190\" src=\"https:\/\/gesamtschule-immenhausen.de\/wp-content\/uploads\/IMG_5107-1024x728.jpeg\" alt=\"\" width=\"1024\" height=\"728\" srcset=\"https:\/\/gesamtschule-immenhausen.de\/wp-content\/uploads\/IMG_5107-1024x728.jpeg 1024w, https:\/\/gesamtschule-immenhausen.de\/wp-content\/uploads\/IMG_5107-150x107.jpeg 150w, https:\/\/gesamtschule-immenhausen.de\/wp-content\/uploads\/IMG_5107-768x546.jpeg 768w, https:\/\/gesamtschule-immenhausen.de\/wp-content\/uploads\/IMG_5107-1536x1091.jpeg 1536w, https:\/\/gesamtschule-immenhausen.de\/wp-content\/uploads\/IMG_5107-2048x1455.jpeg 2048w, https:\/\/gesamtschule-immenhausen.de\/wp-content\/uploads\/IMG_5107-1520x1080.jpeg 1520w\" sizes=\"(max-width: 1024px) 100vw, 1024px\" \/><\/a> <a href=\"https:\/\/gesamtschule-immenhausen.de\/wp-content\/uploads\/IMG_1127-scaled.jpeg\"><img loading=\"lazy\" decoding=\"async\" class=\"aligncenter size-large wp-image-35188\" src=\"https:\/\/gesamtschule-immenhausen.de\/wp-content\/uploads\/IMG_1127-1024x768.jpeg\" alt=\"\" width=\"1024\" height=\"768\" srcset=\"https:\/\/gesamtschule-immenhausen.de\/wp-content\/uploads\/IMG_1127-1024x768.jpeg 1024w, https:\/\/gesamtschule-immenhausen.de\/wp-content\/uploads\/IMG_1127-150x113.jpeg 150w, https:\/\/gesamtschule-immenhausen.de\/wp-content\/uploads\/IMG_1127-768x576.jpeg 768w, https:\/\/gesamtschule-immenhausen.de\/wp-content\/uploads\/IMG_1127-1536x1152.jpeg 1536w, https:\/\/gesamtschule-immenhausen.de\/wp-content\/uploads\/IMG_1127-2048x1536.jpeg 2048w, https:\/\/gesamtschule-immenhausen.de\/wp-content\/uploads\/IMG_1127-1440x1080.jpeg 1440w\" sizes=\"(max-width: 1024px) 100vw, 1024px\" \/><\/a> <a href=\"https:\/\/gesamtschule-immenhausen.de\/wp-content\/uploads\/IMG_2401.jpeg\"><img loading=\"lazy\" decoding=\"async\" class=\"aligncenter size-large wp-image-35189\" src=\"https:\/\/gesamtschule-immenhausen.de\/wp-content\/uploads\/IMG_2401-1024x576.jpeg\" alt=\"\" width=\"1024\" height=\"576\" srcset=\"https:\/\/gesamtschule-immenhausen.de\/wp-content\/uploads\/IMG_2401-1024x576.jpeg 1024w, https:\/\/gesamtschule-immenhausen.de\/wp-content\/uploads\/IMG_2401-150x84.jpeg 150w, https:\/\/gesamtschule-immenhausen.de\/wp-content\/uploads\/IMG_2401-768x432.jpeg 768w, https:\/\/gesamtschule-immenhausen.de\/wp-content\/uploads\/IMG_2401-1536x865.jpeg 1536w, https:\/\/gesamtschule-immenhausen.de\/wp-content\/uploads\/IMG_2401-2048x1153.jpeg 2048w, https:\/\/gesamtschule-immenhausen.de\/wp-content\/uploads\/IMG_2401-1920x1080.jpeg 1920w\" sizes=\"(max-width: 1024px) 100vw, 1024px\" \/><\/a> <a href=\"https:\/\/gesamtschule-immenhausen.de\/wp-content\/uploads\/IMG_1126-scaled.jpeg\"><img loading=\"lazy\" decoding=\"async\" class=\"aligncenter size-large wp-image-35187\" src=\"https:\/\/gesamtschule-immenhausen.de\/wp-content\/uploads\/IMG_1126-1024x768.jpeg\" alt=\"\" width=\"1024\" height=\"768\" srcset=\"https:\/\/gesamtschule-immenhausen.de\/wp-content\/uploads\/IMG_1126-1024x768.jpeg 1024w, https:\/\/gesamtschule-immenhausen.de\/wp-content\/uploads\/IMG_1126-150x113.jpeg 150w, https:\/\/gesamtschule-immenhausen.de\/wp-content\/uploads\/IMG_1126-768x576.jpeg 768w, https:\/\/gesamtschule-immenhausen.de\/wp-content\/uploads\/IMG_1126-1536x1152.jpeg 1536w, https:\/\/gesamtschule-immenhausen.de\/wp-content\/uploads\/IMG_1126-2048x1536.jpeg 2048w, https:\/\/gesamtschule-immenhausen.de\/wp-content\/uploads\/IMG_1126-1440x1080.jpeg 1440w\" sizes=\"(max-width: 1024px) 100vw, 1024px\" \/><\/a><\/p>\n\n\n","protected":false},"excerpt":{"rendered":"<p>Mit dem neuen Fach \u201eDigitale Welt\u201c bietet die Freiherr-vom-Stein-Schule Immenhausen Sch\u00fclerinnen und Sch\u00fclern der Jahrg\u00e4nge 5 und 6 einen kreativen und nachhaltigen Einstieg in die digitale Zukunft. Hier lernen Kinder nicht nur grundlegende Informatikkenntnisse und erste Schritte im Programmieren, sondern setzen sich auch mit \u00f6kologischen, \u00f6konomischen und ethischen Zusammenh\u00e4ngen auseinander. Lehrerin Svenja Glitzenhirn gibt Einblicke: [&hellip;]<\/p>\n","protected":false},"author":3,"featured_media":35191,"comment_status":"closed","ping_status":"closed","sticky":false,"template":"","format":"standard","meta":{"saved_in_kubio":false,"footnotes":""},"categories":[1],"tags":[],"class_list":["post-35186","post","type-post","status-publish","format-standard","has-post-thumbnail","hentry","category-allgemein"],"_links":{"self":[{"href":"https:\/\/gesamtschule-immenhausen.de\/index.php?rest_route=\/wp\/v2\/posts\/35186","targetHints":{"allow":["GET"]}}],"collection":[{"href":"https:\/\/gesamtschule-immenhausen.de\/index.php?rest_route=\/wp\/v2\/posts"}],"about":[{"href":"https:\/\/gesamtschule-immenhausen.de\/index.php?rest_route=\/wp\/v2\/types\/post"}],"author":[{"embeddable":true,"href":"https:\/\/gesamtschule-immenhausen.de\/index.php?rest_route=\/wp\/v2\/users\/3"}],"replies":[{"embeddable":true,"href":"https:\/\/gesamtschule-immenhausen.de\/index.php?rest_route=%2Fwp%2Fv2%2Fcomments&post=35186"}],"version-history":[{"count":1,"href":"https:\/\/gesamtschule-immenhausen.de\/index.php?rest_route=\/wp\/v2\/posts\/35186\/revisions"}],"predecessor-version":[{"id":35192,"href":"https:\/\/gesamtschule-immenhausen.de\/index.php?rest_route=\/wp\/v2\/posts\/35186\/revisions\/35192"}],"wp:featuredmedia":[{"embeddable":true,"href":"https:\/\/gesamtschule-immenhausen.de\/index.php?rest_route=\/wp\/v2\/media\/35191"}],"wp:attachment":[{"href":"https:\/\/gesamtschule-immenhausen.de\/index.php?rest_route=%2Fwp%2Fv2%2Fmedia&parent=35186"}],"wp:term":[{"taxonomy":"category","embeddable":true,"href":"https:\/\/gesamtschule-immenhausen.de\/index.php?rest_route=%2Fwp%2Fv2%2Fcategories&post=35186"},{"taxonomy":"post_tag","embeddable":true,"href":"https:\/\/gesamtschule-immenhausen.de\/index.php?rest_route=%2Fwp%2Fv2%2Ftags&post=35186"}],"curies":[{"name":"wp","href":"https:\/\/api.w.org\/{rel}","templated":true}]}}