{"id":35113,"date":"2025-04-22T11:51:38","date_gmt":"2025-04-22T09:51:38","guid":{"rendered":"https:\/\/gesamtschule-immenhausen.de\/?p=35113"},"modified":"2025-04-21T11:53:44","modified_gmt":"2025-04-21T09:53:44","slug":"schulinterner-vorlesewettbewerb-englisch-durchgefuehrt","status":"publish","type":"post","link":"https:\/\/gesamtschule-immenhausen.de\/?p=35113","title":{"rendered":"Schulinterner Vorlesewettbewerb Englisch durchgef\u00fchrt"},"content":{"rendered":"\n<p>In den vergangenen Wochen lasen die Sch\u00fcler des Jahrgangs 7 verschiedene englischen Lekt\u00fcren. In klasseninternen Entscheiden qualifizierten sich pro Kurs zwei Sch\u00fclerinnen und Sch\u00fcler f\u00fcr den Wettbewerb. Vor den Ferien war es dann so weit \u2013 der j\u00e4hrliche Vorlesewettbewerb Englisch im Jahrgang 7 fand in der B\u00fccherei statt. Mit spannenden Geschichten von \u201eRobin Hood\u201c, \u201eCharlie and the Chocolate Factory\u201c bis hin zu den \u201eVampire Dairies\u201c zogen die Vorleser die Jury in ihren Bann. Teilweise waren die Entscheidungen zwischen den einzelnen Teilnehmern sehr knapp.\u00a0<\/p>\n\n\n\n<p>Die Teilnehmer platzierten sich wie folgt:<\/p>\n\n\n\n<p>Roberto Rumenov: 1. Platz f\u00fcr die C-Kurs<\/p>\n\n\n\n<p>Fiona Haferbeck und Angel Rumenov: 2. Platz f\u00fcr die C-Kurse<\/p>\n\n\n\n<p>Levi Ryll: 1. Platz f\u00fcr den B-Kurs<\/p>\n\n\n\n<p>Safah Jambali: 2. Platz f\u00fcr den B-Kurs<\/p>\n\n\n\n<p>Helene Schau: 1. Platz f\u00fcr den Gymnasialzweig<\/p>\n\n\n\n<p>Greta Bolte: 2. Platz f\u00fcr den Gymnasialzweig<\/p>\n\n\n\n<p>Paula Kaiser und Ben Harlinghausen: 3. Platz f\u00fcr den Gymnasialzweig<\/p>\n\n\n\n<p>Jeder der 1. Pl\u00e4tze erhielt einen Buchgutschein von der Buchhandlung \u201eVaternahm\u201c mit freundlicher Unterst\u00fctzung durch den F\u00f6rderverein unserer Schule. \u201eVielen Dank f\u00fcr euer Engagement und eure tollen Leistungen liebe Vorleser! Ein herzlicher Dank geht auch an die Kolleginnen und Kollegen, welche die Sch\u00fcler in den vergangenen Wochen beraten, begleitet und vorbereitet haben sowie an die Jury\u201c, so Englischlehrerin Peggy Pauli, die den Wettbewerb mit organisiert hatte.&nbsp;<\/p>\n\n\n\n<p>Foto (von links nach rechts): Levi Ryll, Ben Harlinghausen, Fiona Haferbeck, Roberto Rumenov, Paula Kaiser, Helene Schau, Angel Rumenov, Greta Bolte, Safah Jambali.<\/p>\n","protected":false},"excerpt":{"rendered":"<p>In den vergangenen Wochen lasen die Sch\u00fcler des Jahrgangs 7 verschiedene englischen Lekt\u00fcren. In klasseninternen Entscheiden qualifizierten sich pro Kurs zwei Sch\u00fclerinnen und Sch\u00fcler f\u00fcr den Wettbewerb. Vor den Ferien war es dann so weit \u2013 der j\u00e4hrliche Vorlesewettbewerb Englisch im Jahrgang 7 fand in der B\u00fccherei statt. Mit spannenden Geschichten von \u201eRobin Hood\u201c, \u201eCharlie [&hellip;]<\/p>\n","protected":false},"author":2,"featured_media":35114,"comment_status":"closed","ping_status":"closed","sticky":false,"template":"","format":"standard","meta":{"saved_in_kubio":false,"footnotes":""},"categories":[1],"tags":[],"class_list":["post-35113","post","type-post","status-publish","format-standard","has-post-thumbnail","hentry","category-allgemein"],"_links":{"self":[{"href":"https:\/\/gesamtschule-immenhausen.de\/index.php?rest_route=\/wp\/v2\/posts\/35113","targetHints":{"allow":["GET"]}}],"collection":[{"href":"https:\/\/gesamtschule-immenhausen.de\/index.php?rest_route=\/wp\/v2\/posts"}],"about":[{"href":"https:\/\/gesamtschule-immenhausen.de\/index.php?rest_route=\/wp\/v2\/types\/post"}],"author":[{"embeddable":true,"href":"https:\/\/gesamtschule-immenhausen.de\/index.php?rest_route=\/wp\/v2\/users\/2"}],"replies":[{"embeddable":true,"href":"https:\/\/gesamtschule-immenhausen.de\/index.php?rest_route=%2Fwp%2Fv2%2Fcomments&post=35113"}],"version-history":[{"count":1,"href":"https:\/\/gesamtschule-immenhausen.de\/index.php?rest_route=\/wp\/v2\/posts\/35113\/revisions"}],"predecessor-version":[{"id":35115,"href":"https:\/\/gesamtschule-immenhausen.de\/index.php?rest_route=\/wp\/v2\/posts\/35113\/revisions\/35115"}],"wp:featuredmedia":[{"embeddable":true,"href":"https:\/\/gesamtschule-immenhausen.de\/index.php?rest_route=\/wp\/v2\/media\/35114"}],"wp:attachment":[{"href":"https:\/\/gesamtschule-immenhausen.de\/index.php?rest_route=%2Fwp%2Fv2%2Fmedia&parent=35113"}],"wp:term":[{"taxonomy":"category","embeddable":true,"href":"https:\/\/gesamtschule-immenhausen.de\/index.php?rest_route=%2Fwp%2Fv2%2Fcategories&post=35113"},{"taxonomy":"post_tag","embeddable":true,"href":"https:\/\/gesamtschule-immenhausen.de\/index.php?rest_route=%2Fwp%2Fv2%2Ftags&post=35113"}],"curies":[{"name":"wp","href":"https:\/\/api.w.org\/{rel}","templated":true}]}}