{"id":35098,"date":"2025-04-12T15:02:05","date_gmt":"2025-04-12T13:02:05","guid":{"rendered":"https:\/\/gesamtschule-immenhausen.de\/?p=35098"},"modified":"2025-04-02T15:10:52","modified_gmt":"2025-04-02T13:10:52","slug":"freiherr-vom-stein-schule-kooperiert-mit-tafel-hofgeismar","status":"publish","type":"post","link":"https:\/\/gesamtschule-immenhausen.de\/?p=35098","title":{"rendered":"Freiherr-vom-Stein-Schule kooperiert mit \u201eTafel Hofgeismar\u201c"},"content":{"rendered":"\n<p>Die G7a der Freiherr-vom-Stein-Schule Immenhausen hat im Rahmen des Religionsunterrichts von Frau Jasmin Jilg eine Exkursion zur \u201eTafel\u201c in Hofgeismar unternommen. Von dem Besuch berichtet Marla Hernold.<\/p>\n\n\n\n<p>\u201eVor Ort wurden wir sehr freundlich von Frau Wiegand empfangen. Sie arbeitet seit 2016 im sozialen Bereich und engagiert sich seit 2022 ehrenamtlich bei der Tafel. Wir bekamen Einblicke in die R\u00e4umlichkeiten, die Angebote zum Kochen und die Arbeit der ehrenamtlichen Helferinnen und Helfer. T\u00e4glich kommen rund 50 Familien zur Tafel, um sich dort Lebensmittel abzuholen. Die Superm\u00e4rkte spenden jeden Tag neue Waren. Am h\u00e4ufigsten werden Obst, Gem\u00fcse und Backwaren gespendet, w\u00e4hrend haltbare Lebensmittel wie Mehl, Reis oder Nudeln seltener gespendet werden. In der Zeit von Januar bis Ostern erh\u00e4lt die Tafel am wenigsten Spenden. Trotzdem \u00f6ffnet sie montags, donnerstags und samstags. Dank vieler ehrenamtlicher Menschen und Spender gibt es die Tafel nun schon seit 25 Jahren und sie hilft vielen Menschen.<\/p>\n\n\n\n<p>Jetzt ist unsere Schule gefragt! Vom 28. April an startet an der Freiherr-vom-Stein-Schule eine gro\u00dfe Spendenaktion. Drei Wochen lang wollen wir gemeinsam m\u00f6glichst viele haltbare Lebensmittel f\u00fcr die Tafel sammeln, um Menschen in unserer Region zu unterst\u00fctzen. Jede Spende z\u00e4hlt! Genauere Informationen dazu, was gesammelt wird und wo die Spenden abgegeben werden k\u00f6nnen, werden in einem Flyer der G7a zu finden sein, der bald ver\u00f6ffentlicht wird.&#8220;<\/p>\n\n\n\n<p><a href=\"https:\/\/gesamtschule-immenhausen.de\/wp-content\/uploads\/487050580_1206791511452555_638964522658050709_n.jpg\"><img loading=\"lazy\" decoding=\"async\" class=\"aligncenter size-large wp-image-35102\" src=\"https:\/\/gesamtschule-immenhausen.de\/wp-content\/uploads\/487050580_1206791511452555_638964522658050709_n-768x1024.jpg\" alt=\"\" width=\"768\" height=\"1024\" srcset=\"https:\/\/gesamtschule-immenhausen.de\/wp-content\/uploads\/487050580_1206791511452555_638964522658050709_n-768x1024.jpg 768w, https:\/\/gesamtschule-immenhausen.de\/wp-content\/uploads\/487050580_1206791511452555_638964522658050709_n-113x150.jpg 113w, https:\/\/gesamtschule-immenhausen.de\/wp-content\/uploads\/487050580_1206791511452555_638964522658050709_n-1152x1536.jpg 1152w, https:\/\/gesamtschule-immenhausen.de\/wp-content\/uploads\/487050580_1206791511452555_638964522658050709_n-810x1080.jpg 810w, https:\/\/gesamtschule-immenhausen.de\/wp-content\/uploads\/487050580_1206791511452555_638964522658050709_n.jpg 1536w\" sizes=\"(max-width: 768px) 100vw, 768px\" \/><\/a> <a href=\"https:\/\/gesamtschule-immenhausen.de\/wp-content\/uploads\/487048633_1206791321452574_6744421227192220588_n.jpg\"><img loading=\"lazy\" decoding=\"async\" class=\"aligncenter size-large wp-image-35103\" src=\"https:\/\/gesamtschule-immenhausen.de\/wp-content\/uploads\/487048633_1206791321452574_6744421227192220588_n-1024x768.jpg\" alt=\"\" width=\"1024\" height=\"768\" srcset=\"https:\/\/gesamtschule-immenhausen.de\/wp-content\/uploads\/487048633_1206791321452574_6744421227192220588_n-1024x768.jpg 1024w, https:\/\/gesamtschule-immenhausen.de\/wp-content\/uploads\/487048633_1206791321452574_6744421227192220588_n-150x113.jpg 150w, https:\/\/gesamtschule-immenhausen.de\/wp-content\/uploads\/487048633_1206791321452574_6744421227192220588_n-768x576.jpg 768w, https:\/\/gesamtschule-immenhausen.de\/wp-content\/uploads\/487048633_1206791321452574_6744421227192220588_n-1536x1152.jpg 1536w, https:\/\/gesamtschule-immenhausen.de\/wp-content\/uploads\/487048633_1206791321452574_6744421227192220588_n-1440x1080.jpg 1440w, https:\/\/gesamtschule-immenhausen.de\/wp-content\/uploads\/487048633_1206791321452574_6744421227192220588_n.jpg 2048w\" sizes=\"(max-width: 1024px) 100vw, 1024px\" \/><\/a><\/p>\n\n\n\n<p>Fotos: Jasmin Jilg<\/p>\n","protected":false},"excerpt":{"rendered":"<p>Die G7a der Freiherr-vom-Stein-Schule Immenhausen hat im Rahmen des Religionsunterrichts von Frau Jasmin Jilg eine Exkursion zur \u201eTafel\u201c in Hofgeismar unternommen. Von dem Besuch berichtet Marla Hernold. \u201eVor Ort wurden wir sehr freundlich von Frau Wiegand empfangen. Sie arbeitet seit 2016 im sozialen Bereich und engagiert sich seit 2022 ehrenamtlich bei der Tafel. Wir bekamen [&hellip;]<\/p>\n","protected":false},"author":3,"featured_media":35104,"comment_status":"closed","ping_status":"closed","sticky":false,"template":"","format":"standard","meta":{"saved_in_kubio":false,"footnotes":""},"categories":[1],"tags":[],"class_list":["post-35098","post","type-post","status-publish","format-standard","has-post-thumbnail","hentry","category-allgemein"],"_links":{"self":[{"href":"https:\/\/gesamtschule-immenhausen.de\/index.php?rest_route=\/wp\/v2\/posts\/35098","targetHints":{"allow":["GET"]}}],"collection":[{"href":"https:\/\/gesamtschule-immenhausen.de\/index.php?rest_route=\/wp\/v2\/posts"}],"about":[{"href":"https:\/\/gesamtschule-immenhausen.de\/index.php?rest_route=\/wp\/v2\/types\/post"}],"author":[{"embeddable":true,"href":"https:\/\/gesamtschule-immenhausen.de\/index.php?rest_route=\/wp\/v2\/users\/3"}],"replies":[{"embeddable":true,"href":"https:\/\/gesamtschule-immenhausen.de\/index.php?rest_route=%2Fwp%2Fv2%2Fcomments&post=35098"}],"version-history":[{"count":1,"href":"https:\/\/gesamtschule-immenhausen.de\/index.php?rest_route=\/wp\/v2\/posts\/35098\/revisions"}],"predecessor-version":[{"id":35105,"href":"https:\/\/gesamtschule-immenhausen.de\/index.php?rest_route=\/wp\/v2\/posts\/35098\/revisions\/35105"}],"wp:featuredmedia":[{"embeddable":true,"href":"https:\/\/gesamtschule-immenhausen.de\/index.php?rest_route=\/wp\/v2\/media\/35104"}],"wp:attachment":[{"href":"https:\/\/gesamtschule-immenhausen.de\/index.php?rest_route=%2Fwp%2Fv2%2Fmedia&parent=35098"}],"wp:term":[{"taxonomy":"category","embeddable":true,"href":"https:\/\/gesamtschule-immenhausen.de\/index.php?rest_route=%2Fwp%2Fv2%2Fcategories&post=35098"},{"taxonomy":"post_tag","embeddable":true,"href":"https:\/\/gesamtschule-immenhausen.de\/index.php?rest_route=%2Fwp%2Fv2%2Ftags&post=35098"}],"curies":[{"name":"wp","href":"https:\/\/api.w.org\/{rel}","templated":true}]}}