{"id":34924,"date":"2025-02-26T09:52:10","date_gmt":"2025-02-26T08:52:10","guid":{"rendered":"https:\/\/gesamtschule-immenhausen.de\/?p=34924"},"modified":"2025-02-26T15:20:19","modified_gmt":"2025-02-26T14:20:19","slug":"schueler-erhalten-preise-fuer-ideen-zur-nachhaltigen-mobilitaet","status":"publish","type":"post","link":"https:\/\/gesamtschule-immenhausen.de\/?p=34924","title":{"rendered":"Sch\u00fcler erhalten Preise f\u00fcr Ideen zur nachhaltigen Mobilit\u00e4t"},"content":{"rendered":"\n<p>Bei der j\u00e4hrlich stattfindenden Europ\u00e4ischen Mobilit\u00e4tswoche (EMW) dreht sich alles um die Vielfalt der Mobilit\u00e4t. Unter dem Leitmotto \u201eShared Public Space \u2013 Stra\u00dfenraum gemeinsam nutzen\u201c im vergangenen Jahr wurde die nachhaltige Mobilit\u00e4t in den Fokus ger\u00fcckt. Ein Thema, das alle angeht: Deshalb hat der Fachbereich Schulen, Sport und Mobilit\u00e4t beim Landkreis Kassel Sch\u00fclerinnen und Sch\u00fcler aufgerufen, sich an der EMW mit einer ganz eigenen Aktion zu beteiligen. Die Freiherr\u2010vom\u2010Stein\u2010Schule und die Lilli\u2010Jahn\u2010Schule aus Immenhausen sind dem Aufruf gefolgt und wurden nun f\u00fcr ihren Einsatz belohnt.\u00a0<\/p>\n<p>\u201eIch bin sehr stolz auf das Engagement der Sch\u00fclerinnen und Sch\u00fcler anl\u00e4sslich der Europ\u00e4ischen Mobilit\u00e4tswoche. Mit ihren Ideen und Aktionen haben sie gezeigt, wie wichtig nachhaltige Mobilit\u00e4t im Stra\u00dfenverkehr ist\u201c, lobt die Erste Kreisbeigeordnete Silke Engler.\u00a0 Auch die Stadt Immenhausen unterst\u00fctzte die Schulen bei ihren Vorhaben. Fachbereichsleiter Uwe Koch erg\u00e4nzt: \u201eIch m\u00f6chte mich recht herzlich bei der Stadt Immenhausen f\u00fcr die Sperrung einiger Stra\u00dfenz\u00fcge bedanken. Nur so konnten die Grund\u2010 und Gesamtsch\u00fcler \/ innen eine autofreie Nutzung des \u00f6ffentlichen Verkehrsraums erleben und werden als Erwachsene hoffentlich immer mal wieder das Auto stehen lassen.\u201c<\/p>\n<p>Die Lilli\u2010Jahn\u2010Schule organisierte einen Sponsorenlauf im Innenstadtbereich von Immenhausen. Die Freiherr\u2010vom\u2010Stein Schule kam dem Aufruf ebenfalls nach und setzte dabei unter anderem aufs Fahrrad. W\u00e4hrend eines Mobilit\u00e4tstages wurden die Stra\u00dfe und die Parkpl\u00e4tze vor der Schule gesperrt und f\u00fcr Aktionen zum Thema Mobilit\u00e4t genutzt. Ein H\u00f6hepunkt war die offizielle \u00dcbergabe der 14 Mountainbikes durch \u201ebikepool Hessen\u201c \u2013 denn die Freiherr\u2010vom\u2010Stein\u2010Schule ist jetzt offiziell eine \u201eBikeschool\u201c. Der gemeinn\u00fctzige Verein bikepool Hessen und die AOK f\u00f6rdern die Umsetzung von Fahrradangeboten an Schulen und unterst\u00fctzen Schulen bei der Anschaffung von Mountainbikes. Die Freiherr\u2010vom\u2010Stein\u2010Schule ist eine der gef\u00f6rderten Schulen und erhielt nicht nur die Mountainbikes, sondern konnte auch zwei Lehrkr\u00e4fte fortbilden. Am Mobilit\u00e4tstag konnten somit circa 40 Sch\u00fclerinnen und Sch\u00fcler ein Fahrtraining auf den neuen R\u00e4dern absolvieren.<\/p>\n<p>Die Gesamtschule darf sich nun \u00fcber vier Fahrradmontagest\u00e4nder f\u00fcr die Fahrradwerkstatt und Markierungskegel f\u00fcr die Mountainbike\u2010AG freuen. \u201eVielen Dank an Herrn Riehl, Herrn K\u00f6hling, Herrn K\u00f6nig und Frau Mai f\u00fcr die Organisation und die Betreuung von Aktivit\u00e4ten\u201c, so Schulleiterin Dr. Tina Hoffmann-Deist.<\/p>\n<p>Text\/Foto: Landkreis Kassel \/ privat<\/p>\n<p>\u00a0<\/p>\n","protected":false},"excerpt":{"rendered":"<p>Bei der j\u00e4hrlich stattfindenden Europ\u00e4ischen Mobilit\u00e4tswoche (EMW) dreht sich alles um die Vielfalt der Mobilit\u00e4t. Unter dem Leitmotto \u201eShared Public Space \u2013 Stra\u00dfenraum gemeinsam nutzen\u201c im vergangenen Jahr wurde die nachhaltige Mobilit\u00e4t in den Fokus ger\u00fcckt. Ein Thema, das alle angeht: Deshalb hat der Fachbereich Schulen, Sport und Mobilit\u00e4t beim Landkreis Kassel Sch\u00fclerinnen und Sch\u00fcler [&hellip;]<\/p>\n","protected":false},"author":3,"featured_media":34925,"comment_status":"closed","ping_status":"closed","sticky":false,"template":"","format":"standard","meta":{"saved_in_kubio":false,"footnotes":""},"categories":[1],"tags":[],"class_list":["post-34924","post","type-post","status-publish","format-standard","has-post-thumbnail","hentry","category-allgemein"],"_links":{"self":[{"href":"https:\/\/gesamtschule-immenhausen.de\/index.php?rest_route=\/wp\/v2\/posts\/34924","targetHints":{"allow":["GET"]}}],"collection":[{"href":"https:\/\/gesamtschule-immenhausen.de\/index.php?rest_route=\/wp\/v2\/posts"}],"about":[{"href":"https:\/\/gesamtschule-immenhausen.de\/index.php?rest_route=\/wp\/v2\/types\/post"}],"author":[{"embeddable":true,"href":"https:\/\/gesamtschule-immenhausen.de\/index.php?rest_route=\/wp\/v2\/users\/3"}],"replies":[{"embeddable":true,"href":"https:\/\/gesamtschule-immenhausen.de\/index.php?rest_route=%2Fwp%2Fv2%2Fcomments&post=34924"}],"version-history":[{"count":3,"href":"https:\/\/gesamtschule-immenhausen.de\/index.php?rest_route=\/wp\/v2\/posts\/34924\/revisions"}],"predecessor-version":[{"id":34936,"href":"https:\/\/gesamtschule-immenhausen.de\/index.php?rest_route=\/wp\/v2\/posts\/34924\/revisions\/34936"}],"wp:featuredmedia":[{"embeddable":true,"href":"https:\/\/gesamtschule-immenhausen.de\/index.php?rest_route=\/wp\/v2\/media\/34925"}],"wp:attachment":[{"href":"https:\/\/gesamtschule-immenhausen.de\/index.php?rest_route=%2Fwp%2Fv2%2Fmedia&parent=34924"}],"wp:term":[{"taxonomy":"category","embeddable":true,"href":"https:\/\/gesamtschule-immenhausen.de\/index.php?rest_route=%2Fwp%2Fv2%2Fcategories&post=34924"},{"taxonomy":"post_tag","embeddable":true,"href":"https:\/\/gesamtschule-immenhausen.de\/index.php?rest_route=%2Fwp%2Fv2%2Ftags&post=34924"}],"curies":[{"name":"wp","href":"https:\/\/api.w.org\/{rel}","templated":true}]}}