{"id":34831,"date":"2025-01-30T14:12:05","date_gmt":"2025-01-30T13:12:05","guid":{"rendered":"https:\/\/gesamtschule-immenhausen.de\/?p=34831"},"modified":"2025-02-01T15:17:59","modified_gmt":"2025-02-01T14:17:59","slug":"veraenderungen-ags-im-2-halbjahr","status":"publish","type":"post","link":"https:\/\/gesamtschule-immenhausen.de\/?p=34831","title":{"rendered":"Ver\u00e4nderungen AGs im 2. Halbjahr"},"content":{"rendered":"\n<p class=\"x_MsoNormal\">Ab Montag gelten die abgegebenen An- und Abmeldungen bei den AG-Angeboten. Bei einigen Kursen gibt es viele \u00c4nderungen. Dadurch kann es auch dazu f\u00fchren, dass die AG im 2. Halbjahr ausf\u00e4llt. Die AG-Leiterinnen und -leiter pr\u00fcfen das gerade. Diese Ver\u00e4nderungen werden hier fortlaufend aktualisiert, wenn die Entscheidungen feststehen. Bei Fragen, erreichen Sie Herrn Leitschuh unter <a href=\"mailto:marcus.leitschuh@schule.hessen.de\">marcus.leitschuh@schule.hessen.de\u00a0<\/a><\/p>\n\n\n\n<p>-Die Handball-AG startet am Montag (vor dem AG-B\u00fcro)<\/p>\n<p>-Die Keyboard-AG l\u00e4uft weiter.\u00a0<\/p>\n<p>(Weitere Informationen, wenn die AG-Leiter die Entscheidungen der Schule mitteilen. Stand: 1.2.25)<\/p>\n\n\n","protected":false},"excerpt":{"rendered":"<p>Ab Montag gelten die abgegebenen An- und Abmeldungen bei den AG-Angeboten. Bei einigen Kursen gibt es viele \u00c4nderungen. Dadurch kann es auch dazu f\u00fchren, dass die AG im 2. Halbjahr ausf\u00e4llt. Die AG-Leiterinnen und -leiter pr\u00fcfen das gerade. Diese Ver\u00e4nderungen werden hier fortlaufend aktualisiert, wenn die Entscheidungen feststehen. Bei Fragen, erreichen Sie Herrn Leitschuh unter [&hellip;]<\/p>\n","protected":false},"author":3,"featured_media":34832,"comment_status":"closed","ping_status":"closed","sticky":false,"template":"","format":"standard","meta":{"saved_in_kubio":false,"footnotes":""},"categories":[1],"tags":[],"class_list":["post-34831","post","type-post","status-publish","format-standard","has-post-thumbnail","hentry","category-allgemein"],"_links":{"self":[{"href":"https:\/\/gesamtschule-immenhausen.de\/index.php?rest_route=\/wp\/v2\/posts\/34831","targetHints":{"allow":["GET"]}}],"collection":[{"href":"https:\/\/gesamtschule-immenhausen.de\/index.php?rest_route=\/wp\/v2\/posts"}],"about":[{"href":"https:\/\/gesamtschule-immenhausen.de\/index.php?rest_route=\/wp\/v2\/types\/post"}],"author":[{"embeddable":true,"href":"https:\/\/gesamtschule-immenhausen.de\/index.php?rest_route=\/wp\/v2\/users\/3"}],"replies":[{"embeddable":true,"href":"https:\/\/gesamtschule-immenhausen.de\/index.php?rest_route=%2Fwp%2Fv2%2Fcomments&post=34831"}],"version-history":[{"count":5,"href":"https:\/\/gesamtschule-immenhausen.de\/index.php?rest_route=\/wp\/v2\/posts\/34831\/revisions"}],"predecessor-version":[{"id":34842,"href":"https:\/\/gesamtschule-immenhausen.de\/index.php?rest_route=\/wp\/v2\/posts\/34831\/revisions\/34842"}],"wp:featuredmedia":[{"embeddable":true,"href":"https:\/\/gesamtschule-immenhausen.de\/index.php?rest_route=\/wp\/v2\/media\/34832"}],"wp:attachment":[{"href":"https:\/\/gesamtschule-immenhausen.de\/index.php?rest_route=%2Fwp%2Fv2%2Fmedia&parent=34831"}],"wp:term":[{"taxonomy":"category","embeddable":true,"href":"https:\/\/gesamtschule-immenhausen.de\/index.php?rest_route=%2Fwp%2Fv2%2Fcategories&post=34831"},{"taxonomy":"post_tag","embeddable":true,"href":"https:\/\/gesamtschule-immenhausen.de\/index.php?rest_route=%2Fwp%2Fv2%2Ftags&post=34831"}],"curies":[{"name":"wp","href":"https:\/\/api.w.org\/{rel}","templated":true}]}}