{"id":34811,"date":"2025-01-23T14:43:52","date_gmt":"2025-01-23T13:43:52","guid":{"rendered":"https:\/\/gesamtschule-immenhausen.de\/?p=34811"},"modified":"2025-01-23T14:43:52","modified_gmt":"2025-01-23T13:43:52","slug":"schulklassen-zu-besuch-im-rathaus","status":"publish","type":"post","link":"https:\/\/gesamtschule-immenhausen.de\/?p=34811","title":{"rendered":"Schulklassen zu Besuch im Rathaus"},"content":{"rendered":"\n<p>In den vergangenen zwei Wochen besuchten zwei Schulklassen der Freiherr-vom-Stein-Schule das Rathaus der Stadt Immenhausen. Die 6. Klassen von Frau D\u00f6ring und Frau Lindberg besch\u00e4ftigen sich derzeit im Politikunterricht mit dem Thema Kommunalpolitik. Und wer w\u00e4re da eine bessere Quelle als der B\u00fcrgermeister selbst.<br>Im Stadtverordnetensitzungssaal empfing B\u00fcrgermeister Lars Obermann die Schulklassen jeweils herzlich und erkl\u00e4rte den Sch\u00fclerinnen und Sch\u00fclern die Grundlagen der Kommunalpolitik. Neben Getr\u00e4nken und Schnucke hatte B\u00fcrgermeister Lars Obermann f\u00fcr die Sch\u00fclerinnen und Sch\u00fcler auch noch ein kleines Geschenk, ein Multifunktionstuch, der Nahmobilit\u00e4t Hessen und der Stadt Immenhausen, dabei, welches jede\/r Sch\u00fcler\/-in von ihm erhielt.<br>Im Anschluss stellte er sich in einer offenen Fragerunde der Bandbreite der Fragen: Von privaten Themen wie Haustiere oder das Gehalt bis hin zu konkreten Fragen \u00fcber die Arbeit der Stadtverwaltung und geplanten Projekten. Besonders erfreulich war das Engagement der Sch\u00fclerinnen und Sch\u00fcler, die nicht nur Interesse zeigten, sondern auch Anregungen einbrachten, wie sich das Leben in Immenhausen weiter verbessern lie\u00dfe.<br>\u201eDer Austausch mit jungen Menschen ist immer wieder inspirierend. Ihre Fragen und Anregungen geben uns wertvolle Einblicke und neue Perspektiven,\u201c betonte B\u00fcrgermeister Lars Obermann.<br>Die Stadt Immenhausen bedankt sich f\u00fcr das Interesse der Freiherr-vom-Stein-Schule und freut sich auf zuk\u00fcnftige Besuche.<\/p>\n\n\n\n<p>Quelle:&nbsp;<a href=\"https:\/\/www.immenhausen.de\/news\/1\/1023609\/nachrichten\/schulklassen-zu-besuch-im-rathaus.html\" target=\"_blank\" rel=\"noreferrer noopener\">https:\/\/www.immenhausen.de\/news\/1\/1023609\/nachrichten\/schulklassen-zu-besuch-im-rathaus.html<\/a><\/p>\n\n\n\n<p><a href=\"https:\/\/gesamtschule-immenhausen.de\/wp-content\/uploads\/2025_-_Schulklassen_zu_Besuch_im_Rathaus_2.jpg\"><img loading=\"lazy\" decoding=\"async\" class=\"aligncenter size-large wp-image-34813\" src=\"https:\/\/gesamtschule-immenhausen.de\/wp-content\/uploads\/2025_-_Schulklassen_zu_Besuch_im_Rathaus_2-1024x644.jpg\" alt=\"\" width=\"1024\" height=\"644\" srcset=\"https:\/\/gesamtschule-immenhausen.de\/wp-content\/uploads\/2025_-_Schulklassen_zu_Besuch_im_Rathaus_2-1024x644.jpg 1024w, https:\/\/gesamtschule-immenhausen.de\/wp-content\/uploads\/2025_-_Schulklassen_zu_Besuch_im_Rathaus_2-150x94.jpg 150w, https:\/\/gesamtschule-immenhausen.de\/wp-content\/uploads\/2025_-_Schulklassen_zu_Besuch_im_Rathaus_2-768x483.jpg 768w, https:\/\/gesamtschule-immenhausen.de\/wp-content\/uploads\/2025_-_Schulklassen_zu_Besuch_im_Rathaus_2-1536x966.jpg 1536w, https:\/\/gesamtschule-immenhausen.de\/wp-content\/uploads\/2025_-_Schulklassen_zu_Besuch_im_Rathaus_2-1718x1080.jpg 1718w, https:\/\/gesamtschule-immenhausen.de\/wp-content\/uploads\/2025_-_Schulklassen_zu_Besuch_im_Rathaus_2.jpg 1920w\" sizes=\"(max-width: 1024px) 100vw, 1024px\" \/><\/a><\/p>\n\n\n","protected":false},"excerpt":{"rendered":"<p>In den vergangenen zwei Wochen besuchten zwei Schulklassen der Freiherr-vom-Stein-Schule das Rathaus der Stadt Immenhausen. Die 6. Klassen von Frau D\u00f6ring und Frau Lindberg besch\u00e4ftigen sich derzeit im Politikunterricht mit dem Thema Kommunalpolitik. Und wer w\u00e4re da eine bessere Quelle als der B\u00fcrgermeister selbst.Im Stadtverordnetensitzungssaal empfing B\u00fcrgermeister Lars Obermann die Schulklassen jeweils herzlich und erkl\u00e4rte [&hellip;]<\/p>\n","protected":false},"author":3,"featured_media":34812,"comment_status":"closed","ping_status":"closed","sticky":false,"template":"","format":"standard","meta":{"saved_in_kubio":false,"footnotes":""},"categories":[1],"tags":[],"class_list":["post-34811","post","type-post","status-publish","format-standard","has-post-thumbnail","hentry","category-allgemein"],"_links":{"self":[{"href":"https:\/\/gesamtschule-immenhausen.de\/index.php?rest_route=\/wp\/v2\/posts\/34811","targetHints":{"allow":["GET"]}}],"collection":[{"href":"https:\/\/gesamtschule-immenhausen.de\/index.php?rest_route=\/wp\/v2\/posts"}],"about":[{"href":"https:\/\/gesamtschule-immenhausen.de\/index.php?rest_route=\/wp\/v2\/types\/post"}],"author":[{"embeddable":true,"href":"https:\/\/gesamtschule-immenhausen.de\/index.php?rest_route=\/wp\/v2\/users\/3"}],"replies":[{"embeddable":true,"href":"https:\/\/gesamtschule-immenhausen.de\/index.php?rest_route=%2Fwp%2Fv2%2Fcomments&post=34811"}],"version-history":[{"count":1,"href":"https:\/\/gesamtschule-immenhausen.de\/index.php?rest_route=\/wp\/v2\/posts\/34811\/revisions"}],"predecessor-version":[{"id":34814,"href":"https:\/\/gesamtschule-immenhausen.de\/index.php?rest_route=\/wp\/v2\/posts\/34811\/revisions\/34814"}],"wp:featuredmedia":[{"embeddable":true,"href":"https:\/\/gesamtschule-immenhausen.de\/index.php?rest_route=\/wp\/v2\/media\/34812"}],"wp:attachment":[{"href":"https:\/\/gesamtschule-immenhausen.de\/index.php?rest_route=%2Fwp%2Fv2%2Fmedia&parent=34811"}],"wp:term":[{"taxonomy":"category","embeddable":true,"href":"https:\/\/gesamtschule-immenhausen.de\/index.php?rest_route=%2Fwp%2Fv2%2Fcategories&post=34811"},{"taxonomy":"post_tag","embeddable":true,"href":"https:\/\/gesamtschule-immenhausen.de\/index.php?rest_route=%2Fwp%2Fv2%2Ftags&post=34811"}],"curies":[{"name":"wp","href":"https:\/\/api.w.org\/{rel}","templated":true}]}}