{"id":34780,"date":"2025-01-07T11:24:27","date_gmt":"2025-01-07T10:24:27","guid":{"rendered":"https:\/\/gesamtschule-immenhausen.de\/?p=34780"},"modified":"2025-01-07T11:25:02","modified_gmt":"2025-01-07T10:25:02","slug":"geringe-preisanpassung-in-der-mensa","status":"publish","type":"post","link":"https:\/\/gesamtschule-immenhausen.de\/?p=34780","title":{"rendered":"Moderate Preisanpassung in der Mensa"},"content":{"rendered":"\n<p style=\"font-weight: 400;\">Liebe Eltern! Die Mensa hat zum 01.01.25 die Preise den aktuellen Entwicklungen bei gestiegenen Lohn- und Lebensmittelkosten angepasst. Bitte geben Sie Ihren Kindern etwas mehr Einkaufsunterst\u00fctzung f\u00fcr die Pausenzeiten mit in die Schule. Danke &#8211; der Vorstand des F\u00f6rdervereins der Freiherr-vom-Stein-Schule Immenhausen<\/p>\n<p style=\"font-weight: 400;\">\u00a0<\/p>\n","protected":false},"excerpt":{"rendered":"<p>Liebe Eltern! Die Mensa hat zum 01.01.25 die Preise den aktuellen Entwicklungen bei gestiegenen Lohn- und Lebensmittelkosten angepasst. Bitte geben Sie Ihren Kindern etwas mehr Einkaufsunterst\u00fctzung f\u00fcr die Pausenzeiten mit in die Schule. Danke &#8211; der Vorstand des F\u00f6rdervereins der Freiherr-vom-Stein-Schule Immenhausen \u00a0<\/p>\n","protected":false},"author":3,"featured_media":5360,"comment_status":"closed","ping_status":"closed","sticky":false,"template":"","format":"standard","meta":{"saved_in_kubio":false,"footnotes":""},"categories":[1],"tags":[],"class_list":["post-34780","post","type-post","status-publish","format-standard","has-post-thumbnail","hentry","category-allgemein"],"_links":{"self":[{"href":"https:\/\/gesamtschule-immenhausen.de\/index.php?rest_route=\/wp\/v2\/posts\/34780","targetHints":{"allow":["GET"]}}],"collection":[{"href":"https:\/\/gesamtschule-immenhausen.de\/index.php?rest_route=\/wp\/v2\/posts"}],"about":[{"href":"https:\/\/gesamtschule-immenhausen.de\/index.php?rest_route=\/wp\/v2\/types\/post"}],"author":[{"embeddable":true,"href":"https:\/\/gesamtschule-immenhausen.de\/index.php?rest_route=\/wp\/v2\/users\/3"}],"replies":[{"embeddable":true,"href":"https:\/\/gesamtschule-immenhausen.de\/index.php?rest_route=%2Fwp%2Fv2%2Fcomments&post=34780"}],"version-history":[{"count":2,"href":"https:\/\/gesamtschule-immenhausen.de\/index.php?rest_route=\/wp\/v2\/posts\/34780\/revisions"}],"predecessor-version":[{"id":34782,"href":"https:\/\/gesamtschule-immenhausen.de\/index.php?rest_route=\/wp\/v2\/posts\/34780\/revisions\/34782"}],"wp:featuredmedia":[{"embeddable":true,"href":"https:\/\/gesamtschule-immenhausen.de\/index.php?rest_route=\/wp\/v2\/media\/5360"}],"wp:attachment":[{"href":"https:\/\/gesamtschule-immenhausen.de\/index.php?rest_route=%2Fwp%2Fv2%2Fmedia&parent=34780"}],"wp:term":[{"taxonomy":"category","embeddable":true,"href":"https:\/\/gesamtschule-immenhausen.de\/index.php?rest_route=%2Fwp%2Fv2%2Fcategories&post=34780"},{"taxonomy":"post_tag","embeddable":true,"href":"https:\/\/gesamtschule-immenhausen.de\/index.php?rest_route=%2Fwp%2Fv2%2Ftags&post=34780"}],"curies":[{"name":"wp","href":"https:\/\/api.w.org\/{rel}","templated":true}]}}