{"id":34744,"date":"2024-12-08T19:39:37","date_gmt":"2024-12-08T18:39:37","guid":{"rendered":"https:\/\/gesamtschule-immenhausen.de\/?p=34744"},"modified":"2024-12-12T09:19:46","modified_gmt":"2024-12-12T08:19:46","slug":"foerderverein-beim-weihnachtsmarkt-erfolgreich","status":"publish","type":"post","link":"https:\/\/gesamtschule-immenhausen.de\/?p=34744","title":{"rendered":"F\u00f6rderverein beim Weihnachtsmarkt erfolgreich &#8211; Sch\u00fclerinnen und Sch\u00fcler sangen"},"content":{"rendered":"\n<p>Vielen Dank an alle &#8211; auch die, die nicht auf dem Foto sind, die am Wochenende beim Weihnachtsmarkt in Immenhausen aktiv waren. Wir haben wieder Gebrannte Mandeln und Pilzpfanne verkauft. Beides war eine Stunde vor Budenende ausverkauft. Eine starke Leistung des F\u00f6rdervereinsvorstandes, gemeinsam mit Mensa, Eltern, Sch\u00fclern und Lehrkr\u00e4ften. Vielen Dank auch an Herrn Fron und Frau Riedel, die mit Sch\u00fclerinnen und Sch\u00fclern musikalisch etwas eingeprobt hatten.<\/p>\n<p><a href=\"https:\/\/gesamtschule-immenhausen.de\/wp-content\/uploads\/WhatsApp-Image-2024-12-08-at-16.56.06.jpeg\"><img loading=\"lazy\" decoding=\"async\" class=\"aligncenter size-large wp-image-34745\" src=\"https:\/\/gesamtschule-immenhausen.de\/wp-content\/uploads\/WhatsApp-Image-2024-12-08-at-16.56.06-768x1024.jpeg\" alt=\"\" width=\"768\" height=\"1024\" srcset=\"https:\/\/gesamtschule-immenhausen.de\/wp-content\/uploads\/WhatsApp-Image-2024-12-08-at-16.56.06-768x1024.jpeg 768w, https:\/\/gesamtschule-immenhausen.de\/wp-content\/uploads\/WhatsApp-Image-2024-12-08-at-16.56.06-113x150.jpeg 113w, https:\/\/gesamtschule-immenhausen.de\/wp-content\/uploads\/WhatsApp-Image-2024-12-08-at-16.56.06-1152x1536.jpeg 1152w, https:\/\/gesamtschule-immenhausen.de\/wp-content\/uploads\/WhatsApp-Image-2024-12-08-at-16.56.06-810x1080.jpeg 810w, https:\/\/gesamtschule-immenhausen.de\/wp-content\/uploads\/WhatsApp-Image-2024-12-08-at-16.56.06.jpeg 1536w\" sizes=\"(max-width: 768px) 100vw, 768px\" \/><\/a><\/p>\n\n\n\n<p><a href=\"https:\/\/gesamtschule-immenhausen.de\/wp-content\/uploads\/image0-1-scaled.jpg\"><img loading=\"lazy\" decoding=\"async\" class=\"aligncenter size-large wp-image-34741\" src=\"https:\/\/gesamtschule-immenhausen.de\/wp-content\/uploads\/image0-1-1024x768.jpg\" alt=\"\" width=\"1024\" height=\"768\" srcset=\"https:\/\/gesamtschule-immenhausen.de\/wp-content\/uploads\/image0-1-1024x768.jpg 1024w, https:\/\/gesamtschule-immenhausen.de\/wp-content\/uploads\/image0-1-150x113.jpg 150w, https:\/\/gesamtschule-immenhausen.de\/wp-content\/uploads\/image0-1-768x576.jpg 768w, https:\/\/gesamtschule-immenhausen.de\/wp-content\/uploads\/image0-1-1536x1152.jpg 1536w, https:\/\/gesamtschule-immenhausen.de\/wp-content\/uploads\/image0-1-2048x1536.jpg 2048w, https:\/\/gesamtschule-immenhausen.de\/wp-content\/uploads\/image0-1-1440x1080.jpg 1440w\" sizes=\"(max-width: 1024px) 100vw, 1024px\" \/><\/a><\/p>\n","protected":false},"excerpt":{"rendered":"<p>Vielen Dank an alle &#8211; auch die, die nicht auf dem Foto sind, die am Wochenende beim Weihnachtsmarkt in Immenhausen aktiv waren. Wir haben wieder Gebrannte Mandeln und Pilzpfanne verkauft. Beides war eine Stunde vor Budenende ausverkauft. Eine starke Leistung des F\u00f6rdervereinsvorstandes, gemeinsam mit Mensa, Eltern, Sch\u00fclern und Lehrkr\u00e4ften. Vielen Dank auch an Herrn Fron [&hellip;]<\/p>\n","protected":false},"author":3,"featured_media":34746,"comment_status":"closed","ping_status":"closed","sticky":false,"template":"","format":"standard","meta":{"saved_in_kubio":false,"footnotes":""},"categories":[1],"tags":[],"class_list":["post-34744","post","type-post","status-publish","format-standard","has-post-thumbnail","hentry","category-allgemein"],"_links":{"self":[{"href":"https:\/\/gesamtschule-immenhausen.de\/index.php?rest_route=\/wp\/v2\/posts\/34744","targetHints":{"allow":["GET"]}}],"collection":[{"href":"https:\/\/gesamtschule-immenhausen.de\/index.php?rest_route=\/wp\/v2\/posts"}],"about":[{"href":"https:\/\/gesamtschule-immenhausen.de\/index.php?rest_route=\/wp\/v2\/types\/post"}],"author":[{"embeddable":true,"href":"https:\/\/gesamtschule-immenhausen.de\/index.php?rest_route=\/wp\/v2\/users\/3"}],"replies":[{"embeddable":true,"href":"https:\/\/gesamtschule-immenhausen.de\/index.php?rest_route=%2Fwp%2Fv2%2Fcomments&post=34744"}],"version-history":[{"count":3,"href":"https:\/\/gesamtschule-immenhausen.de\/index.php?rest_route=\/wp\/v2\/posts\/34744\/revisions"}],"predecessor-version":[{"id":34761,"href":"https:\/\/gesamtschule-immenhausen.de\/index.php?rest_route=\/wp\/v2\/posts\/34744\/revisions\/34761"}],"wp:featuredmedia":[{"embeddable":true,"href":"https:\/\/gesamtschule-immenhausen.de\/index.php?rest_route=\/wp\/v2\/media\/34746"}],"wp:attachment":[{"href":"https:\/\/gesamtschule-immenhausen.de\/index.php?rest_route=%2Fwp%2Fv2%2Fmedia&parent=34744"}],"wp:term":[{"taxonomy":"category","embeddable":true,"href":"https:\/\/gesamtschule-immenhausen.de\/index.php?rest_route=%2Fwp%2Fv2%2Fcategories&post=34744"},{"taxonomy":"post_tag","embeddable":true,"href":"https:\/\/gesamtschule-immenhausen.de\/index.php?rest_route=%2Fwp%2Fv2%2Ftags&post=34744"}],"curies":[{"name":"wp","href":"https:\/\/api.w.org\/{rel}","templated":true}]}}