{"id":34655,"date":"2024-11-01T11:27:50","date_gmt":"2024-11-01T10:27:50","guid":{"rendered":"https:\/\/gesamtschule-immenhausen.de\/?p=34655"},"modified":"2024-12-03T14:44:15","modified_gmt":"2024-12-03T13:44:15","slug":"staedtepartnerschaftsverein-aufruf-zur-aufnahme-von-austauschschuelerinnen-und-schuelern","status":"publish","type":"post","link":"https:\/\/gesamtschule-immenhausen.de\/?p=34655","title":{"rendered":"St\u00e4dtepartnerschaftsverein: Aufruf zur Aufnahme von Austauschsch\u00fclerinnen und \u2013 sch\u00fclern"},"content":{"rendered":"\n<p><\/p>\n\n\n\n\n\n<p>Liebe Eltern der Jahrgangsstufe 8, die Kinder im Franz\u00f6sischunterricht haben! In der k\u00fcrzlich stattgefundenen Mitgliederversammlung des St\u00e4dtepartnerschaftsvereins Immenhausen hatte uns die Schulleiterin der Freiherr-vom-Stein-Schule, Frau Hoffmann-Deist, mitgeteilt, dass sich derzeit noch nicht gen\u00fcgend Eltern gefunden h\u00e4tten, die Kinder f\u00fcr den Sch\u00fcleraustausch mit Montaigu aufnehmen w\u00fcrden. Wir als St\u00e4dtepartnerschaftsverein sowie als B\u00fcrgermeister der Stadt Immenhausen bitten Sie, Ihre Haltung noch einmal zu \u00fcberdenken. Gerade in der jetzigen Zeit sind Austausche mit unseren franz\u00f6sischen Freundinnen und Freunden enorm wichtig. Die \u00fcber 30-j\u00e4hrige St\u00e4dtepartnerschaft mit Montaigu lebt insbesondere von Begegnungen mit jungen Menschen. Aus eigener Erfahrung wissen wir, dass diese Austausche den Kindern auch f\u00fcr Ihre Pers\u00f6nlichkeitsfindung viel bringen und sich ihr Franz\u00f6sisch verbessert. Da die Lehrer\/-innen ein umfangreiches Besuchsprogramm vorbereiten, h\u00e4lt sich der Aufwand f\u00fcr Sie zur Betreuung der Kinder auch \u201ein Grenzen\u201c. Wichtig ist, den Kindern deutsche Kulturen und Gewohnheiten zu vermitteln und an einem Wochenende einen Ausflug und\/oder Zeit miteinander zu verbringen. Sicherlich kann dieses auch mit mehreren Familien zusammen erfolgen.<\/p>\n<p>Wir w\u00fcrden uns daher sehr freuen, wenn auch in 2025 der Sch\u00fcleraustausch mit Montaigu stattfinden w\u00fcrde und Sie mit der Aufnahme eines Kindes hierzu beitragen w\u00fcrden. Sofern finanzielle Schwierigkeiten bestehen sollten, k\u00f6nnen Sie sich auch gern vertrauensvoll an uns wenden und wir werden hierf\u00fcr eine L\u00f6sung finden.<\/p>\n<p>Mit st\u00e4dtepartnerschaftlichen Gr\u00fc\u00dfen<\/p>\n<p>Ihre<\/p>\n<p>(Petra Reubert)&nbsp;&nbsp;&nbsp;&nbsp;&nbsp;&nbsp;&nbsp;&nbsp;&nbsp;&nbsp;&nbsp;&nbsp;&nbsp;&nbsp;&nbsp;&nbsp;&nbsp;&nbsp;&nbsp;&nbsp;&nbsp;&nbsp;&nbsp;&nbsp;&nbsp;&nbsp;&nbsp;&nbsp;&nbsp;&nbsp; &nbsp;&nbsp;&nbsp;&nbsp;&nbsp;&nbsp;&nbsp;&nbsp;&nbsp;&nbsp;&nbsp;&nbsp;&nbsp;&nbsp;&nbsp;&nbsp;&nbsp;&nbsp;&nbsp;&nbsp;&nbsp;&nbsp;&nbsp;&nbsp;&nbsp;&nbsp;&nbsp;&nbsp;&nbsp; (Lars Obermann)<\/p>\n<p>Vorsitzende St\u00e4dtepartnerschaftsverein&nbsp; &nbsp; &nbsp; &nbsp; &nbsp; &nbsp; &nbsp; &nbsp; &nbsp; &nbsp; &nbsp;&nbsp;&nbsp;B\u00fcrgermeister<\/p>\n\n\n\n\n\n<p><a href=\"https:\/\/gesamtschule-immenhausen.de\/wp-content\/uploads\/logopv_farbig_vektor.jpg\"><img loading=\"lazy\" decoding=\"async\" class=\"aligncenter size-full wp-image-34656\" src=\"https:\/\/gesamtschule-immenhausen.de\/wp-content\/uploads\/logopv_farbig_vektor.jpg\" alt=\"\" width=\"539\" height=\"529\" srcset=\"https:\/\/gesamtschule-immenhausen.de\/wp-content\/uploads\/logopv_farbig_vektor.jpg 539w, https:\/\/gesamtschule-immenhausen.de\/wp-content\/uploads\/logopv_farbig_vektor-150x147.jpg 150w\" sizes=\"(max-width: 539px) 100vw, 539px\" \/><\/a><\/p>\n","protected":false},"excerpt":{"rendered":"<p>Liebe Eltern der Jahrgangsstufe 8, die Kinder im Franz\u00f6sischunterricht haben! In der k\u00fcrzlich stattgefundenen Mitgliederversammlung des St\u00e4dtepartnerschaftsvereins Immenhausen hatte uns die Schulleiterin der Freiherr-vom-Stein-Schule, Frau Hoffmann-Deist, mitgeteilt, dass sich derzeit noch nicht gen\u00fcgend Eltern gefunden h\u00e4tten, die Kinder f\u00fcr den Sch\u00fcleraustausch mit Montaigu aufnehmen w\u00fcrden. Wir als St\u00e4dtepartnerschaftsverein sowie als B\u00fcrgermeister der Stadt Immenhausen bitten [&hellip;]<\/p>\n","protected":false},"author":3,"featured_media":32437,"comment_status":"closed","ping_status":"closed","sticky":false,"template":"","format":"standard","meta":{"saved_in_kubio":false,"footnotes":""},"categories":[1],"tags":[],"class_list":["post-34655","post","type-post","status-publish","format-standard","has-post-thumbnail","hentry","category-allgemein"],"_links":{"self":[{"href":"https:\/\/gesamtschule-immenhausen.de\/index.php?rest_route=\/wp\/v2\/posts\/34655","targetHints":{"allow":["GET"]}}],"collection":[{"href":"https:\/\/gesamtschule-immenhausen.de\/index.php?rest_route=\/wp\/v2\/posts"}],"about":[{"href":"https:\/\/gesamtschule-immenhausen.de\/index.php?rest_route=\/wp\/v2\/types\/post"}],"author":[{"embeddable":true,"href":"https:\/\/gesamtschule-immenhausen.de\/index.php?rest_route=\/wp\/v2\/users\/3"}],"replies":[{"embeddable":true,"href":"https:\/\/gesamtschule-immenhausen.de\/index.php?rest_route=%2Fwp%2Fv2%2Fcomments&post=34655"}],"version-history":[{"count":2,"href":"https:\/\/gesamtschule-immenhausen.de\/index.php?rest_route=\/wp\/v2\/posts\/34655\/revisions"}],"predecessor-version":[{"id":34658,"href":"https:\/\/gesamtschule-immenhausen.de\/index.php?rest_route=\/wp\/v2\/posts\/34655\/revisions\/34658"}],"wp:featuredmedia":[{"embeddable":true,"href":"https:\/\/gesamtschule-immenhausen.de\/index.php?rest_route=\/wp\/v2\/media\/32437"}],"wp:attachment":[{"href":"https:\/\/gesamtschule-immenhausen.de\/index.php?rest_route=%2Fwp%2Fv2%2Fmedia&parent=34655"}],"wp:term":[{"taxonomy":"category","embeddable":true,"href":"https:\/\/gesamtschule-immenhausen.de\/index.php?rest_route=%2Fwp%2Fv2%2Fcategories&post=34655"},{"taxonomy":"post_tag","embeddable":true,"href":"https:\/\/gesamtschule-immenhausen.de\/index.php?rest_route=%2Fwp%2Fv2%2Ftags&post=34655"}],"curies":[{"name":"wp","href":"https:\/\/api.w.org\/{rel}","templated":true}]}}