{"id":34571,"date":"2024-11-01T12:11:54","date_gmt":"2024-11-01T11:11:54","guid":{"rendered":"https:\/\/gesamtschule-immenhausen.de\/?p=34571"},"modified":"2024-11-14T11:55:40","modified_gmt":"2024-11-14T10:55:40","slug":"jugend-trainiert-fuer-olympia","status":"publish","type":"post","link":"https:\/\/gesamtschule-immenhausen.de\/?p=34571","title":{"rendered":"Jugend trainiert f\u00fcr Olympia"},"content":{"rendered":"\n<p>Am Mittwoch nimmt unsere Schule mit einer M\u00e4dchenmannschaft am Regionalentscheid &#8222;Jugend trainiert f\u00fcr Olympia&#8220; Ger\u00e4tturnen in Wellerode teil. Die M\u00e4dchen wurden von Herrn Eichler, mit gro\u00dfer Unterst\u00fctzung von Laura Konrad und Paula Luttmann, auf den Wettkampf vorbereitet und werden auch an dem Tag von ihnen begleitet.<\/p>\n<p>\u00a0<\/p>\n<p>\u00a0<\/p>\n<p>\u00a0<\/p>\n","protected":false},"excerpt":{"rendered":"<p>Am Mittwoch nimmt unsere Schule mit einer M\u00e4dchenmannschaft am Regionalentscheid &#8222;Jugend trainiert f\u00fcr Olympia&#8220; Ger\u00e4tturnen in Wellerode teil. Die M\u00e4dchen wurden von Herrn Eichler, mit gro\u00dfer Unterst\u00fctzung von Laura Konrad und Paula Luttmann, auf den Wettkampf vorbereitet und werden auch an dem Tag von ihnen begleitet. \u00a0 \u00a0 \u00a0<\/p>\n","protected":false},"author":3,"featured_media":34572,"comment_status":"closed","ping_status":"closed","sticky":false,"template":"","format":"standard","meta":{"saved_in_kubio":false,"footnotes":""},"categories":[1],"tags":[],"class_list":["post-34571","post","type-post","status-publish","format-standard","has-post-thumbnail","hentry","category-allgemein"],"_links":{"self":[{"href":"https:\/\/gesamtschule-immenhausen.de\/index.php?rest_route=\/wp\/v2\/posts\/34571","targetHints":{"allow":["GET"]}}],"collection":[{"href":"https:\/\/gesamtschule-immenhausen.de\/index.php?rest_route=\/wp\/v2\/posts"}],"about":[{"href":"https:\/\/gesamtschule-immenhausen.de\/index.php?rest_route=\/wp\/v2\/types\/post"}],"author":[{"embeddable":true,"href":"https:\/\/gesamtschule-immenhausen.de\/index.php?rest_route=\/wp\/v2\/users\/3"}],"replies":[{"embeddable":true,"href":"https:\/\/gesamtschule-immenhausen.de\/index.php?rest_route=%2Fwp%2Fv2%2Fcomments&post=34571"}],"version-history":[{"count":1,"href":"https:\/\/gesamtschule-immenhausen.de\/index.php?rest_route=\/wp\/v2\/posts\/34571\/revisions"}],"predecessor-version":[{"id":34573,"href":"https:\/\/gesamtschule-immenhausen.de\/index.php?rest_route=\/wp\/v2\/posts\/34571\/revisions\/34573"}],"wp:featuredmedia":[{"embeddable":true,"href":"https:\/\/gesamtschule-immenhausen.de\/index.php?rest_route=\/wp\/v2\/media\/34572"}],"wp:attachment":[{"href":"https:\/\/gesamtschule-immenhausen.de\/index.php?rest_route=%2Fwp%2Fv2%2Fmedia&parent=34571"}],"wp:term":[{"taxonomy":"category","embeddable":true,"href":"https:\/\/gesamtschule-immenhausen.de\/index.php?rest_route=%2Fwp%2Fv2%2Fcategories&post=34571"},{"taxonomy":"post_tag","embeddable":true,"href":"https:\/\/gesamtschule-immenhausen.de\/index.php?rest_route=%2Fwp%2Fv2%2Ftags&post=34571"}],"curies":[{"name":"wp","href":"https:\/\/api.w.org\/{rel}","templated":true}]}}