{"id":34502,"date":"2025-10-02T09:38:00","date_gmt":"2025-10-02T07:38:00","guid":{"rendered":"https:\/\/gesamtschule-immenhausen.de\/?p=34502"},"modified":"2025-10-01T08:53:50","modified_gmt":"2025-10-01T06:53:50","slug":"termine-der-klassenarbeiten-tests-etc-im-schulportal-online","status":"publish","type":"post","link":"https:\/\/gesamtschule-immenhausen.de\/?p=34502","title":{"rendered":"Termine der Klassenarbeiten \/ Tests im Schulportal online"},"content":{"rendered":"\n<p>Seit dem Schuljahr 2024\/25 werden alle Termine f\u00fcr die Klassenarbeiten in den Hauptf\u00e4chern und Tests der Nebenf\u00e4cher bzw. Termine f\u00fcr alternative Leistungsnachweise (Referate, Lesetageb\u00fccher etc.) am Anfang des Halbjahres im Schulportal ver\u00f6ffentlicht. Die ersten Wochen sind den Hauptf\u00e4chern vorbehalten, dann folgen die zweiten Klassenarbeiten und die Leistungsnachweise der Nebenf\u00e4cher. Man findet die Termine unter \u201eMein Unterricht\u201c im Schulportal. Auf die jeweiligen Mappen gehen und dann auf das Stiftsymbol.\u00a0<\/p>\n<p>\u00a0<\/p>\n\n\n\n<p><\/p>\n","protected":false},"excerpt":{"rendered":"<p>Seit dem Schuljahr 2024\/25 werden alle Termine f\u00fcr die Klassenarbeiten in den Hauptf\u00e4chern und Tests der Nebenf\u00e4cher bzw. Termine f\u00fcr alternative Leistungsnachweise (Referate, Lesetageb\u00fccher etc.) am Anfang des Halbjahres im Schulportal ver\u00f6ffentlicht. Die ersten Wochen sind den Hauptf\u00e4chern vorbehalten, dann folgen die zweiten Klassenarbeiten und die Leistungsnachweise der Nebenf\u00e4cher. Man findet die Termine unter \u201eMein [&hellip;]<\/p>\n","protected":false},"author":2,"featured_media":34503,"comment_status":"closed","ping_status":"closed","sticky":false,"template":"","format":"standard","meta":{"saved_in_kubio":false,"footnotes":""},"categories":[1],"tags":[],"class_list":["post-34502","post","type-post","status-publish","format-standard","has-post-thumbnail","hentry","category-allgemein"],"_links":{"self":[{"href":"https:\/\/gesamtschule-immenhausen.de\/index.php?rest_route=\/wp\/v2\/posts\/34502","targetHints":{"allow":["GET"]}}],"collection":[{"href":"https:\/\/gesamtschule-immenhausen.de\/index.php?rest_route=\/wp\/v2\/posts"}],"about":[{"href":"https:\/\/gesamtschule-immenhausen.de\/index.php?rest_route=\/wp\/v2\/types\/post"}],"author":[{"embeddable":true,"href":"https:\/\/gesamtschule-immenhausen.de\/index.php?rest_route=\/wp\/v2\/users\/2"}],"replies":[{"embeddable":true,"href":"https:\/\/gesamtschule-immenhausen.de\/index.php?rest_route=%2Fwp%2Fv2%2Fcomments&post=34502"}],"version-history":[{"count":3,"href":"https:\/\/gesamtschule-immenhausen.de\/index.php?rest_route=\/wp\/v2\/posts\/34502\/revisions"}],"predecessor-version":[{"id":35888,"href":"https:\/\/gesamtschule-immenhausen.de\/index.php?rest_route=\/wp\/v2\/posts\/34502\/revisions\/35888"}],"wp:featuredmedia":[{"embeddable":true,"href":"https:\/\/gesamtschule-immenhausen.de\/index.php?rest_route=\/wp\/v2\/media\/34503"}],"wp:attachment":[{"href":"https:\/\/gesamtschule-immenhausen.de\/index.php?rest_route=%2Fwp%2Fv2%2Fmedia&parent=34502"}],"wp:term":[{"taxonomy":"category","embeddable":true,"href":"https:\/\/gesamtschule-immenhausen.de\/index.php?rest_route=%2Fwp%2Fv2%2Fcategories&post=34502"},{"taxonomy":"post_tag","embeddable":true,"href":"https:\/\/gesamtschule-immenhausen.de\/index.php?rest_route=%2Fwp%2Fv2%2Ftags&post=34502"}],"curies":[{"name":"wp","href":"https:\/\/api.w.org\/{rel}","templated":true}]}}