{"id":33902,"date":"2024-07-22T18:08:49","date_gmt":"2024-07-22T16:08:49","guid":{"rendered":"https:\/\/gesamtschule-immenhausen.de\/?p=33902"},"modified":"2024-07-22T18:08:49","modified_gmt":"2024-07-22T16:08:49","slug":"fredy-zech-verabschiedet","status":"publish","type":"post","link":"https:\/\/gesamtschule-immenhausen.de\/?p=33902","title":{"rendered":"Fredy Zech verabschiedet"},"content":{"rendered":"\n<p style=\"font-weight: 400;\">Fredy Zech wurde als Schulleiter der Freiherr-vom-Stein-Schule Immenhausen bei einer \u00fcber zweist\u00fcndigen Verabschiedungsfeier in der Aula verabschiedet. 2010 kam er als stellvertretender Schulleiter an die Gesamtschule. Im August 2020 trat Zech die Nachfolge von Schulleiterin Brigitte Kastell an. In den Sommerferien geht er nun in den Ruhestand. Heiter und fr\u00f6hlich, so sollte die Verabschiedung auf Wunsch von Fredy Zech werden und so wurde sie in der liebevoll dekorierten Aula auch.<\/p>\n<p style=\"font-weight: 400;\">Die Arbeit von Fredy Zech w\u00fcrdigen bei einer Feierstunde u.a. die Erste Kreisbeigeordnete Silke Engler (Landkreis Kassel), B\u00fcrgermeister Lars Obermann, der mit B\u00fcrgermeister Carsten Strzoda (Gemeinde Espenau) gekommen war. F\u00fcr das Staatliche Schulamt hielten Klaus Sprafke und die Amtsleiterin Annette Knieling Gru\u00dfworte und \u00fcberreichten die offizielle Entlassungsurkunde.<\/p>\n<p style=\"font-weight: 400;\">F\u00fcr die Schulgemeinde gab die stellvertretende Schulleiterin, Dr. Tina Hoffmann-Deist mit einem Korb voller Geschenke einen Ausblick auf den m\u00f6glichen Ruhestand des Schulleiters. Marcus Leitschuh griff f\u00fcr die Schulleitung die Leidenschaft von Fredy Zech f\u00fcr Helene Fischer auf und versteckte 25 Songtitel in seiner Rede. Dem entsprechend charakterisierte er Fredy Zech u.a. als \u201eKopilot\u201c und \u201ePh\u00e4nomen\u201c.<\/p>\n<p style=\"font-weight: 400;\">Ilias Urhahn und Paula Luttmann f\u00fchrten charmant und humoristisch durch den von Dankbarkeit und Emotionen gepr\u00e4gten Nachmittag. Sie f\u00fchrten auch Interviews mit Stefan Luttmann (F\u00f6rderverein), Silke Konrad (Elternbeirat), Hannes Rittner (SV) und Xenia Rosenberg (Verwaltung), die fr\u00f6hlich-dankbare Einblicke in die Zusammenarbeit mit Fredy Zech lieferten. <em><strong>Schulleiter Dr<\/strong><\/em>. Dietmar Johlen und Schulleitungsmitglied S\u00f6ren Kaufmann w\u00fcrdigen die Zusammenarbeit mit der Herwig-Blankertz-Schule in Hofgeismar.<\/p>\n<p style=\"font-weight: 400;\">Fredy Zech blickte in seinem \u201eletzten Wort\u201c auf die erfolgreiche Dienst- und Amtszeit zur\u00fcck, zitierte aus Briefen von Sch\u00fclerinnen und Sch\u00fclern, die er in den letzten Tagen bekommen hatte. Es war zu sp\u00fcren: Nach verschiedenen beruflichen Stationen war er Lehrer und Schulleiter mit Leib und Seele.<\/p>\n<p style=\"font-weight: 400;\">Die Dance-AG trug mit einem Tanz unter der Leitung von Natalie M\u00fcller zur Feier bei, ebenso wie Emilia Mantel (Klavier) und Ela \u00d6zkartal (Gesang). Die ehemaligen Sportlehrkr\u00e4fte Ren\u00e9 Heinemann und Gundula Grund gaben mit einem Sketch einen Einblick in die gr\u00f6\u00dfte Leidenschaft des Schulleiters: Die Schneesport-AG, die er akribisch und motiviert vorbereitete und bei dessen Durchf\u00fchrung er methodisch und organisatorisch nichts den Zufall \u00fcberlies. F\u00fcr das anschlie\u00dfende Buffet war das Mensateam von Tanja Rode verantwortlich, unterst\u00fctzt von Jamain Bosch. Er hatte vor zwei Jahren den Hauptschulabschluss in Immenhausen erreicht danach eine erfolgreiche Ausbildung zum Koch im Schlosshotel Kassel angetreten.<\/p>\n<p style=\"font-weight: 400;\">Am Ende stand die Familie von Fredy Zech auf der B\u00fchne und \u00fcberraschte ihn mit Geschenken und einem Ausblick auf die jetzt mehr zur Verf\u00fcgung stehenden Zeit.\u00a0\u00a0<\/p>\n<p style=\"font-weight: 400;\">Das Bewerbungsverfahren f\u00fcr die Schulleitungsstelle ist bereits vor einigen Monaten abgeschlossen worden. Die Schule geht von einer zeitnahen Entscheidung zur Nachfolge durch das Land Hessen aus. Bis dahin f\u00fchrt die stellvertretende Schulleiterin, Dr. Tina Hoffmann-Deist, die Gesch\u00e4fte zusammen mit dem Team der Schulleitung.<\/p>\n<p style=\"font-weight: 400;\">Einen ausf\u00fchrlichen Bericht \u00fcber die Stationen von Fredy Zech gab es in der Hofgeismarer Allgemeinen: <a href=\"https:\/\/www.hna.de\/lokales\/hofgeismar\/immenhausen-ort84274\/immenhaeuser-schule-verabschiedet-rektor-zech-in-den-ruhestand-93180489.html\">https:\/\/www.hna.de\/lokales\/hofgeismar\/immenhausen-ort84274\/immenhaeuser-schule-verabschiedet-rektor-zech-in-den-ruhestand-93180489.html<\/a><\/p>\n<p style=\"font-weight: 400;\">(Fotos: Marcus Leitschuh)<\/p>\n<p><a href=\"https:\/\/gesamtschule-immenhausen.de\/wp-content\/uploads\/VerabschiedungZechcLeitschuh00246-scaled.jpg\"><img loading=\"lazy\" decoding=\"async\" class=\"aligncenter size-large wp-image-33903\" src=\"https:\/\/gesamtschule-immenhausen.de\/wp-content\/uploads\/VerabschiedungZechcLeitschuh00246-1024x683.jpg\" alt=\"\" width=\"665\" height=\"444\" srcset=\"https:\/\/gesamtschule-immenhausen.de\/wp-content\/uploads\/VerabschiedungZechcLeitschuh00246-1024x683.jpg 1024w, https:\/\/gesamtschule-immenhausen.de\/wp-content\/uploads\/VerabschiedungZechcLeitschuh00246-150x100.jpg 150w, https:\/\/gesamtschule-immenhausen.de\/wp-content\/uploads\/VerabschiedungZechcLeitschuh00246-768x512.jpg 768w, https:\/\/gesamtschule-immenhausen.de\/wp-content\/uploads\/VerabschiedungZechcLeitschuh00246-1536x1024.jpg 1536w, https:\/\/gesamtschule-immenhausen.de\/wp-content\/uploads\/VerabschiedungZechcLeitschuh00246-2048x1365.jpg 2048w, https:\/\/gesamtschule-immenhausen.de\/wp-content\/uploads\/VerabschiedungZechcLeitschuh00246-660x440.jpg 660w\" sizes=\"(max-width: 665px) 100vw, 665px\" \/><\/a> <a href=\"https:\/\/gesamtschule-immenhausen.de\/wp-content\/uploads\/VerabschiedungZechcLeitschuh00188-scaled.jpg\"><img loading=\"lazy\" decoding=\"async\" class=\"aligncenter size-large wp-image-33904\" src=\"https:\/\/gesamtschule-immenhausen.de\/wp-content\/uploads\/VerabschiedungZechcLeitschuh00188-1024x683.jpg\" alt=\"\" width=\"665\" height=\"444\" srcset=\"https:\/\/gesamtschule-immenhausen.de\/wp-content\/uploads\/VerabschiedungZechcLeitschuh00188-1024x683.jpg 1024w, https:\/\/gesamtschule-immenhausen.de\/wp-content\/uploads\/VerabschiedungZechcLeitschuh00188-150x100.jpg 150w, https:\/\/gesamtschule-immenhausen.de\/wp-content\/uploads\/VerabschiedungZechcLeitschuh00188-768x512.jpg 768w, https:\/\/gesamtschule-immenhausen.de\/wp-content\/uploads\/VerabschiedungZechcLeitschuh00188-1536x1024.jpg 1536w, https:\/\/gesamtschule-immenhausen.de\/wp-content\/uploads\/VerabschiedungZechcLeitschuh00188-2048x1365.jpg 2048w, https:\/\/gesamtschule-immenhausen.de\/wp-content\/uploads\/VerabschiedungZechcLeitschuh00188-660x440.jpg 660w\" sizes=\"(max-width: 665px) 100vw, 665px\" \/><\/a> <a href=\"https:\/\/gesamtschule-immenhausen.de\/wp-content\/uploads\/VerabschiedungZechcLeitschuh00185-scaled.jpg\"><img loading=\"lazy\" decoding=\"async\" class=\"aligncenter size-large wp-image-33905\" src=\"https:\/\/gesamtschule-immenhausen.de\/wp-content\/uploads\/VerabschiedungZechcLeitschuh00185-1024x683.jpg\" alt=\"\" width=\"665\" height=\"444\" srcset=\"https:\/\/gesamtschule-immenhausen.de\/wp-content\/uploads\/VerabschiedungZechcLeitschuh00185-1024x683.jpg 1024w, https:\/\/gesamtschule-immenhausen.de\/wp-content\/uploads\/VerabschiedungZechcLeitschuh00185-150x100.jpg 150w, https:\/\/gesamtschule-immenhausen.de\/wp-content\/uploads\/VerabschiedungZechcLeitschuh00185-768x512.jpg 768w, https:\/\/gesamtschule-immenhausen.de\/wp-content\/uploads\/VerabschiedungZechcLeitschuh00185-1536x1024.jpg 1536w, https:\/\/gesamtschule-immenhausen.de\/wp-content\/uploads\/VerabschiedungZechcLeitschuh00185-2048x1365.jpg 2048w, https:\/\/gesamtschule-immenhausen.de\/wp-content\/uploads\/VerabschiedungZechcLeitschuh00185-660x440.jpg 660w\" sizes=\"(max-width: 665px) 100vw, 665px\" \/><\/a> <a href=\"https:\/\/gesamtschule-immenhausen.de\/wp-content\/uploads\/VerabschiedungZechcLeitschuh00174-scaled.jpg\"><img loading=\"lazy\" decoding=\"async\" class=\"aligncenter size-large wp-image-33906\" src=\"https:\/\/gesamtschule-immenhausen.de\/wp-content\/uploads\/VerabschiedungZechcLeitschuh00174-1024x683.jpg\" alt=\"\" width=\"665\" height=\"444\" srcset=\"https:\/\/gesamtschule-immenhausen.de\/wp-content\/uploads\/VerabschiedungZechcLeitschuh00174-1024x683.jpg 1024w, https:\/\/gesamtschule-immenhausen.de\/wp-content\/uploads\/VerabschiedungZechcLeitschuh00174-150x100.jpg 150w, https:\/\/gesamtschule-immenhausen.de\/wp-content\/uploads\/VerabschiedungZechcLeitschuh00174-768x512.jpg 768w, https:\/\/gesamtschule-immenhausen.de\/wp-content\/uploads\/VerabschiedungZechcLeitschuh00174-1536x1024.jpg 1536w, https:\/\/gesamtschule-immenhausen.de\/wp-content\/uploads\/VerabschiedungZechcLeitschuh00174-2048x1365.jpg 2048w, https:\/\/gesamtschule-immenhausen.de\/wp-content\/uploads\/VerabschiedungZechcLeitschuh00174-660x440.jpg 660w\" sizes=\"(max-width: 665px) 100vw, 665px\" \/><\/a> <a href=\"https:\/\/gesamtschule-immenhausen.de\/wp-content\/uploads\/VerabschiedungZechcLeitschuh00169-scaled.jpg\"><img loading=\"lazy\" decoding=\"async\" class=\"aligncenter size-large wp-image-33907\" src=\"https:\/\/gesamtschule-immenhausen.de\/wp-content\/uploads\/VerabschiedungZechcLeitschuh00169-1024x683.jpg\" alt=\"\" width=\"665\" height=\"444\" srcset=\"https:\/\/gesamtschule-immenhausen.de\/wp-content\/uploads\/VerabschiedungZechcLeitschuh00169-1024x683.jpg 1024w, https:\/\/gesamtschule-immenhausen.de\/wp-content\/uploads\/VerabschiedungZechcLeitschuh00169-150x100.jpg 150w, https:\/\/gesamtschule-immenhausen.de\/wp-content\/uploads\/VerabschiedungZechcLeitschuh00169-768x512.jpg 768w, https:\/\/gesamtschule-immenhausen.de\/wp-content\/uploads\/VerabschiedungZechcLeitschuh00169-1536x1024.jpg 1536w, https:\/\/gesamtschule-immenhausen.de\/wp-content\/uploads\/VerabschiedungZechcLeitschuh00169-2048x1365.jpg 2048w, https:\/\/gesamtschule-immenhausen.de\/wp-content\/uploads\/VerabschiedungZechcLeitschuh00169-660x440.jpg 660w\" sizes=\"(max-width: 665px) 100vw, 665px\" \/><\/a> <a href=\"https:\/\/gesamtschule-immenhausen.de\/wp-content\/uploads\/VerabschiedungZechcLeitschuh00141-scaled.jpg\"><img loading=\"lazy\" decoding=\"async\" class=\"aligncenter size-large wp-image-33908\" src=\"https:\/\/gesamtschule-immenhausen.de\/wp-content\/uploads\/VerabschiedungZechcLeitschuh00141-1024x683.jpg\" alt=\"\" width=\"665\" height=\"444\" srcset=\"https:\/\/gesamtschule-immenhausen.de\/wp-content\/uploads\/VerabschiedungZechcLeitschuh00141-1024x683.jpg 1024w, https:\/\/gesamtschule-immenhausen.de\/wp-content\/uploads\/VerabschiedungZechcLeitschuh00141-150x100.jpg 150w, https:\/\/gesamtschule-immenhausen.de\/wp-content\/uploads\/VerabschiedungZechcLeitschuh00141-768x512.jpg 768w, https:\/\/gesamtschule-immenhausen.de\/wp-content\/uploads\/VerabschiedungZechcLeitschuh00141-1536x1024.jpg 1536w, https:\/\/gesamtschule-immenhausen.de\/wp-content\/uploads\/VerabschiedungZechcLeitschuh00141-2048x1365.jpg 2048w, https:\/\/gesamtschule-immenhausen.de\/wp-content\/uploads\/VerabschiedungZechcLeitschuh00141-660x440.jpg 660w\" sizes=\"(max-width: 665px) 100vw, 665px\" \/><\/a> <a href=\"https:\/\/gesamtschule-immenhausen.de\/wp-content\/uploads\/VerabschiedungZechcLeitschuh00122-scaled.jpg\"><img loading=\"lazy\" decoding=\"async\" class=\"aligncenter size-large wp-image-33909\" src=\"https:\/\/gesamtschule-immenhausen.de\/wp-content\/uploads\/VerabschiedungZechcLeitschuh00122-1024x683.jpg\" alt=\"\" width=\"665\" height=\"444\" srcset=\"https:\/\/gesamtschule-immenhausen.de\/wp-content\/uploads\/VerabschiedungZechcLeitschuh00122-1024x683.jpg 1024w, https:\/\/gesamtschule-immenhausen.de\/wp-content\/uploads\/VerabschiedungZechcLeitschuh00122-150x100.jpg 150w, https:\/\/gesamtschule-immenhausen.de\/wp-content\/uploads\/VerabschiedungZechcLeitschuh00122-768x512.jpg 768w, https:\/\/gesamtschule-immenhausen.de\/wp-content\/uploads\/VerabschiedungZechcLeitschuh00122-1536x1024.jpg 1536w, https:\/\/gesamtschule-immenhausen.de\/wp-content\/uploads\/VerabschiedungZechcLeitschuh00122-2048x1365.jpg 2048w, https:\/\/gesamtschule-immenhausen.de\/wp-content\/uploads\/VerabschiedungZechcLeitschuh00122-660x440.jpg 660w\" sizes=\"(max-width: 665px) 100vw, 665px\" \/><\/a> <a href=\"https:\/\/gesamtschule-immenhausen.de\/wp-content\/uploads\/VerabschiedungZechcLeitschuh00114-scaled.jpg\"><img loading=\"lazy\" decoding=\"async\" class=\"aligncenter size-large wp-image-33910\" src=\"https:\/\/gesamtschule-immenhausen.de\/wp-content\/uploads\/VerabschiedungZechcLeitschuh00114-1024x683.jpg\" alt=\"\" width=\"665\" height=\"444\" srcset=\"https:\/\/gesamtschule-immenhausen.de\/wp-content\/uploads\/VerabschiedungZechcLeitschuh00114-1024x683.jpg 1024w, https:\/\/gesamtschule-immenhausen.de\/wp-content\/uploads\/VerabschiedungZechcLeitschuh00114-150x100.jpg 150w, https:\/\/gesamtschule-immenhausen.de\/wp-content\/uploads\/VerabschiedungZechcLeitschuh00114-768x512.jpg 768w, https:\/\/gesamtschule-immenhausen.de\/wp-content\/uploads\/VerabschiedungZechcLeitschuh00114-1536x1024.jpg 1536w, https:\/\/gesamtschule-immenhausen.de\/wp-content\/uploads\/VerabschiedungZechcLeitschuh00114-2048x1365.jpg 2048w, https:\/\/gesamtschule-immenhausen.de\/wp-content\/uploads\/VerabschiedungZechcLeitschuh00114-660x440.jpg 660w\" sizes=\"(max-width: 665px) 100vw, 665px\" \/><\/a> <a href=\"https:\/\/gesamtschule-immenhausen.de\/wp-content\/uploads\/VerabschiedungZechcLeitschuh00109-scaled.jpg\"><img loading=\"lazy\" decoding=\"async\" class=\"aligncenter size-large wp-image-33911\" src=\"https:\/\/gesamtschule-immenhausen.de\/wp-content\/uploads\/VerabschiedungZechcLeitschuh00109-1024x683.jpg\" alt=\"\" width=\"665\" height=\"444\" srcset=\"https:\/\/gesamtschule-immenhausen.de\/wp-content\/uploads\/VerabschiedungZechcLeitschuh00109-1024x683.jpg 1024w, https:\/\/gesamtschule-immenhausen.de\/wp-content\/uploads\/VerabschiedungZechcLeitschuh00109-150x100.jpg 150w, https:\/\/gesamtschule-immenhausen.de\/wp-content\/uploads\/VerabschiedungZechcLeitschuh00109-768x512.jpg 768w, https:\/\/gesamtschule-immenhausen.de\/wp-content\/uploads\/VerabschiedungZechcLeitschuh00109-1536x1024.jpg 1536w, https:\/\/gesamtschule-immenhausen.de\/wp-content\/uploads\/VerabschiedungZechcLeitschuh00109-2048x1365.jpg 2048w, https:\/\/gesamtschule-immenhausen.de\/wp-content\/uploads\/VerabschiedungZechcLeitschuh00109-660x440.jpg 660w\" sizes=\"(max-width: 665px) 100vw, 665px\" \/><\/a> <a href=\"https:\/\/gesamtschule-immenhausen.de\/wp-content\/uploads\/VerabschiedungZechcLeitschuh00104-scaled.jpg\"><img loading=\"lazy\" decoding=\"async\" class=\"aligncenter size-large wp-image-33912\" src=\"https:\/\/gesamtschule-immenhausen.de\/wp-content\/uploads\/VerabschiedungZechcLeitschuh00104-1024x683.jpg\" alt=\"\" width=\"665\" height=\"444\" srcset=\"https:\/\/gesamtschule-immenhausen.de\/wp-content\/uploads\/VerabschiedungZechcLeitschuh00104-1024x683.jpg 1024w, https:\/\/gesamtschule-immenhausen.de\/wp-content\/uploads\/VerabschiedungZechcLeitschuh00104-150x100.jpg 150w, https:\/\/gesamtschule-immenhausen.de\/wp-content\/uploads\/VerabschiedungZechcLeitschuh00104-768x512.jpg 768w, https:\/\/gesamtschule-immenhausen.de\/wp-content\/uploads\/VerabschiedungZechcLeitschuh00104-1536x1024.jpg 1536w, https:\/\/gesamtschule-immenhausen.de\/wp-content\/uploads\/VerabschiedungZechcLeitschuh00104-2048x1365.jpg 2048w, https:\/\/gesamtschule-immenhausen.de\/wp-content\/uploads\/VerabschiedungZechcLeitschuh00104-660x440.jpg 660w\" sizes=\"(max-width: 665px) 100vw, 665px\" \/><\/a> <a href=\"https:\/\/gesamtschule-immenhausen.de\/wp-content\/uploads\/VerabschiedungZechcLeitschuh00098-scaled.jpg\"><img loading=\"lazy\" decoding=\"async\" class=\"aligncenter size-large wp-image-33913\" src=\"https:\/\/gesamtschule-immenhausen.de\/wp-content\/uploads\/VerabschiedungZechcLeitschuh00098-1024x683.jpg\" alt=\"\" width=\"665\" height=\"444\" srcset=\"https:\/\/gesamtschule-immenhausen.de\/wp-content\/uploads\/VerabschiedungZechcLeitschuh00098-1024x683.jpg 1024w, https:\/\/gesamtschule-immenhausen.de\/wp-content\/uploads\/VerabschiedungZechcLeitschuh00098-150x100.jpg 150w, https:\/\/gesamtschule-immenhausen.de\/wp-content\/uploads\/VerabschiedungZechcLeitschuh00098-768x512.jpg 768w, https:\/\/gesamtschule-immenhausen.de\/wp-content\/uploads\/VerabschiedungZechcLeitschuh00098-1536x1024.jpg 1536w, https:\/\/gesamtschule-immenhausen.de\/wp-content\/uploads\/VerabschiedungZechcLeitschuh00098-2048x1365.jpg 2048w, https:\/\/gesamtschule-immenhausen.de\/wp-content\/uploads\/VerabschiedungZechcLeitschuh00098-660x440.jpg 660w\" sizes=\"(max-width: 665px) 100vw, 665px\" \/><\/a> <a href=\"https:\/\/gesamtschule-immenhausen.de\/wp-content\/uploads\/VerabschiedungZechcLeitschuh00089-scaled.jpg\"><img loading=\"lazy\" decoding=\"async\" class=\"aligncenter size-large wp-image-33914\" src=\"https:\/\/gesamtschule-immenhausen.de\/wp-content\/uploads\/VerabschiedungZechcLeitschuh00089-1024x683.jpg\" alt=\"\" width=\"665\" height=\"444\" srcset=\"https:\/\/gesamtschule-immenhausen.de\/wp-content\/uploads\/VerabschiedungZechcLeitschuh00089-1024x683.jpg 1024w, https:\/\/gesamtschule-immenhausen.de\/wp-content\/uploads\/VerabschiedungZechcLeitschuh00089-150x100.jpg 150w, https:\/\/gesamtschule-immenhausen.de\/wp-content\/uploads\/VerabschiedungZechcLeitschuh00089-768x512.jpg 768w, https:\/\/gesamtschule-immenhausen.de\/wp-content\/uploads\/VerabschiedungZechcLeitschuh00089-1536x1024.jpg 1536w, https:\/\/gesamtschule-immenhausen.de\/wp-content\/uploads\/VerabschiedungZechcLeitschuh00089-2048x1365.jpg 2048w, https:\/\/gesamtschule-immenhausen.de\/wp-content\/uploads\/VerabschiedungZechcLeitschuh00089-660x440.jpg 660w\" sizes=\"(max-width: 665px) 100vw, 665px\" \/><\/a> <a href=\"https:\/\/gesamtschule-immenhausen.de\/wp-content\/uploads\/VerabschiedungZechcLeitschuh00084-scaled.jpg\"><img loading=\"lazy\" decoding=\"async\" class=\"aligncenter size-large wp-image-33915\" src=\"https:\/\/gesamtschule-immenhausen.de\/wp-content\/uploads\/VerabschiedungZechcLeitschuh00084-1024x683.jpg\" alt=\"\" width=\"665\" height=\"444\" srcset=\"https:\/\/gesamtschule-immenhausen.de\/wp-content\/uploads\/VerabschiedungZechcLeitschuh00084-1024x683.jpg 1024w, https:\/\/gesamtschule-immenhausen.de\/wp-content\/uploads\/VerabschiedungZechcLeitschuh00084-150x100.jpg 150w, https:\/\/gesamtschule-immenhausen.de\/wp-content\/uploads\/VerabschiedungZechcLeitschuh00084-768x512.jpg 768w, https:\/\/gesamtschule-immenhausen.de\/wp-content\/uploads\/VerabschiedungZechcLeitschuh00084-1536x1024.jpg 1536w, https:\/\/gesamtschule-immenhausen.de\/wp-content\/uploads\/VerabschiedungZechcLeitschuh00084-2048x1365.jpg 2048w, https:\/\/gesamtschule-immenhausen.de\/wp-content\/uploads\/VerabschiedungZechcLeitschuh00084-660x440.jpg 660w\" sizes=\"(max-width: 665px) 100vw, 665px\" \/><\/a> <a href=\"https:\/\/gesamtschule-immenhausen.de\/wp-content\/uploads\/VerabschiedungZechcLeitschuh00067-scaled.jpg\"><img loading=\"lazy\" decoding=\"async\" class=\"aligncenter size-large wp-image-33916\" src=\"https:\/\/gesamtschule-immenhausen.de\/wp-content\/uploads\/VerabschiedungZechcLeitschuh00067-1024x683.jpg\" alt=\"\" width=\"665\" height=\"444\" srcset=\"https:\/\/gesamtschule-immenhausen.de\/wp-content\/uploads\/VerabschiedungZechcLeitschuh00067-1024x683.jpg 1024w, https:\/\/gesamtschule-immenhausen.de\/wp-content\/uploads\/VerabschiedungZechcLeitschuh00067-150x100.jpg 150w, https:\/\/gesamtschule-immenhausen.de\/wp-content\/uploads\/VerabschiedungZechcLeitschuh00067-768x512.jpg 768w, https:\/\/gesamtschule-immenhausen.de\/wp-content\/uploads\/VerabschiedungZechcLeitschuh00067-1536x1024.jpg 1536w, https:\/\/gesamtschule-immenhausen.de\/wp-content\/uploads\/VerabschiedungZechcLeitschuh00067-2048x1365.jpg 2048w, https:\/\/gesamtschule-immenhausen.de\/wp-content\/uploads\/VerabschiedungZechcLeitschuh00067-660x440.jpg 660w\" sizes=\"(max-width: 665px) 100vw, 665px\" \/><\/a> <a href=\"https:\/\/gesamtschule-immenhausen.de\/wp-content\/uploads\/VerabschiedungZechcLeitschuh00057-scaled.jpg\"><img loading=\"lazy\" decoding=\"async\" class=\"aligncenter size-large wp-image-33917\" src=\"https:\/\/gesamtschule-immenhausen.de\/wp-content\/uploads\/VerabschiedungZechcLeitschuh00057-1024x683.jpg\" alt=\"\" width=\"665\" height=\"444\" srcset=\"https:\/\/gesamtschule-immenhausen.de\/wp-content\/uploads\/VerabschiedungZechcLeitschuh00057-1024x683.jpg 1024w, https:\/\/gesamtschule-immenhausen.de\/wp-content\/uploads\/VerabschiedungZechcLeitschuh00057-150x100.jpg 150w, https:\/\/gesamtschule-immenhausen.de\/wp-content\/uploads\/VerabschiedungZechcLeitschuh00057-768x512.jpg 768w, https:\/\/gesamtschule-immenhausen.de\/wp-content\/uploads\/VerabschiedungZechcLeitschuh00057-1536x1024.jpg 1536w, https:\/\/gesamtschule-immenhausen.de\/wp-content\/uploads\/VerabschiedungZechcLeitschuh00057-2048x1365.jpg 2048w, https:\/\/gesamtschule-immenhausen.de\/wp-content\/uploads\/VerabschiedungZechcLeitschuh00057-660x440.jpg 660w\" sizes=\"(max-width: 665px) 100vw, 665px\" \/><\/a> <a href=\"https:\/\/gesamtschule-immenhausen.de\/wp-content\/uploads\/VerabschiedungZechcLeitschuh00045-scaled.jpg\"><img loading=\"lazy\" decoding=\"async\" class=\"aligncenter size-large wp-image-33918\" src=\"https:\/\/gesamtschule-immenhausen.de\/wp-content\/uploads\/VerabschiedungZechcLeitschuh00045-1024x683.jpg\" alt=\"\" width=\"665\" height=\"444\" srcset=\"https:\/\/gesamtschule-immenhausen.de\/wp-content\/uploads\/VerabschiedungZechcLeitschuh00045-1024x683.jpg 1024w, https:\/\/gesamtschule-immenhausen.de\/wp-content\/uploads\/VerabschiedungZechcLeitschuh00045-150x100.jpg 150w, https:\/\/gesamtschule-immenhausen.de\/wp-content\/uploads\/VerabschiedungZechcLeitschuh00045-768x512.jpg 768w, https:\/\/gesamtschule-immenhausen.de\/wp-content\/uploads\/VerabschiedungZechcLeitschuh00045-1536x1024.jpg 1536w, https:\/\/gesamtschule-immenhausen.de\/wp-content\/uploads\/VerabschiedungZechcLeitschuh00045-2048x1365.jpg 2048w, https:\/\/gesamtschule-immenhausen.de\/wp-content\/uploads\/VerabschiedungZechcLeitschuh00045-660x440.jpg 660w\" sizes=\"(max-width: 665px) 100vw, 665px\" \/><\/a> <a href=\"https:\/\/gesamtschule-immenhausen.de\/wp-content\/uploads\/VerabschiedungZechcLeitschuh00034-scaled.jpg\"><img loading=\"lazy\" decoding=\"async\" class=\"aligncenter size-large wp-image-33919\" src=\"https:\/\/gesamtschule-immenhausen.de\/wp-content\/uploads\/VerabschiedungZechcLeitschuh00034-1024x683.jpg\" alt=\"\" width=\"665\" height=\"444\" srcset=\"https:\/\/gesamtschule-immenhausen.de\/wp-content\/uploads\/VerabschiedungZechcLeitschuh00034-1024x683.jpg 1024w, https:\/\/gesamtschule-immenhausen.de\/wp-content\/uploads\/VerabschiedungZechcLeitschuh00034-150x100.jpg 150w, https:\/\/gesamtschule-immenhausen.de\/wp-content\/uploads\/VerabschiedungZechcLeitschuh00034-768x512.jpg 768w, https:\/\/gesamtschule-immenhausen.de\/wp-content\/uploads\/VerabschiedungZechcLeitschuh00034-1536x1024.jpg 1536w, https:\/\/gesamtschule-immenhausen.de\/wp-content\/uploads\/VerabschiedungZechcLeitschuh00034-2048x1365.jpg 2048w, https:\/\/gesamtschule-immenhausen.de\/wp-content\/uploads\/VerabschiedungZechcLeitschuh00034-660x440.jpg 660w\" sizes=\"(max-width: 665px) 100vw, 665px\" \/><\/a> <a href=\"https:\/\/gesamtschule-immenhausen.de\/wp-content\/uploads\/VerabschiedungZechcLeitschuh00030-scaled.jpg\"><img loading=\"lazy\" decoding=\"async\" class=\"aligncenter size-large wp-image-33920\" src=\"https:\/\/gesamtschule-immenhausen.de\/wp-content\/uploads\/VerabschiedungZechcLeitschuh00030-1024x683.jpg\" alt=\"\" width=\"665\" height=\"444\" srcset=\"https:\/\/gesamtschule-immenhausen.de\/wp-content\/uploads\/VerabschiedungZechcLeitschuh00030-1024x683.jpg 1024w, https:\/\/gesamtschule-immenhausen.de\/wp-content\/uploads\/VerabschiedungZechcLeitschuh00030-150x100.jpg 150w, https:\/\/gesamtschule-immenhausen.de\/wp-content\/uploads\/VerabschiedungZechcLeitschuh00030-768x512.jpg 768w, https:\/\/gesamtschule-immenhausen.de\/wp-content\/uploads\/VerabschiedungZechcLeitschuh00030-1536x1024.jpg 1536w, https:\/\/gesamtschule-immenhausen.de\/wp-content\/uploads\/VerabschiedungZechcLeitschuh00030-2048x1365.jpg 2048w, https:\/\/gesamtschule-immenhausen.de\/wp-content\/uploads\/VerabschiedungZechcLeitschuh00030-660x440.jpg 660w\" sizes=\"(max-width: 665px) 100vw, 665px\" \/><\/a> <a href=\"https:\/\/gesamtschule-immenhausen.de\/wp-content\/uploads\/VerabschiedungZechcLeitschuh00016-scaled.jpg\"><img loading=\"lazy\" decoding=\"async\" class=\"aligncenter size-large wp-image-33921\" src=\"https:\/\/gesamtschule-immenhausen.de\/wp-content\/uploads\/VerabschiedungZechcLeitschuh00016-1024x683.jpg\" alt=\"\" width=\"665\" height=\"444\" srcset=\"https:\/\/gesamtschule-immenhausen.de\/wp-content\/uploads\/VerabschiedungZechcLeitschuh00016-1024x683.jpg 1024w, https:\/\/gesamtschule-immenhausen.de\/wp-content\/uploads\/VerabschiedungZechcLeitschuh00016-150x100.jpg 150w, https:\/\/gesamtschule-immenhausen.de\/wp-content\/uploads\/VerabschiedungZechcLeitschuh00016-768x512.jpg 768w, https:\/\/gesamtschule-immenhausen.de\/wp-content\/uploads\/VerabschiedungZechcLeitschuh00016-1536x1024.jpg 1536w, https:\/\/gesamtschule-immenhausen.de\/wp-content\/uploads\/VerabschiedungZechcLeitschuh00016-2048x1365.jpg 2048w, https:\/\/gesamtschule-immenhausen.de\/wp-content\/uploads\/VerabschiedungZechcLeitschuh00016-660x440.jpg 660w\" sizes=\"(max-width: 665px) 100vw, 665px\" \/><\/a> <a href=\"https:\/\/gesamtschule-immenhausen.de\/wp-content\/uploads\/VerabschiedungZechcLeitschuh00007-scaled.jpg\"><img loading=\"lazy\" decoding=\"async\" class=\"aligncenter size-large wp-image-33922\" src=\"https:\/\/gesamtschule-immenhausen.de\/wp-content\/uploads\/VerabschiedungZechcLeitschuh00007-1024x683.jpg\" alt=\"\" width=\"665\" height=\"444\" srcset=\"https:\/\/gesamtschule-immenhausen.de\/wp-content\/uploads\/VerabschiedungZechcLeitschuh00007-1024x683.jpg 1024w, https:\/\/gesamtschule-immenhausen.de\/wp-content\/uploads\/VerabschiedungZechcLeitschuh00007-150x100.jpg 150w, https:\/\/gesamtschule-immenhausen.de\/wp-content\/uploads\/VerabschiedungZechcLeitschuh00007-768x512.jpg 768w, https:\/\/gesamtschule-immenhausen.de\/wp-content\/uploads\/VerabschiedungZechcLeitschuh00007-1536x1024.jpg 1536w, https:\/\/gesamtschule-immenhausen.de\/wp-content\/uploads\/VerabschiedungZechcLeitschuh00007-2048x1365.jpg 2048w, https:\/\/gesamtschule-immenhausen.de\/wp-content\/uploads\/VerabschiedungZechcLeitschuh00007-660x440.jpg 660w\" sizes=\"(max-width: 665px) 100vw, 665px\" \/><\/a><\/p>\n","protected":false},"excerpt":{"rendered":"<p>Fredy Zech wurde als Schulleiter der Freiherr-vom-Stein-Schule Immenhausen bei einer \u00fcber zweist\u00fcndigen Verabschiedungsfeier in der Aula verabschiedet. 2010 kam er als stellvertretender Schulleiter an die Gesamtschule. Im August 2020 trat Zech die Nachfolge von Schulleiterin Brigitte Kastell an. In den Sommerferien geht er nun in den Ruhestand. Heiter und fr\u00f6hlich, so sollte die Verabschiedung auf [&hellip;]<\/p>\n","protected":false},"author":3,"featured_media":33917,"comment_status":"closed","ping_status":"closed","sticky":false,"template":"","format":"standard","meta":{"saved_in_kubio":false,"footnotes":""},"categories":[1],"tags":[],"class_list":["post-33902","post","type-post","status-publish","format-standard","has-post-thumbnail","hentry","category-allgemein"],"_links":{"self":[{"href":"https:\/\/gesamtschule-immenhausen.de\/index.php?rest_route=\/wp\/v2\/posts\/33902","targetHints":{"allow":["GET"]}}],"collection":[{"href":"https:\/\/gesamtschule-immenhausen.de\/index.php?rest_route=\/wp\/v2\/posts"}],"about":[{"href":"https:\/\/gesamtschule-immenhausen.de\/index.php?rest_route=\/wp\/v2\/types\/post"}],"author":[{"embeddable":true,"href":"https:\/\/gesamtschule-immenhausen.de\/index.php?rest_route=\/wp\/v2\/users\/3"}],"replies":[{"embeddable":true,"href":"https:\/\/gesamtschule-immenhausen.de\/index.php?rest_route=%2Fwp%2Fv2%2Fcomments&post=33902"}],"version-history":[{"count":1,"href":"https:\/\/gesamtschule-immenhausen.de\/index.php?rest_route=\/wp\/v2\/posts\/33902\/revisions"}],"predecessor-version":[{"id":33923,"href":"https:\/\/gesamtschule-immenhausen.de\/index.php?rest_route=\/wp\/v2\/posts\/33902\/revisions\/33923"}],"wp:featuredmedia":[{"embeddable":true,"href":"https:\/\/gesamtschule-immenhausen.de\/index.php?rest_route=\/wp\/v2\/media\/33917"}],"wp:attachment":[{"href":"https:\/\/gesamtschule-immenhausen.de\/index.php?rest_route=%2Fwp%2Fv2%2Fmedia&parent=33902"}],"wp:term":[{"taxonomy":"category","embeddable":true,"href":"https:\/\/gesamtschule-immenhausen.de\/index.php?rest_route=%2Fwp%2Fv2%2Fcategories&post=33902"},{"taxonomy":"post_tag","embeddable":true,"href":"https:\/\/gesamtschule-immenhausen.de\/index.php?rest_route=%2Fwp%2Fv2%2Ftags&post=33902"}],"curies":[{"name":"wp","href":"https:\/\/api.w.org\/{rel}","templated":true}]}}