{"id":33738,"date":"2024-05-21T08:56:21","date_gmt":"2024-05-21T06:56:21","guid":{"rendered":"https:\/\/gesamtschule-immenhausen.de\/?p=33738"},"modified":"2024-05-21T12:26:27","modified_gmt":"2024-05-21T10:26:27","slug":"infos-zum-kauf-von-ipads","status":"publish","type":"post","link":"https:\/\/gesamtschule-immenhausen.de\/?p=33738","title":{"rendered":"Infos zum Kauf von iPads"},"content":{"rendered":"\n<p>Sie wollen sich \u00fcber die M\u00f6glichkeiten zum Kauf oder zur monatlichen Finanzierung eines iPads \u00fcber unseren Kooperationspartner \u201eGesellschaft f\u00fcr digitale Bildung\u201c f\u00fcr das Schuljahr 2024\/25 informieren? Dann laden wir Sie ganz herzlich zu einem Informationsabend am 10. Juni um 19 Uhr in unsere Aula ein.<\/p>\n","protected":false},"excerpt":{"rendered":"<p>Sie wollen sich \u00fcber die M\u00f6glichkeiten zum Kauf oder zur monatlichen Finanzierung eines iPads \u00fcber unseren Kooperationspartner \u201eGesellschaft f\u00fcr digitale Bildung\u201c f\u00fcr das Schuljahr 2024\/25 informieren? Dann laden wir Sie ganz herzlich zu einem Informationsabend am 10. Juni um 19 Uhr in unsere Aula ein.<\/p>\n","protected":false},"author":3,"featured_media":32017,"comment_status":"closed","ping_status":"closed","sticky":false,"template":"","format":"standard","meta":{"saved_in_kubio":false,"footnotes":""},"categories":[1],"tags":[],"class_list":["post-33738","post","type-post","status-publish","format-standard","has-post-thumbnail","hentry","category-allgemein"],"_links":{"self":[{"href":"https:\/\/gesamtschule-immenhausen.de\/index.php?rest_route=\/wp\/v2\/posts\/33738","targetHints":{"allow":["GET"]}}],"collection":[{"href":"https:\/\/gesamtschule-immenhausen.de\/index.php?rest_route=\/wp\/v2\/posts"}],"about":[{"href":"https:\/\/gesamtschule-immenhausen.de\/index.php?rest_route=\/wp\/v2\/types\/post"}],"author":[{"embeddable":true,"href":"https:\/\/gesamtschule-immenhausen.de\/index.php?rest_route=\/wp\/v2\/users\/3"}],"replies":[{"embeddable":true,"href":"https:\/\/gesamtschule-immenhausen.de\/index.php?rest_route=%2Fwp%2Fv2%2Fcomments&post=33738"}],"version-history":[{"count":2,"href":"https:\/\/gesamtschule-immenhausen.de\/index.php?rest_route=\/wp\/v2\/posts\/33738\/revisions"}],"predecessor-version":[{"id":33741,"href":"https:\/\/gesamtschule-immenhausen.de\/index.php?rest_route=\/wp\/v2\/posts\/33738\/revisions\/33741"}],"wp:featuredmedia":[{"embeddable":true,"href":"https:\/\/gesamtschule-immenhausen.de\/index.php?rest_route=\/wp\/v2\/media\/32017"}],"wp:attachment":[{"href":"https:\/\/gesamtschule-immenhausen.de\/index.php?rest_route=%2Fwp%2Fv2%2Fmedia&parent=33738"}],"wp:term":[{"taxonomy":"category","embeddable":true,"href":"https:\/\/gesamtschule-immenhausen.de\/index.php?rest_route=%2Fwp%2Fv2%2Fcategories&post=33738"},{"taxonomy":"post_tag","embeddable":true,"href":"https:\/\/gesamtschule-immenhausen.de\/index.php?rest_route=%2Fwp%2Fv2%2Ftags&post=33738"}],"curies":[{"name":"wp","href":"https:\/\/api.w.org\/{rel}","templated":true}]}}