{"id":33687,"date":"2024-05-02T11:57:11","date_gmt":"2024-05-02T09:57:11","guid":{"rendered":"https:\/\/gesamtschule-immenhausen.de\/?p=33687"},"modified":"2024-05-02T11:57:11","modified_gmt":"2024-05-02T09:57:11","slug":"erfolgreiche-baumpflanzaktion-im-reinhardswald","status":"publish","type":"post","link":"https:\/\/gesamtschule-immenhausen.de\/?p=33687","title":{"rendered":"Erfolgreiche Baumpflanzaktion im Reinhardswald"},"content":{"rendered":"\n\n\n<p>Die Klassen G6a und G6b haben gemeinsam mit dem Forstamt Reinhardshagen und dem Naturpark Reinhardswald eine erfolgreiche Baumpflanzaktion durchgef\u00fchrt. Die Sch\u00fclerinnen und Sch\u00fcler begaben sich auf den neuen Osterbachrundwanderweg. Nach einem gemeinsamen Start liefen wir zun\u00e4chst einige Kilometer, bis wir zu einem alten Eichenwald gelangten. Dort bogen wir ab und begaben uns mitten durch den Wald zu unserer Pflanzfl\u00e4che.<\/p>\n<p>Die Baumpflanzung gestaltete sich jedoch nicht so einfach, wie wir es uns vorgestellt hatten. Der Boden war hart, es gab Tonschichten und zahlreiche Wurzeln, die uns die Arbeit erschwerten. Doch unsere Sch\u00fclerinnen und Sch\u00fcler lie\u00dfen sich nicht entmutigen. In kleinen Arbeitsteams k\u00e4mpften sie sich tapfer durch und schafften es letztendlich, insgesamt 130 Eichen zu pflanzen.<\/p>\n<p>Was diese Baumpflanzaktion besonders macht, ist die Tatsache, dass jeder Baum einen Namen bekommen hat. Die Sch\u00fclerinnen und Sch\u00fcler durften sich \u00fcberlegen, wie sie ihren Baum nennen m\u00f6chten. Diese pers\u00f6nliche Note verleiht der Aktion eine besondere Bedeutung und l\u00e4sst eine Verbindung zu den gepflanzten B\u00e4umen entstehen. Und wer wei\u00df, vielleicht findet sich ja auch ein bekannter Name unter den B\u00e4umen. Schauen Sie doch gerne mal selbst nach.<\/p>\n<p>Wir sind sehr stolz auf unsere Sch\u00fclerinnen und Sch\u00fcler, die mit viel Engagement und Durchhalteverm\u00f6gen diese Baumpflanzaktion gemeistert haben. Es war ein anstrengender, aber auch sehr erfolgreicher Tag, auf den wir alle zur\u00fcckblicken k\u00f6nnen.<\/p>\n<p>Ein gro\u00dfer Dank gilt den Lehrkr\u00e4ften Astrid Fehling, Dominik Hueck und Carola Dettmar, die die Aktion begleitet und unterst\u00fctzt haben. Besonders Frau Fehling geb\u00fchrt ein besonderer Dank, da sie die Initiative f\u00fcr diese Aktion ergriffen hat.<\/p>\n<p>Alle hoffen, dass die gepflanzten Eichen in den kommenden Jahren zu pr\u00e4chtigen B\u00e4umen heranwachsen und unseren Sch\u00fclerinnen und Sch\u00fclern sowie zuk\u00fcnftigen Generationen Freude und Nutzen bringen werden. Es ist sch\u00f6n zu sehen, wie unsere Sch\u00fclerinnen und Sch\u00fcler Verantwortung f\u00fcr die Natur \u00fcbernehmen und sich f\u00fcr den Erhalt unserer Umwelt einsetzen.<\/p>\n<p><a href=\"https:\/\/gesamtschule-immenhausen.de\/wp-content\/uploads\/IMG20240320094433.jpg\"><img loading=\"lazy\" decoding=\"async\" class=\"aligncenter size-large wp-image-33688\" src=\"https:\/\/gesamtschule-immenhausen.de\/wp-content\/uploads\/IMG20240320094433-1024x768.jpg\" alt=\"\" width=\"665\" height=\"499\" srcset=\"https:\/\/gesamtschule-immenhausen.de\/wp-content\/uploads\/IMG20240320094433-1024x768.jpg 1024w, https:\/\/gesamtschule-immenhausen.de\/wp-content\/uploads\/IMG20240320094433-150x113.jpg 150w, https:\/\/gesamtschule-immenhausen.de\/wp-content\/uploads\/IMG20240320094433-768x576.jpg 768w, https:\/\/gesamtschule-immenhausen.de\/wp-content\/uploads\/IMG20240320094433-660x495.jpg 660w, https:\/\/gesamtschule-immenhausen.de\/wp-content\/uploads\/IMG20240320094433.jpg 1225w\" sizes=\"(max-width: 665px) 100vw, 665px\" \/><\/a> <a href=\"https:\/\/gesamtschule-immenhausen.de\/wp-content\/uploads\/IMG_7415.jpg\"><img loading=\"lazy\" decoding=\"async\" class=\"aligncenter size-large wp-image-33689\" src=\"https:\/\/gesamtschule-immenhausen.de\/wp-content\/uploads\/IMG_7415-1024x768.jpg\" alt=\"\" width=\"665\" height=\"499\" srcset=\"https:\/\/gesamtschule-immenhausen.de\/wp-content\/uploads\/IMG_7415-1024x768.jpg 1024w, https:\/\/gesamtschule-immenhausen.de\/wp-content\/uploads\/IMG_7415-150x113.jpg 150w, https:\/\/gesamtschule-immenhausen.de\/wp-content\/uploads\/IMG_7415-768x576.jpg 768w, https:\/\/gesamtschule-immenhausen.de\/wp-content\/uploads\/IMG_7415-660x495.jpg 660w, https:\/\/gesamtschule-immenhausen.de\/wp-content\/uploads\/IMG_7415.jpg 1225w\" sizes=\"(max-width: 665px) 100vw, 665px\" \/><\/a> <a href=\"https:\/\/gesamtschule-immenhausen.de\/wp-content\/uploads\/IMG_7457.jpg\"><img loading=\"lazy\" decoding=\"async\" class=\"aligncenter size-large wp-image-33690\" src=\"https:\/\/gesamtschule-immenhausen.de\/wp-content\/uploads\/IMG_7457-1024x768.jpg\" alt=\"\" width=\"665\" height=\"499\" srcset=\"https:\/\/gesamtschule-immenhausen.de\/wp-content\/uploads\/IMG_7457-1024x768.jpg 1024w, https:\/\/gesamtschule-immenhausen.de\/wp-content\/uploads\/IMG_7457-150x113.jpg 150w, https:\/\/gesamtschule-immenhausen.de\/wp-content\/uploads\/IMG_7457-768x576.jpg 768w, https:\/\/gesamtschule-immenhausen.de\/wp-content\/uploads\/IMG_7457-660x495.jpg 660w, https:\/\/gesamtschule-immenhausen.de\/wp-content\/uploads\/IMG_7457.jpg 1225w\" sizes=\"(max-width: 665px) 100vw, 665px\" \/><\/a> <a href=\"https:\/\/gesamtschule-immenhausen.de\/wp-content\/uploads\/IMG-20240320-WA0003.jpg\"><img loading=\"lazy\" decoding=\"async\" class=\"aligncenter size-large wp-image-33691\" src=\"https:\/\/gesamtschule-immenhausen.de\/wp-content\/uploads\/IMG-20240320-WA0003-1024x768.jpg\" alt=\"\" width=\"665\" height=\"499\" srcset=\"https:\/\/gesamtschule-immenhausen.de\/wp-content\/uploads\/IMG-20240320-WA0003-1024x768.jpg 1024w, https:\/\/gesamtschule-immenhausen.de\/wp-content\/uploads\/IMG-20240320-WA0003-150x113.jpg 150w, https:\/\/gesamtschule-immenhausen.de\/wp-content\/uploads\/IMG-20240320-WA0003-768x576.jpg 768w, https:\/\/gesamtschule-immenhausen.de\/wp-content\/uploads\/IMG-20240320-WA0003-660x495.jpg 660w, https:\/\/gesamtschule-immenhausen.de\/wp-content\/uploads\/IMG-20240320-WA0003.jpg 1225w\" sizes=\"(max-width: 665px) 100vw, 665px\" \/><\/a><\/p>\n","protected":false},"excerpt":{"rendered":"<p>Die Klassen G6a und G6b haben gemeinsam mit dem Forstamt Reinhardshagen und dem Naturpark Reinhardswald eine erfolgreiche Baumpflanzaktion durchgef\u00fchrt. Die Sch\u00fclerinnen und Sch\u00fcler begaben sich auf den neuen Osterbachrundwanderweg. Nach einem gemeinsamen Start liefen wir zun\u00e4chst einige Kilometer, bis wir zu einem alten Eichenwald gelangten. Dort bogen wir ab und begaben uns mitten durch den [&hellip;]<\/p>\n","protected":false},"author":3,"featured_media":33691,"comment_status":"closed","ping_status":"closed","sticky":false,"template":"","format":"standard","meta":{"saved_in_kubio":false,"footnotes":""},"categories":[1],"tags":[],"class_list":["post-33687","post","type-post","status-publish","format-standard","has-post-thumbnail","hentry","category-allgemein"],"_links":{"self":[{"href":"https:\/\/gesamtschule-immenhausen.de\/index.php?rest_route=\/wp\/v2\/posts\/33687","targetHints":{"allow":["GET"]}}],"collection":[{"href":"https:\/\/gesamtschule-immenhausen.de\/index.php?rest_route=\/wp\/v2\/posts"}],"about":[{"href":"https:\/\/gesamtschule-immenhausen.de\/index.php?rest_route=\/wp\/v2\/types\/post"}],"author":[{"embeddable":true,"href":"https:\/\/gesamtschule-immenhausen.de\/index.php?rest_route=\/wp\/v2\/users\/3"}],"replies":[{"embeddable":true,"href":"https:\/\/gesamtschule-immenhausen.de\/index.php?rest_route=%2Fwp%2Fv2%2Fcomments&post=33687"}],"version-history":[{"count":1,"href":"https:\/\/gesamtschule-immenhausen.de\/index.php?rest_route=\/wp\/v2\/posts\/33687\/revisions"}],"predecessor-version":[{"id":33692,"href":"https:\/\/gesamtschule-immenhausen.de\/index.php?rest_route=\/wp\/v2\/posts\/33687\/revisions\/33692"}],"wp:featuredmedia":[{"embeddable":true,"href":"https:\/\/gesamtschule-immenhausen.de\/index.php?rest_route=\/wp\/v2\/media\/33691"}],"wp:attachment":[{"href":"https:\/\/gesamtschule-immenhausen.de\/index.php?rest_route=%2Fwp%2Fv2%2Fmedia&parent=33687"}],"wp:term":[{"taxonomy":"category","embeddable":true,"href":"https:\/\/gesamtschule-immenhausen.de\/index.php?rest_route=%2Fwp%2Fv2%2Fcategories&post=33687"},{"taxonomy":"post_tag","embeddable":true,"href":"https:\/\/gesamtschule-immenhausen.de\/index.php?rest_route=%2Fwp%2Fv2%2Ftags&post=33687"}],"curies":[{"name":"wp","href":"https:\/\/api.w.org\/{rel}","templated":true}]}}