{"id":33650,"date":"2026-04-08T09:34:42","date_gmt":"2026-04-08T07:34:42","guid":{"rendered":"https:\/\/gesamtschule-immenhausen.de\/?p=33650"},"modified":"2026-04-09T08:51:02","modified_gmt":"2026-04-09T06:51:02","slug":"blumenzwiebeln-und-verbluehte-fruehblueher-gesucht","status":"publish","type":"post","link":"https:\/\/gesamtschule-immenhausen.de\/?p=33650","title":{"rendered":"Blumenzwiebeln verbl\u00fchter Fr\u00fchbl\u00fcher in der Schule abgeben"},"content":{"rendered":"\n<p>Unsere Garten-AG nimmt dankbar Blumenzwiebeln an und pflanzt sie in der Schule ein. Gerade jetzt sind z.B. Fr\u00fchbl\u00fcher in Gestecken und als Deko auf dem Balkon verbl\u00fcht. Wenn sie nicht im eigenen Garten eingepflanzt werden k\u00f6nnen, landen sie oft auf dem M\u00fcll. Das muss nicht sein. Geben Sie bitte einfach die verbl\u00fchten Pflanzen (z.B. noch im Blumentopf) in der Schule ab. Einfach in einen Plastikbeutel legen und im Sekretariat in die bereitgestellt Kisten oder in den Pausen bei Herrn Leitschuh abgeben. &#8211; Die Garten AG s\u00e4ubert die Zwiebeln und pflanzt sie auf dem Schulgel\u00e4nde wieder ein. Bei R\u00fcckfragen wenden Sie sich an <a href=\"mailto:marcus.leitschuh@schule.hessen.de\">marcus.leitschuh@schule.hessen.de\u00a0\u00a0<\/a><\/p>\n<p>\u00a0<\/p>\n","protected":false},"excerpt":{"rendered":"<p>Unsere Garten-AG nimmt dankbar Blumenzwiebeln an und pflanzt sie in der Schule ein. Gerade jetzt sind z.B. Fr\u00fchbl\u00fcher in Gestecken und als Deko auf dem Balkon verbl\u00fcht. Wenn sie nicht im eigenen Garten eingepflanzt werden k\u00f6nnen, landen sie oft auf dem M\u00fcll. Das muss nicht sein. Geben Sie bitte einfach die verbl\u00fchten Pflanzen (z.B. noch [&hellip;]<\/p>\n","protected":false},"author":2,"featured_media":33651,"comment_status":"closed","ping_status":"closed","sticky":false,"template":"","format":"standard","meta":{"saved_in_kubio":false,"footnotes":""},"categories":[1],"tags":[],"class_list":["post-33650","post","type-post","status-publish","format-standard","has-post-thumbnail","hentry","category-allgemein"],"_links":{"self":[{"href":"https:\/\/gesamtschule-immenhausen.de\/index.php?rest_route=\/wp\/v2\/posts\/33650","targetHints":{"allow":["GET"]}}],"collection":[{"href":"https:\/\/gesamtschule-immenhausen.de\/index.php?rest_route=\/wp\/v2\/posts"}],"about":[{"href":"https:\/\/gesamtschule-immenhausen.de\/index.php?rest_route=\/wp\/v2\/types\/post"}],"author":[{"embeddable":true,"href":"https:\/\/gesamtschule-immenhausen.de\/index.php?rest_route=\/wp\/v2\/users\/2"}],"replies":[{"embeddable":true,"href":"https:\/\/gesamtschule-immenhausen.de\/index.php?rest_route=%2Fwp%2Fv2%2Fcomments&post=33650"}],"version-history":[{"count":5,"href":"https:\/\/gesamtschule-immenhausen.de\/index.php?rest_route=\/wp\/v2\/posts\/33650\/revisions"}],"predecessor-version":[{"id":36301,"href":"https:\/\/gesamtschule-immenhausen.de\/index.php?rest_route=\/wp\/v2\/posts\/33650\/revisions\/36301"}],"wp:featuredmedia":[{"embeddable":true,"href":"https:\/\/gesamtschule-immenhausen.de\/index.php?rest_route=\/wp\/v2\/media\/33651"}],"wp:attachment":[{"href":"https:\/\/gesamtschule-immenhausen.de\/index.php?rest_route=%2Fwp%2Fv2%2Fmedia&parent=33650"}],"wp:term":[{"taxonomy":"category","embeddable":true,"href":"https:\/\/gesamtschule-immenhausen.de\/index.php?rest_route=%2Fwp%2Fv2%2Fcategories&post=33650"},{"taxonomy":"post_tag","embeddable":true,"href":"https:\/\/gesamtschule-immenhausen.de\/index.php?rest_route=%2Fwp%2Fv2%2Ftags&post=33650"}],"curies":[{"name":"wp","href":"https:\/\/api.w.org\/{rel}","templated":true}]}}