{"id":33269,"date":"2023-10-31T16:43:00","date_gmt":"2023-10-31T15:43:00","guid":{"rendered":"https:\/\/gesamtschule-immenhausen.de\/?p=33269"},"modified":"2023-10-31T16:43:00","modified_gmt":"2023-10-31T15:43:00","slug":"guetesiegel-berufs-und-studienorientierung-fuer-freiherr-vom-stein-schule-immenhausen","status":"publish","type":"post","link":"https:\/\/gesamtschule-immenhausen.de\/?p=33269","title":{"rendered":"G\u00fctesiegel Berufs- und Studienorientierung f\u00fcr Freiherr-vom-Stein-Schule Immenhausen"},"content":{"rendered":"\n<p><a href=\"https:\/\/gesamtschule-immenhausen.de\/wp-content\/uploads\/JRF-Guetesiegel-857.jpg\"><img loading=\"lazy\" decoding=\"async\" class=\"aligncenter size-large wp-image-33271\" src=\"https:\/\/gesamtschule-immenhausen.de\/wp-content\/uploads\/JRF-Guetesiegel-857-1024x683.jpg\" alt=\"\" width=\"665\" height=\"444\" srcset=\"https:\/\/gesamtschule-immenhausen.de\/wp-content\/uploads\/JRF-Guetesiegel-857-1024x683.jpg 1024w, https:\/\/gesamtschule-immenhausen.de\/wp-content\/uploads\/JRF-Guetesiegel-857-150x100.jpg 150w, https:\/\/gesamtschule-immenhausen.de\/wp-content\/uploads\/JRF-Guetesiegel-857-768x512.jpg 768w, https:\/\/gesamtschule-immenhausen.de\/wp-content\/uploads\/JRF-Guetesiegel-857-660x440.jpg 660w, https:\/\/gesamtschule-immenhausen.de\/wp-content\/uploads\/JRF-Guetesiegel-857.jpg 1500w\" sizes=\"(max-width: 665px) 100vw, 665px\" \/><\/a> <a href=\"https:\/\/gesamtschule-immenhausen.de\/wp-content\/uploads\/JRF-Guetesiegel-775.jpg\"><img loading=\"lazy\" decoding=\"async\" class=\"aligncenter size-large wp-image-33270\" src=\"https:\/\/gesamtschule-immenhausen.de\/wp-content\/uploads\/JRF-Guetesiegel-775-1024x683.jpg\" alt=\"\" width=\"665\" height=\"444\" srcset=\"https:\/\/gesamtschule-immenhausen.de\/wp-content\/uploads\/JRF-Guetesiegel-775-1024x683.jpg 1024w, https:\/\/gesamtschule-immenhausen.de\/wp-content\/uploads\/JRF-Guetesiegel-775-150x100.jpg 150w, https:\/\/gesamtschule-immenhausen.de\/wp-content\/uploads\/JRF-Guetesiegel-775-768x512.jpg 768w, https:\/\/gesamtschule-immenhausen.de\/wp-content\/uploads\/JRF-Guetesiegel-775-660x440.jpg 660w, https:\/\/gesamtschule-immenhausen.de\/wp-content\/uploads\/JRF-Guetesiegel-775.jpg 1500w\" sizes=\"(max-width: 665px) 100vw, 665px\" \/><\/a><\/p>\n\n\n\n<p>Im Rahmen einer Feier im Haus der Wirtschaft S\u00fcdhessen in Darmstadt hat Kultusminister Prof. Dr. R. Alexander Lorz gemeinsam mit D\u00e9sir\u00e9e Derin-Holzapfel (Vizepr\u00e4sidentin der Vereinigung der hessischen Unternehmerverb\u00e4nde und Sprecherin von SCHULEWIRTSCHAFT Hessen) den Vertreterinnen und Vertretern von 30 vorbildlich in der Berufsfindung der Sch\u00fclerinnen und Sch\u00fcler engagierten Schulen das G\u00fctesiegel Berufs- und Studienorientierung Hessen \u00fcberreicht. Darunter ist auch die Freiherr-vom-Stein-Schule Immenhausen.\u00a0Schulleiter Fredy Zech zeigte sich mehr als erfreut \u00fcber die Verleihung und damit Zertifizierung durch das G\u00fctesiegel f\u00fcr Berufsorientierung: \u201eDamit wird die sehr gute Arbeit die wir bereits seit langer Zeit in diesem Bereich leisten, insbesondere f\u00fcr die beteiligten Kollegeninnen und Kollegen unserer Schule wertgesch\u00e4tzt. Wir sind stolz auf diese Auszeichnung.\u201c<\/p>\n\n\n\n<p>Im Schuljahr 2022\/23 haben sich die gew\u00fcrdigten Schulen durch ihre hervorragende berufliche Orientierung ausgezeichnet und in ihrer Bewerbung sowie einem ganzt\u00e4gigen Audit gezeigt, dass sie ihre Sch\u00fclerinnen und Sch\u00fcler auf herausragende Weise auf den \u00dcbergang von der Schule in den Beruf oder in ein Studium vorbereiten.<\/p>\n\n\n\n<p>Sieben der 30 zertifizierten Schulen \u2013 darunter die Gesamtschule Immenhausen &#8211; erhielten erstmalig das \u201eG\u00fctesiegel Berufs- und Studienorientierung Hessen\u201c und 23 Schulen wurden rezertifiziert. Die Siegel der Erstzertifizierung und ersten Rezertifizierung sind drei Jahre, die Siegel der zweiten und dritten Rezertifizierung sind f\u00fcnf Jahre lang g\u00fcltig.Insgesamt tragen zurzeit 108 Schulen das \u201eG\u00fctesiegel Berufs- und Studienorientierung Hessen\u201c, darunter 41 Gymnasien, einschlie\u00dflich Kooperativer Gesamtschulen mit Gymnasialzweigen. Seit Einf\u00fchrung 2010\/11 wurde das G\u00fctesiegel der Erstzertifizierung bereits 227 Mal an Schulen vergeben.<\/p>\n\n\n\n<p><strong>Au\u00dfergew\u00f6hnliche Leistungen und hohes Engagement der Schulen<\/strong><\/p>\n\n\n\n<p>Kultusminister Prof. Dr. R. Alexander Lorz w\u00fcrdigte in seiner Rede die au\u00dfergew\u00f6hnlichen Leistungen der mit dem G\u00fctesiegel ausgezeichneten Schulen und hob das andauernd hohe Engagement der Schulen und ihrer Kooperationspartner im Bereich der beruflichen Orientierung hervor: \u201eDie berufliche Orientierung wurde in den vergangenen Jahren in allen Schulformen nachhaltig gest\u00e4rkt und es wurden zahlreiche digitale Formate entwickelt. Denn, wer schon in der Schule eine Vorstellung von der eigenen beruflichen Zukunft entwickelt, kann sich ohne Umwege und gut vorbereitet in die Arbeitswelt aufmachen. Die heute ausgezeichneten Konzepte treten besonders effektiv dem Fachkr\u00e4ftemangel entgegen und beugen falschen Vorstellungen \u00fcber den zuk\u00fcnftigen Beruf oder die eigenen F\u00e4higkeiten und Interessen vor.\u201c<\/p>\n\n\n\n<p>D\u00e9sir\u00e9e Derin-Holzapfel: \u201eDie Siegelschulen sind die Aush\u00e4ngeschilder der beruflichen Orientierung \u2013 ganz gleich, ob der weitere Weg zun\u00e4chst in eine duale Ausbildung oder \u00fcber ein Studium f\u00fchrt \u2013 wobei die Angebote und die Chancen einer dualen Ausbildung derzeit besser kaum sein k\u00f6nnten. Das G\u00fctesiegel Berufs- und Studienorientierung ist somit ein Musterbeispiel f\u00fcr eine gelungene Kooperation zwischen Schulwesen, Wirtschaft und der BA auf dem wichtigen Feld der schulischen Qualit\u00e4tsentwicklung. Nicht ohne Grund gelten die hessische OloV-Strategie und seine Ausgestaltung des Siegels bundesweit als innovativ und vorbildlich. Darauf k\u00f6nnen wir alle stolz sein.\u201c&nbsp;Hessens Wirtschaftsminister Tarek Al-Wazir: \u201eUnser Land braucht dringend qualifizierte Fachkr\u00e4fte. Der Schl\u00fcssel liegt in der Ausbildung junger Menschen. Eine intensive berufliche Orientierung in der Schule verhilft nicht nur Jugendlichen zu einem erfolgreichen Start ins Berufsleben, sondern tr\u00e4gt auch erheblich dazu bei, dass Hessen ein starker Wirtschaftsstandort bleibt. G\u00fctesiegelschulen gehen diese Aufgabe mit besonderem Engagement an. Ich m\u00f6chte sie ermutigen, dabei nicht lockerzulassen, und hoffe, dass ihr Beispiel Schule macht.\u201c<\/p>\n\n\n\n<blockquote class=\"wp-block-quote is-layout-flow wp-block-quote-is-layout-flow\">\n<p>Das G\u00fctesiegel wurde in Hessen zu Beginn des Schuljahrs 2010\/11 eingef\u00fchrt. Es wird an Schulen vergeben, die eine vorbildliche berufliche Orientierung nach den OloV-Qualit\u00e4tsstandards (OloV = Optimierung der lokalen Vermittlungsarbeit) gestalten und umsetzen. In Schulen mit gymnasialer Oberstufe und an Beruflichen Gymnasien wird zudem die Studienorientierung bewertet. Das Zertifizierungsverfahren l\u00e4uft vollst\u00e4ndig digital. Unter\u00a0<a href=\"https:\/\/www.guetesiegel-bo-hessen.de%20\">https:\/\/www.guetesiegel-bo-hessen.de\u00a0<\/a>steht die G\u00fctesiegel-Datenbank allen beteiligten Schulen, den Auditteams, den Verantwortlichen der SCHULEWIRTSCHAFT-Regionen, dem Projektb\u00fcro sowie der Jury zur Verf\u00fcgung. Das Siegel ist ein gemeinsames Projekt des Hessischen Kultusministeriums, des Hessischen Ministeriums f\u00fcr Wirtschaft, Energie, Verkehr und Wohnen, der SCHULEWIRTSCHAFT Hessen, der Vereinigung der hessischen Unternehmerverb\u00e4nde, der Arbeitsgemeinschaft der Hessischen Handwerkskammern, des Hessischen Industrie- und Handelskammertags sowie der Regionaldirektion Hessen der Bundesagentur f\u00fcr Arbeit. Es ist ein Bestandteil der hessenweiten Strategie OloV und wird gef\u00f6rdert von der Europ\u00e4ischen Union, aus Mitteln des Hessischen Ministeriums f\u00fcr Wirtschaft, Energie, Verkehr und Wohnen und des Hessischen Kultusministeriums.<\/p>\n<\/blockquote>\n\n\n\n<p><\/p>\n\n\n\n<p>Foto:\u00a0<strong>Julia Reisinger\u00a0<\/strong><\/p>\n\n\n\n<p><\/p>\n","protected":false},"excerpt":{"rendered":"<p>Im Rahmen einer Feier im Haus der Wirtschaft S\u00fcdhessen in Darmstadt hat Kultusminister Prof. Dr. R. Alexander Lorz gemeinsam mit D\u00e9sir\u00e9e Derin-Holzapfel (Vizepr\u00e4sidentin der Vereinigung der hessischen Unternehmerverb\u00e4nde und Sprecherin von SCHULEWIRTSCHAFT Hessen) den Vertreterinnen und Vertretern von 30 vorbildlich in der Berufsfindung der Sch\u00fclerinnen und Sch\u00fcler engagierten Schulen das G\u00fctesiegel Berufs- und Studienorientierung Hessen [&hellip;]<\/p>\n","protected":false},"author":3,"featured_media":33270,"comment_status":"closed","ping_status":"closed","sticky":false,"template":"","format":"standard","meta":{"saved_in_kubio":false,"footnotes":""},"categories":[1],"tags":[],"class_list":["post-33269","post","type-post","status-publish","format-standard","has-post-thumbnail","hentry","category-allgemein"],"_links":{"self":[{"href":"https:\/\/gesamtschule-immenhausen.de\/index.php?rest_route=\/wp\/v2\/posts\/33269","targetHints":{"allow":["GET"]}}],"collection":[{"href":"https:\/\/gesamtschule-immenhausen.de\/index.php?rest_route=\/wp\/v2\/posts"}],"about":[{"href":"https:\/\/gesamtschule-immenhausen.de\/index.php?rest_route=\/wp\/v2\/types\/post"}],"author":[{"embeddable":true,"href":"https:\/\/gesamtschule-immenhausen.de\/index.php?rest_route=\/wp\/v2\/users\/3"}],"replies":[{"embeddable":true,"href":"https:\/\/gesamtschule-immenhausen.de\/index.php?rest_route=%2Fwp%2Fv2%2Fcomments&post=33269"}],"version-history":[{"count":1,"href":"https:\/\/gesamtschule-immenhausen.de\/index.php?rest_route=\/wp\/v2\/posts\/33269\/revisions"}],"predecessor-version":[{"id":33272,"href":"https:\/\/gesamtschule-immenhausen.de\/index.php?rest_route=\/wp\/v2\/posts\/33269\/revisions\/33272"}],"wp:featuredmedia":[{"embeddable":true,"href":"https:\/\/gesamtschule-immenhausen.de\/index.php?rest_route=\/wp\/v2\/media\/33270"}],"wp:attachment":[{"href":"https:\/\/gesamtschule-immenhausen.de\/index.php?rest_route=%2Fwp%2Fv2%2Fmedia&parent=33269"}],"wp:term":[{"taxonomy":"category","embeddable":true,"href":"https:\/\/gesamtschule-immenhausen.de\/index.php?rest_route=%2Fwp%2Fv2%2Fcategories&post=33269"},{"taxonomy":"post_tag","embeddable":true,"href":"https:\/\/gesamtschule-immenhausen.de\/index.php?rest_route=%2Fwp%2Fv2%2Ftags&post=33269"}],"curies":[{"name":"wp","href":"https:\/\/api.w.org\/{rel}","templated":true}]}}