{"id":32773,"date":"2023-06-26T13:30:35","date_gmt":"2023-06-26T11:30:35","guid":{"rendered":"https:\/\/gesamtschule-immenhausen.de\/?p=32773"},"modified":"2023-06-29T22:00:56","modified_gmt":"2023-06-29T20:00:56","slug":"gesamtschule-immenhausen-vernetzt-sich-hessenweit-mit-schulen-erfolgreich-in-die-zukunft-durch-verstaerkte-berufliche-orientierung","status":"publish","type":"post","link":"https:\/\/gesamtschule-immenhausen.de\/?p=32773","title":{"rendered":"Gesamtschule Immenhausen vernetzt sich hessenweit mit Schulen: Erfolgreich in die Zukunft durch verst\u00e4rkte berufliche Orientierung"},"content":{"rendered":"\n<p>Ende Juni 2023 fand an den beruflichen Schulen in Limburg der hessenweite Fachtag zum Thema \u201eErfolgreich in die Zukunft mit verst\u00e4rkter beruflicher Orientierung allgemeinbildender Schulen in Kooperation mit beruflichen Schulen: Mittelstufenschule \u2013 Limburger Modell \u2013 ProBe\u201c statt. Der Fachtag lenkte den Fokus auf die Chancen einer fr\u00fchzeitigen Praxisorientierung bei der Berufswahl. Der Fachtag richtete sich an interessierte Lehrkr\u00e4fte und Schulleitungen aller Schulformen, die an Kooperationsmodellen allgemeinbildender und beruflicher Schulen sowie dem Modell Mittelstufenschule interessiert sind. Lehrkr\u00e4ften und Schulleitungen der Mittelstufenschulen bietet der Tag M\u00f6glichkeiten zu Austausch und Vernetzung. Unsere Schule wurden von Schulleiter Fredy Zech, Arndt K\u00f6hling (BerufsInfoPoint) und Marcel M\u00fcller (Zweigleiter Mittlerer Bildungsgang) vorgestellt. Au\u00dferdem nahmen sie an Workshops und Vortr\u00e4gen teil, die einer hessenweiten Vernetzung dienen sollten. Schulleiter Fredy Zech war nach dem Tag begeistert: &#8222;Es war gut, dass wir unsere Schule pr\u00e4sentiert haben, noch mehr allerdings, dass wir von den Erfahrungen anderer Schulen profitieren konnten.&#8220; <\/p>\n\n\n\n<p><\/p>\n\n\n\n<p><\/p>\n\n\n\n<figure class=\"wp-block-image size-large\"><img loading=\"lazy\" decoding=\"async\" width=\"1024\" height=\"768\" src=\"https:\/\/gesamtschule-immenhausen.de\/wp-content\/uploads\/image-20230624-091750-1024x768.jpeg\" alt=\"\" class=\"wp-image-32774\" srcset=\"https:\/\/gesamtschule-immenhausen.de\/wp-content\/uploads\/image-20230624-091750-1024x768.jpeg 1024w, https:\/\/gesamtschule-immenhausen.de\/wp-content\/uploads\/image-20230624-091750-150x113.jpeg 150w, https:\/\/gesamtschule-immenhausen.de\/wp-content\/uploads\/image-20230624-091750-768x576.jpeg 768w, https:\/\/gesamtschule-immenhausen.de\/wp-content\/uploads\/image-20230624-091750-1536x1152.jpeg 1536w, https:\/\/gesamtschule-immenhausen.de\/wp-content\/uploads\/image-20230624-091750-660x495.jpeg 660w, https:\/\/gesamtschule-immenhausen.de\/wp-content\/uploads\/image-20230624-091750.jpeg 1600w\" sizes=\"(max-width: 1024px) 100vw, 1024px\" \/><\/figure>\n","protected":false},"excerpt":{"rendered":"<p>Ende Juni 2023 fand an den beruflichen Schulen in Limburg der hessenweite Fachtag zum Thema \u201eErfolgreich in die Zukunft mit verst\u00e4rkter beruflicher Orientierung allgemeinbildender Schulen in Kooperation mit beruflichen Schulen: Mittelstufenschule \u2013 Limburger Modell \u2013 ProBe\u201c statt. Der Fachtag lenkte den Fokus auf die Chancen einer fr\u00fchzeitigen Praxisorientierung bei der Berufswahl. Der Fachtag richtete sich [&hellip;]<\/p>\n","protected":false},"author":3,"featured_media":32774,"comment_status":"closed","ping_status":"closed","sticky":false,"template":"","format":"standard","meta":{"saved_in_kubio":false,"footnotes":""},"categories":[1],"tags":[],"class_list":["post-32773","post","type-post","status-publish","format-standard","has-post-thumbnail","hentry","category-allgemein"],"_links":{"self":[{"href":"https:\/\/gesamtschule-immenhausen.de\/index.php?rest_route=\/wp\/v2\/posts\/32773","targetHints":{"allow":["GET"]}}],"collection":[{"href":"https:\/\/gesamtschule-immenhausen.de\/index.php?rest_route=\/wp\/v2\/posts"}],"about":[{"href":"https:\/\/gesamtschule-immenhausen.de\/index.php?rest_route=\/wp\/v2\/types\/post"}],"author":[{"embeddable":true,"href":"https:\/\/gesamtschule-immenhausen.de\/index.php?rest_route=\/wp\/v2\/users\/3"}],"replies":[{"embeddable":true,"href":"https:\/\/gesamtschule-immenhausen.de\/index.php?rest_route=%2Fwp%2Fv2%2Fcomments&post=32773"}],"version-history":[{"count":3,"href":"https:\/\/gesamtschule-immenhausen.de\/index.php?rest_route=\/wp\/v2\/posts\/32773\/revisions"}],"predecessor-version":[{"id":32795,"href":"https:\/\/gesamtschule-immenhausen.de\/index.php?rest_route=\/wp\/v2\/posts\/32773\/revisions\/32795"}],"wp:featuredmedia":[{"embeddable":true,"href":"https:\/\/gesamtschule-immenhausen.de\/index.php?rest_route=\/wp\/v2\/media\/32774"}],"wp:attachment":[{"href":"https:\/\/gesamtschule-immenhausen.de\/index.php?rest_route=%2Fwp%2Fv2%2Fmedia&parent=32773"}],"wp:term":[{"taxonomy":"category","embeddable":true,"href":"https:\/\/gesamtschule-immenhausen.de\/index.php?rest_route=%2Fwp%2Fv2%2Fcategories&post=32773"},{"taxonomy":"post_tag","embeddable":true,"href":"https:\/\/gesamtschule-immenhausen.de\/index.php?rest_route=%2Fwp%2Fv2%2Ftags&post=32773"}],"curies":[{"name":"wp","href":"https:\/\/api.w.org\/{rel}","templated":true}]}}