{"id":32285,"date":"2025-06-12T11:16:00","date_gmt":"2025-06-12T09:16:00","guid":{"rendered":"https:\/\/gesamtschule-immenhausen.de\/?p=32285"},"modified":"2025-05-23T12:10:10","modified_gmt":"2025-05-23T10:10:10","slug":"begabtenfoerderung-freiherr-vom-stein-schule-ist-partnerschule-der-digitalen-drehtuer","status":"publish","type":"post","link":"https:\/\/gesamtschule-immenhausen.de\/?p=32285","title":{"rendered":"Begabtenf\u00f6rderung: Freiherr-vom-Stein-Schule ist Partnerschule der \u201eDigitalen Dreht\u00fcr\u201c"},"content":{"rendered":"\n\n\n<p>Im Herbst 2022 startete das Programm &#8222;Digitale Dreht\u00fcr&#8220;, das in Kooperation zwischen dem Hessischen Kultusministerium, der Justus-Liebig-Universit\u00e4t Gie\u00dfen sowie der begabungsdiagnostischen Beratungsstelle BRAIN der Philipps-Universit\u00e4t Marburg entwickelt wurde, mit einem vielf\u00e4ltigen Angebot. Das Modell der Dreht\u00fcr ist schon seit vielen Jahren eine verbreitete Methode in der Begabtenf\u00f6rderung, um z.B. leistungsstarken Sch\u00fclerinnen und Sch\u00fcler zu erm\u00f6glichen, den Fachunterricht einer h\u00f6heren Klasse zu besuchen. Eine deutlich flexiblere Variante ist aktuell digital m\u00f6glich, um besondere St\u00e4rken und Schw\u00e4chen zu f\u00f6rdern.<\/p>\n<p>Die Freiherr-vom-Stein-Schule ist nun Partnerschule der &#8222;digitalen Dreht\u00fcr&#8220;, sodass Sch\u00fclerinnen und Sch\u00fcler, die von ihren Klassen- und Fachlehrerinnen und Fachlehrern vorgeschlagen werden, die Workshops wahrnehmen k\u00f6nnen. Dieses neue Angebot verfolgt zwei Ziele: \u201eZum einen gilt es, leistungsstarke Sch\u00fclerinnen und Sch\u00fcler im Sinne der Leistungsf\u00f6rderung zu identifizieren. Zum anderen k\u00f6nnen und sollen aber auch im Sinne der Begabungsf\u00f6rderung jene Sch\u00fclerinnen und Sch\u00fcler angesprochen werden, die mutma\u00dflich \u00fcber besondere Leistungspotenziale verf\u00fcgen, diese jedoch aktuell nicht aussch\u00f6pfen, etwa aufgrund motivational-selbstregulatorischer Problemlagen.\u201c<\/p>\n<p>Sch\u00fclerinnen und Sch\u00fcler aus verschiedenen Jahrgangsstufen wurden bereits zu diesem vielf\u00e4ltigen Angebot von Frau Dr. Hoffmann-Deist eingeladen, die auch bei Fragen zur \u201eDigitalen Dreht\u00fcr\u201c zur Verf\u00fcgung steht.<\/p>\n<p><a href=\"https:\/\/gesamtschule-immenhausen.de\/wp-content\/uploads\/csm_Partnerschule_Digitale_Drehtuer_Logo_8a746bebb7.png\"><img loading=\"lazy\" decoding=\"async\" class=\"aligncenter size-large wp-image-32286\" src=\"https:\/\/gesamtschule-immenhausen.de\/wp-content\/uploads\/csm_Partnerschule_Digitale_Drehtuer_Logo_8a746bebb7-1024x1024.png\" alt=\"\" width=\"665\" height=\"665\" srcset=\"https:\/\/gesamtschule-immenhausen.de\/wp-content\/uploads\/csm_Partnerschule_Digitale_Drehtuer_Logo_8a746bebb7-1024x1024.png 1024w, https:\/\/gesamtschule-immenhausen.de\/wp-content\/uploads\/csm_Partnerschule_Digitale_Drehtuer_Logo_8a746bebb7-150x150.png 150w, https:\/\/gesamtschule-immenhausen.de\/wp-content\/uploads\/csm_Partnerschule_Digitale_Drehtuer_Logo_8a746bebb7-768x768.png 768w, https:\/\/gesamtschule-immenhausen.de\/wp-content\/uploads\/csm_Partnerschule_Digitale_Drehtuer_Logo_8a746bebb7-660x660.png 660w, https:\/\/gesamtschule-immenhausen.de\/wp-content\/uploads\/csm_Partnerschule_Digitale_Drehtuer_Logo_8a746bebb7.png 1200w\" sizes=\"(max-width: 665px) 100vw, 665px\" \/><\/a><\/p>\n<p>Mehr Infos unter: <a href=\"https:\/\/kultusministerium.hessen.de\/unterricht\/begabungs-und-begabtenfoerderung\/digitale-drehtuer-hessen\">https:\/\/kultusministerium.hessen.de\/unterricht\/begabungs-und-begabtenfoerderung\/digitale-drehtuer-hessen<\/a><\/p>\n<p><a href=\"https:\/\/digitale-drehtuer.de\/\">https:\/\/digitale-drehtuer.de\/<\/a><\/p>\n<p><iframe loading=\"lazy\" src=\"\/\/www.youtube.com\/embed\/1WOMhE95T8E\" width=\"560\" height=\"314\" allowfullscreen=\"allowfullscreen\"><\/iframe><\/p>\n","protected":false},"excerpt":{"rendered":"<p>Im Herbst 2022 startete das Programm &#8222;Digitale Dreht\u00fcr&#8220;, das in Kooperation zwischen dem Hessischen Kultusministerium, der Justus-Liebig-Universit\u00e4t Gie\u00dfen sowie der begabungsdiagnostischen Beratungsstelle BRAIN der Philipps-Universit\u00e4t Marburg entwickelt wurde, mit einem vielf\u00e4ltigen Angebot. Das Modell der Dreht\u00fcr ist schon seit vielen Jahren eine verbreitete Methode in der Begabtenf\u00f6rderung, um z.B. leistungsstarken Sch\u00fclerinnen und Sch\u00fcler zu erm\u00f6glichen, [&hellip;]<\/p>\n","protected":false},"author":3,"featured_media":34620,"comment_status":"closed","ping_status":"closed","sticky":false,"template":"","format":"standard","meta":{"saved_in_kubio":false,"footnotes":""},"categories":[1],"tags":[],"class_list":["post-32285","post","type-post","status-publish","format-standard","has-post-thumbnail","hentry","category-allgemein"],"_links":{"self":[{"href":"https:\/\/gesamtschule-immenhausen.de\/index.php?rest_route=\/wp\/v2\/posts\/32285","targetHints":{"allow":["GET"]}}],"collection":[{"href":"https:\/\/gesamtschule-immenhausen.de\/index.php?rest_route=\/wp\/v2\/posts"}],"about":[{"href":"https:\/\/gesamtschule-immenhausen.de\/index.php?rest_route=\/wp\/v2\/types\/post"}],"author":[{"embeddable":true,"href":"https:\/\/gesamtschule-immenhausen.de\/index.php?rest_route=\/wp\/v2\/users\/3"}],"replies":[{"embeddable":true,"href":"https:\/\/gesamtschule-immenhausen.de\/index.php?rest_route=%2Fwp%2Fv2%2Fcomments&post=32285"}],"version-history":[{"count":2,"href":"https:\/\/gesamtschule-immenhausen.de\/index.php?rest_route=\/wp\/v2\/posts\/32285\/revisions"}],"predecessor-version":[{"id":35327,"href":"https:\/\/gesamtschule-immenhausen.de\/index.php?rest_route=\/wp\/v2\/posts\/32285\/revisions\/35327"}],"wp:featuredmedia":[{"embeddable":true,"href":"https:\/\/gesamtschule-immenhausen.de\/index.php?rest_route=\/wp\/v2\/media\/34620"}],"wp:attachment":[{"href":"https:\/\/gesamtschule-immenhausen.de\/index.php?rest_route=%2Fwp%2Fv2%2Fmedia&parent=32285"}],"wp:term":[{"taxonomy":"category","embeddable":true,"href":"https:\/\/gesamtschule-immenhausen.de\/index.php?rest_route=%2Fwp%2Fv2%2Fcategories&post=32285"},{"taxonomy":"post_tag","embeddable":true,"href":"https:\/\/gesamtschule-immenhausen.de\/index.php?rest_route=%2Fwp%2Fv2%2Ftags&post=32285"}],"curies":[{"name":"wp","href":"https:\/\/api.w.org\/{rel}","templated":true}]}}