{"id":32090,"date":"2022-12-30T14:56:38","date_gmt":"2022-12-30T13:56:38","guid":{"rendered":"https:\/\/gesamtschule-immenhausen.de\/?p=32090"},"modified":"2022-12-20T12:19:02","modified_gmt":"2022-12-20T11:19:02","slug":"bauzaeune-mit-fotos-aus-dem-schulleben-verschoenert","status":"publish","type":"post","link":"https:\/\/gesamtschule-immenhausen.de\/?p=32090","title":{"rendered":"Bauz\u00e4une mit Fotos aus dem Schulleben versch\u00f6nert"},"content":{"rendered":"\n<p>Unsere Schule bekommt eine neue D\u00e4mmung und Au\u00dfenhaut. Das dauert seine Zeit und damit es trotz Bauz\u00e4unen sch\u00f6n aussieht, haben Landkreis und F\u00f6rderverein jetzt die Bauz\u00e4une verkleidet. Daf\u00fcr wurden extra Fotos aus dem Schulleben produziert. Wir danken f\u00fcr die Unterst\u00fctzung! <a href=\"https:\/\/gesamtschule-immenhausen.de\/wp-content\/uploads\/IMG_5736-scaled.jpeg\"><img loading=\"lazy\" decoding=\"async\" class=\"aligncenter size-large wp-image-32091\" src=\"https:\/\/gesamtschule-immenhausen.de\/wp-content\/uploads\/IMG_5736-1024x768.jpeg\" alt=\"\" width=\"665\" height=\"499\" srcset=\"https:\/\/gesamtschule-immenhausen.de\/wp-content\/uploads\/IMG_5736-1024x768.jpeg 1024w, https:\/\/gesamtschule-immenhausen.de\/wp-content\/uploads\/IMG_5736-150x113.jpeg 150w, https:\/\/gesamtschule-immenhausen.de\/wp-content\/uploads\/IMG_5736-768x576.jpeg 768w, https:\/\/gesamtschule-immenhausen.de\/wp-content\/uploads\/IMG_5736-1536x1152.jpeg 1536w, https:\/\/gesamtschule-immenhausen.de\/wp-content\/uploads\/IMG_5736-2048x1536.jpeg 2048w, https:\/\/gesamtschule-immenhausen.de\/wp-content\/uploads\/IMG_5736-660x495.jpeg 660w\" sizes=\"(max-width: 665px) 100vw, 665px\" \/><\/a><\/p>\n","protected":false},"excerpt":{"rendered":"<p>Unsere Schule bekommt eine neue D\u00e4mmung und Au\u00dfenhaut. Das dauert seine Zeit und damit es trotz Bauz\u00e4unen sch\u00f6n aussieht, haben Landkreis und F\u00f6rderverein jetzt die Bauz\u00e4une verkleidet. Daf\u00fcr wurden extra Fotos aus dem Schulleben produziert. Wir danken f\u00fcr die Unterst\u00fctzung!<\/p>\n","protected":false},"author":3,"featured_media":32091,"comment_status":"closed","ping_status":"closed","sticky":false,"template":"","format":"standard","meta":{"saved_in_kubio":false,"footnotes":""},"categories":[1],"tags":[],"class_list":["post-32090","post","type-post","status-publish","format-standard","has-post-thumbnail","hentry","category-allgemein"],"_links":{"self":[{"href":"https:\/\/gesamtschule-immenhausen.de\/index.php?rest_route=\/wp\/v2\/posts\/32090","targetHints":{"allow":["GET"]}}],"collection":[{"href":"https:\/\/gesamtschule-immenhausen.de\/index.php?rest_route=\/wp\/v2\/posts"}],"about":[{"href":"https:\/\/gesamtschule-immenhausen.de\/index.php?rest_route=\/wp\/v2\/types\/post"}],"author":[{"embeddable":true,"href":"https:\/\/gesamtschule-immenhausen.de\/index.php?rest_route=\/wp\/v2\/users\/3"}],"replies":[{"embeddable":true,"href":"https:\/\/gesamtschule-immenhausen.de\/index.php?rest_route=%2Fwp%2Fv2%2Fcomments&post=32090"}],"version-history":[{"count":1,"href":"https:\/\/gesamtschule-immenhausen.de\/index.php?rest_route=\/wp\/v2\/posts\/32090\/revisions"}],"predecessor-version":[{"id":32092,"href":"https:\/\/gesamtschule-immenhausen.de\/index.php?rest_route=\/wp\/v2\/posts\/32090\/revisions\/32092"}],"wp:featuredmedia":[{"embeddable":true,"href":"https:\/\/gesamtschule-immenhausen.de\/index.php?rest_route=\/wp\/v2\/media\/32091"}],"wp:attachment":[{"href":"https:\/\/gesamtschule-immenhausen.de\/index.php?rest_route=%2Fwp%2Fv2%2Fmedia&parent=32090"}],"wp:term":[{"taxonomy":"category","embeddable":true,"href":"https:\/\/gesamtschule-immenhausen.de\/index.php?rest_route=%2Fwp%2Fv2%2Fcategories&post=32090"},{"taxonomy":"post_tag","embeddable":true,"href":"https:\/\/gesamtschule-immenhausen.de\/index.php?rest_route=%2Fwp%2Fv2%2Ftags&post=32090"}],"curies":[{"name":"wp","href":"https:\/\/api.w.org\/{rel}","templated":true}]}}