{"id":31486,"date":"2022-04-30T10:41:00","date_gmt":"2022-04-30T08:41:00","guid":{"rendered":"https:\/\/gesamtschule-immenhausen.de\/?p=31486"},"modified":"2022-04-25T23:38:19","modified_gmt":"2022-04-25T21:38:19","slug":"schule-ab-jetzt-mit-videoueberwachung","status":"publish","type":"post","link":"https:\/\/gesamtschule-immenhausen.de\/?p=31486","title":{"rendered":"Schule ab jetzt mit Video\u00fcberwachung"},"content":{"rendered":"\n<p>Um Vandalismus\u2010Sch\u00e4den auf den Schulgel\u00e4nden von Schulen des Landkreises Kassel vorzubeugen, richtet der Landkreis an Schulstandorten Video\u00fcberwachungsanlagen ein. Auch die Freiherr-vom-Stein-Schule wird ab jetzt so \u00fcberwacht. \u201eHintergrund der Pr\u00e4ventionsma\u00dfnahmen ist ein Beschluss des Kreistages, nach dem an allen Schulen, die eine Video\u00fcberwachung w\u00fcnschen, diese auch eingerichtet wird\u201c, berichtet die Leiterin des Kreisimmobilienmanagements Martina Rapprich. Voraussetzung f\u00fcr das Anbringen von Kameras auf einem Schulgel\u00e4nde ist, dass sich die Schulkonferenz f\u00fcr eine \u00dcberwachung ausgesprochen hat.<\/p>\n<p>\u201eWir haben unser Konzept mit dem Hessischen Beauftragten f\u00fcr Datenschutz und Informationsfreiheit &#8230; abgestimmt \u2013 es findet keine Datenspeicherung statt und die Aufnahmen werden nur dann eingesehen, wenn es an der betreffenden Schule einen Vandalismus\u2010Vorfall gegeben hat\u201c, so Rapprich weiter. Die Kameras seien auch nur in Zeiten eingeschaltet, in denen kein Unterricht mehr stattfindet. Rapprich: \u201eUns geht es darum, diejenigen zu erwischen, die Schulgel\u00e4nde f\u00fcr mutwillige Zerst\u00f6rungen nutzen oder f\u00fcr Partys, bei denen Scherben und M\u00fcll auf dem Schulhof zur\u00fcckbleiben.\u201c F\u00fcr jede Schule habe man zusammen mit der Polizei und falls auch noch \u00f6ffentliche Wege betroffen sind auch mit der Kommune die geeignetsten Standorte f\u00fcr die Video\u00fcberwachung abgestimmt.\u00a0<\/p>\n","protected":false},"excerpt":{"rendered":"<p>Um Vandalismus\u2010Sch\u00e4den auf den Schulgel\u00e4nden von Schulen des Landkreises Kassel vorzubeugen, richtet der Landkreis an Schulstandorten Video\u00fcberwachungsanlagen ein. Auch die Freiherr-vom-Stein-Schule wird ab jetzt so \u00fcberwacht. \u201eHintergrund der Pr\u00e4ventionsma\u00dfnahmen ist ein Beschluss des Kreistages, nach dem an allen Schulen, die eine Video\u00fcberwachung w\u00fcnschen, diese auch eingerichtet wird\u201c, berichtet die Leiterin des Kreisimmobilienmanagements Martina Rapprich. Voraussetzung [&hellip;]<\/p>\n","protected":false},"author":3,"featured_media":20265,"comment_status":"closed","ping_status":"closed","sticky":false,"template":"","format":"standard","meta":{"saved_in_kubio":false,"footnotes":""},"categories":[1],"tags":[],"class_list":["post-31486","post","type-post","status-publish","format-standard","has-post-thumbnail","hentry","category-allgemein"],"_links":{"self":[{"href":"https:\/\/gesamtschule-immenhausen.de\/index.php?rest_route=\/wp\/v2\/posts\/31486","targetHints":{"allow":["GET"]}}],"collection":[{"href":"https:\/\/gesamtschule-immenhausen.de\/index.php?rest_route=\/wp\/v2\/posts"}],"about":[{"href":"https:\/\/gesamtschule-immenhausen.de\/index.php?rest_route=\/wp\/v2\/types\/post"}],"author":[{"embeddable":true,"href":"https:\/\/gesamtschule-immenhausen.de\/index.php?rest_route=\/wp\/v2\/users\/3"}],"replies":[{"embeddable":true,"href":"https:\/\/gesamtschule-immenhausen.de\/index.php?rest_route=%2Fwp%2Fv2%2Fcomments&post=31486"}],"version-history":[{"count":1,"href":"https:\/\/gesamtschule-immenhausen.de\/index.php?rest_route=\/wp\/v2\/posts\/31486\/revisions"}],"predecessor-version":[{"id":31487,"href":"https:\/\/gesamtschule-immenhausen.de\/index.php?rest_route=\/wp\/v2\/posts\/31486\/revisions\/31487"}],"wp:featuredmedia":[{"embeddable":true,"href":"https:\/\/gesamtschule-immenhausen.de\/index.php?rest_route=\/wp\/v2\/media\/20265"}],"wp:attachment":[{"href":"https:\/\/gesamtschule-immenhausen.de\/index.php?rest_route=%2Fwp%2Fv2%2Fmedia&parent=31486"}],"wp:term":[{"taxonomy":"category","embeddable":true,"href":"https:\/\/gesamtschule-immenhausen.de\/index.php?rest_route=%2Fwp%2Fv2%2Fcategories&post=31486"},{"taxonomy":"post_tag","embeddable":true,"href":"https:\/\/gesamtschule-immenhausen.de\/index.php?rest_route=%2Fwp%2Fv2%2Ftags&post=31486"}],"curies":[{"name":"wp","href":"https:\/\/api.w.org\/{rel}","templated":true}]}}