{"id":31325,"date":"2022-02-28T08:21:28","date_gmt":"2022-02-28T07:21:28","guid":{"rendered":"https:\/\/gesamtschule-immenhausen.de\/?p=31325"},"modified":"2022-02-28T08:21:28","modified_gmt":"2022-02-28T07:21:28","slug":"interview-mit-der-elternbeiratsvorsitzenden-silke-konrad-analoges-selbermachen-ist-auch-im-guten-digitalem-unterricht-wichtig","status":"publish","type":"post","link":"https:\/\/gesamtschule-immenhausen.de\/?p=31325","title":{"rendered":"Interview mit der Elternbeiratsvorsitzenden Silke Konrad: Analoges Selbermachen ist auch im guten digitalem Unterricht wichtig!"},"content":{"rendered":"\n<p>Im aktuellen Jahrgang 5 haben wir mit der Umsetzung eines neuen Lern- und Raumkonzeptes begonnen. SchuleNeuDenken bedeutet Lernen am eigenen Sch\u00fclerarbeitsplatz, u.a. in den Hauptf\u00e4chern, gewohntes Arbeiten in den Fachr\u00e4umen, Frontalunterricht im InputRaum und gemeinsames Lernen in der LernLandschaft. Jeder Sch\u00fcler bekommt ein IPad. Schritt f\u00fcr Schritt wird das Konzept umgesetzt. Wir sprachen dar\u00fcber mit Silke Konrad, der Vorsitzenden unseres Elternbeirates. Die Polizistin hat einen Sohn und eine Tochter auf unserer Schule, eine Tochter hat die Freiherr-vom-Stein-Schule schon erfolgreich durchlaufen.<\/p>\n<p><strong><em>Sie bekommen viele R\u00fcckmeldungen von Eltern. Was ver\u00e4ndert sich in Ihren Augen gerade positiv an der Freiherr-vom-Stein-Schule?<\/em><\/strong><\/p>\n<p><em>Silke Konrad:<\/em> Gut finde ich, dass der gewohnte Frontalunterricht in der Form weniger stattfindet. Inputs werden zielgerichtet und differenziert gegeben. Das Kind kann w\u00e4hlen, ob es die Einf\u00fchrung mehrfach braucht. Ein anderes Kind geht gleich zu den Vertiefungsaufgaben am individuellen Arbeitsplatz \u00fcber, wenn es den Input, also die Einf\u00fchrung, verstanden hat. Daf\u00fcr nutzt genau dieses Kind dann in einem anderen Fach das LernB\u00fcro weniger und mehr das gemeinsame Lernen mit Mitsch\u00fclern. Oder es bekommt in einem Hauptfach doch noch mal einen wiederholenden Input.<\/p>\n<p><strong><em>Die Klassenr\u00e4ume werden ja auch gerne umger\u00e4umt. Individuelle Arbeitspl\u00e4tze und ganz besondere Schulm\u00f6bel in den anderen R\u00e4umen werden bald geliefert\u2026<\/em><\/strong><\/p>\n<p><em>Silke Konrad<\/em>: Es kommt gut an, dass es sch\u00f6ne R\u00e4ume gibt f\u00fcr Gruppenarbeit, Projektarbeit und ruhiges Lernen. In den neu ausgestatteten R\u00e4umen kann man eine ganz andere Kommunikation pflegen. Es ist intimer, die Klassengemeinschaft hat in der LernLandschaft mit Gruppentischen, Sitzkissen und \u00e4hnlichen M\u00f6beln mehr M\u00f6glichkeiten, als an einem normalen Schultisch.<\/p>\n<p>Ich glaube, dass man durch diese Ver\u00e4nderungen individueller auf die Bed\u00fcrfnisse der Kinder eingehen und sie wirklich auch mal im Bereich ihrer St\u00e4rken f\u00f6rdern kann. Es wird dem Individuum gerechter.<\/p>\n<p><strong><em><a href=\"https:\/\/gesamtschule-immenhausen.de\/wp-content\/uploads\/Konrad1.jpg\"><img loading=\"lazy\" decoding=\"async\" class=\"alignright  wp-image-31326\" src=\"https:\/\/gesamtschule-immenhausen.de\/wp-content\/uploads\/Konrad1.jpg\" alt=\"\" width=\"327\" height=\"243\" srcset=\"https:\/\/gesamtschule-immenhausen.de\/wp-content\/uploads\/Konrad1.jpg 1001w, https:\/\/gesamtschule-immenhausen.de\/wp-content\/uploads\/Konrad1-150x112.jpg 150w, https:\/\/gesamtschule-immenhausen.de\/wp-content\/uploads\/Konrad1-768x572.jpg 768w, https:\/\/gesamtschule-immenhausen.de\/wp-content\/uploads\/Konrad1-660x491.jpg 660w\" sizes=\"(max-width: 327px) 100vw, 327px\" \/><\/a>Was meine Sie genau damit?<\/em><\/strong><\/p>\n<p><em>Silke Konrad:<\/em> Wir machen ja ganz viel f\u00fcr schw\u00e4chere Sch\u00fcler, da bleiben lernst\u00e4rkere Kinder manchmal auf der Strecke. Es gibt Kinder, die vielleicht mehr Schw\u00e4chen als St\u00e4rken aufweisen, aber wenn sie hier mal die M\u00f6glichkeit haben, in einem Bereich bewusst ihre starke Seite zu f\u00f6rdern, bringt sie das in ihrer Motivation und ihrem Selbstwertgef\u00fchl nach vorne. Deswegen finde ich die Ver\u00e4nderungen positiv und erhoffe mir einfach mehr individuelle und bed\u00fcrfnisorientierte M\u00f6glichkeiten.\u00a0\u00a0<\/p>\n<p><strong><em>Ver\u00e4nderungen k\u00f6nnen ja auch manchmal Angst machen. Man erlebt ein Schulsystem, dass man selber nicht durchlaufen hat.<\/em><\/strong><\/p>\n<p><em>Silke Konrad:<\/em> Ich finde es gut, dass Schule heute anders ist, als ich es selber erlebt habe. Definitiv. Wenn ich mir die M\u00f6glichkeiten anschaue, die Kinder heute haben: In der Schule wird den Kindern auf verschiedenste Arten Wissen vermittelt. Es wird ja auch schon viel mit Projektarbeit gemacht. Das finde ich pers\u00f6nlich gut. Schule muss sich weiter entwickeln. Stillstand bedeutet immer R\u00fcckschritt.<\/p>\n<p><strong><em>Wobei sich in Immenhausen ja auch nur der Hauptfachunterricht und das Fach GL ver\u00e4ndern werden. 50% des Unterrichts laufen wie bisher\u2026<\/em><\/strong><\/p>\n<p><em>Silke Konrad:<\/em> Ich kann verstehen, dass Ver\u00e4nderungen und besonders die Digitalisierung Eltern auch Sorgen machen k\u00f6nnen. Das hat nat\u00fcrlich auch etwas mit negativen Erfahrungen aus der Zeit des anf\u00e4nglichen Corona-Distanzunterrichtes zu tun. Die spuken noch immer in den K\u00f6pfen herum und diese \u00c4ngste gilt es den Beteiligten zu nehmen.<\/p>\n<p><a href=\"https:\/\/gesamtschule-immenhausen.de\/wp-content\/uploads\/Konrad3-rotated.jpg\"><img loading=\"lazy\" decoding=\"async\" class=\" wp-image-31328 alignleft\" src=\"https:\/\/gesamtschule-immenhausen.de\/wp-content\/uploads\/Konrad3-rotated.jpg\" alt=\"\" width=\"218\" height=\"292\" srcset=\"https:\/\/gesamtschule-immenhausen.de\/wp-content\/uploads\/Konrad3-rotated.jpg 742w, https:\/\/gesamtschule-immenhausen.de\/wp-content\/uploads\/Konrad3-112x150.jpg 112w, https:\/\/gesamtschule-immenhausen.de\/wp-content\/uploads\/Konrad3-660x886.jpg 660w\" sizes=\"(max-width: 218px) 100vw, 218px\" \/><\/a>Man muss in der Praxis zeigen, dass digitaler Unterricht in Zukunft nicht mehr laufen wird wie am Anfang der Pandemie, mit dem \u00fcberlasteten Schulportal oder zu der Zeit, als das WLan in der Schule noch nicht stabil war. Schule braucht ein Konzept, sich besser digital und zuverl\u00e4ssig aufzustellen. Das hat nicht immer geklappt bisher, z.B. auch w\u00e4hrend der Quarant\u00e4nezeit.<\/p>\n<p>Die Eltern wollen vielleicht nicht, dass die Kinder nur noch mit dem Tablett rumsitzen. Genau deshalb wird das Prinzip ja in Immenhausen auch nur in einigen F\u00e4chern umgesetzt und in der H\u00e4lfte der F\u00e4cher bleibt es so wie jetzt. Um diese gute Projekte umzusetzen, braucht es guten und verl\u00e4sslichen Unterricht, der technisch gut ausgestattet funktioniert.<\/p>\n<p><strong><em>Welche Vorteile sehen Sie denn f\u00fcr Kinder, die gerade nicht am regul\u00e4ren Unterricht in der Schule teilnehmen k\u00f6nnen?<\/em><\/strong><\/p>\n<p><em>Silke Konrad:<\/em> Das neue Lernkonzept der Gesamtschule Immenhausen bietet die Chance, dass auch erkrankte Kinder direkt am Unterricht teilnehmen k\u00f6nnen, weil die Lernauftr\u00e4ge in \u201eScobees\u201c am eigenen IPad im Lernb\u00fcro, aber auch daheim erledigt werden k\u00f6nnen. Das gilt auch f\u00fcr die Hausaufgaben. Das ist ein Fortschritt. Eltern werden sp\u00fcren, dass das demn\u00e4chst kein Problem mehr ist und man nicht bei Mitsch\u00fclern hinterher telefonieren muss, damit man die Hausaufgaben bekommt. Die Kinder k\u00f6nnen weiter an der Schule teilhaben. Wenn das gut l\u00e4uft, dann glaube ich, werden sich viele Bedenken in Luft aufl\u00f6sen, weil das Positive aus Elternsicht \u00fcberwiegt.<\/p>\n<p><strong><em>Eine der Hauptforderungen von Eltern ist ja verst\u00e4ndlicherweise ein guter Vertretungsunterricht. Welche Auswirkungen versprechen Sie sich durch das Projekt \u201eSchuleNeuDenken\u201c?<\/em><\/strong><\/p>\n<p><em>Silke Konrad:<\/em> In den Hauptf\u00e4chern liegen die Stunden aller Klassen im jeweiligen Zweig gleichzeitig im Stundenplan. Dadurch braucht es ja dann keinen klassischen Vertretungsunterricht mehr, weil mehrere Lehrkr\u00e4fte gleichzeitig die Klassen unterrichten und begleiten. Die Aufgaben werden von den Lehrkr\u00e4ften vorher erstellt und in der eigentlichen Unterrichtsstunde kann man sich gegenseitig vertreten. Das ist ein gro\u00dfer Vorteil. Der geplante Unterricht kann stattfinden, auch wenn die eigene Lehrkraft erkrankt ist. Besser geht es gar nicht. Das leidige Thema \u201ehabe ich jetzt Bio statt Mathe?\u201c gibt es dann nicht mehr.<\/p>\n<p><strong><em><a href=\"https:\/\/gesamtschule-immenhausen.de\/wp-content\/uploads\/Konrad4.jpg\"><img loading=\"lazy\" decoding=\"async\" class=\"alignright  wp-image-31329\" src=\"https:\/\/gesamtschule-immenhausen.de\/wp-content\/uploads\/Konrad4.jpg\" alt=\"\" width=\"261\" height=\"195\" srcset=\"https:\/\/gesamtschule-immenhausen.de\/wp-content\/uploads\/Konrad4.jpg 1003w, https:\/\/gesamtschule-immenhausen.de\/wp-content\/uploads\/Konrad4-150x112.jpg 150w, https:\/\/gesamtschule-immenhausen.de\/wp-content\/uploads\/Konrad4-768x574.jpg 768w, https:\/\/gesamtschule-immenhausen.de\/wp-content\/uploads\/Konrad4-660x493.jpg 660w\" sizes=\"(max-width: 261px) 100vw, 261px\" \/><\/a>Was von dem, was Schule in Immenhausen bisher ausgemacht hat, w\u00fcnschen Sie sich auch weiterhin im neuen Lernkonzept?<\/em><\/strong><\/p>\n<p><em>Silke Konrad:<\/em> Die Ansprechbarkeit und das pers\u00f6nliche Gespr\u00e4ch in einer \u00fcberschaubaren Schule sind bisher ein Vorzug von Immenhausen gewesen. Das muss bleiben. Es kann durch die Coaching-Stunden sogar noch intensiviert werden. Was unsere Schule in Immenhausen ausmacht, ist die Berufsorientierung. Deswegen w\u00fcnsche ich mir, dass das neue Konzept Schritt f\u00fcr Schritt auch auf andere Jahrg\u00e4nge ausgeweitet wird, weil SchuleNeuDenken selbstst\u00e4ndiges, eigenverantwortliches Lernen f\u00f6rdert, was ja viel mit Berufsorientierung zu tun hat. Viele Berufe, auch handwerkliche, sind digitaler geworden, trotzdem wird daf\u00fcr weiter praktisches analoges Tun ben\u00f6tigt.<\/p>\n<p><strong><em>Also eine Mischung aus digital und analog?<\/em><\/strong><\/p>\n<p><em>Silke Konrad:<\/em> Genau. Gut ist der gesunde Mix. Das ist vielleicht auch das, wovor Eltern aktuell noch Angst haben. Es darf nicht alles digital werden. Eine Mutter sagte mir: \u201eIch m\u00f6chte aber auch, dass mein Kind im Unterricht raus in die Natur geht\u201c. Genau das ist wichtig. Dass man den Eltern sagt, \u201eja, wir haben auch weiterhin noch analoge Projekte, wir haben Schulgarten und Teich, wir haben Sportunterricht und Kochen und das l\u00e4uft noch ganz echt und zum Anfassen, zum Riechen, Schmecken und F\u00fchlen. Zum Mitmachen, zum Selbermachen, zum Gestalten. Das ist mir wichtig, dass das an unserer Schule weiterhin erhalten bleibt.<\/p>\n<blockquote>\n<p><strong>Service: Sie haben Fragen und Anregungen an den Elternbeirat und Frau Konrad?<\/strong> Dann schicken Sie einfach eine Mail an <a href=\"mailto:schulelternbeirat-fvss@gmx.de\">schulelternbeirat-fvss@gmx.de<\/a><\/p>\n<\/blockquote>\n<p>\u00a0<\/p>\n<p>(Das Gespr\u00e4ch f\u00fchrte Marcus Leitschuh)<\/p>\n","protected":false},"excerpt":{"rendered":"<p>Im aktuellen Jahrgang 5 haben wir mit der Umsetzung eines neuen Lern- und Raumkonzeptes begonnen. SchuleNeuDenken bedeutet Lernen am eigenen Sch\u00fclerarbeitsplatz, u.a. in den Hauptf\u00e4chern, gewohntes Arbeiten in den Fachr\u00e4umen, Frontalunterricht im InputRaum und gemeinsames Lernen in der LernLandschaft. Jeder Sch\u00fcler bekommt ein IPad. Schritt f\u00fcr Schritt wird das Konzept umgesetzt. Wir sprachen dar\u00fcber mit [&hellip;]<\/p>\n","protected":false},"author":3,"featured_media":31327,"comment_status":"closed","ping_status":"closed","sticky":false,"template":"","format":"standard","meta":{"saved_in_kubio":false,"footnotes":""},"categories":[1],"tags":[],"class_list":["post-31325","post","type-post","status-publish","format-standard","has-post-thumbnail","hentry","category-allgemein"],"_links":{"self":[{"href":"https:\/\/gesamtschule-immenhausen.de\/index.php?rest_route=\/wp\/v2\/posts\/31325","targetHints":{"allow":["GET"]}}],"collection":[{"href":"https:\/\/gesamtschule-immenhausen.de\/index.php?rest_route=\/wp\/v2\/posts"}],"about":[{"href":"https:\/\/gesamtschule-immenhausen.de\/index.php?rest_route=\/wp\/v2\/types\/post"}],"author":[{"embeddable":true,"href":"https:\/\/gesamtschule-immenhausen.de\/index.php?rest_route=\/wp\/v2\/users\/3"}],"replies":[{"embeddable":true,"href":"https:\/\/gesamtschule-immenhausen.de\/index.php?rest_route=%2Fwp%2Fv2%2Fcomments&post=31325"}],"version-history":[{"count":1,"href":"https:\/\/gesamtschule-immenhausen.de\/index.php?rest_route=\/wp\/v2\/posts\/31325\/revisions"}],"predecessor-version":[{"id":31330,"href":"https:\/\/gesamtschule-immenhausen.de\/index.php?rest_route=\/wp\/v2\/posts\/31325\/revisions\/31330"}],"wp:featuredmedia":[{"embeddable":true,"href":"https:\/\/gesamtschule-immenhausen.de\/index.php?rest_route=\/wp\/v2\/media\/31327"}],"wp:attachment":[{"href":"https:\/\/gesamtschule-immenhausen.de\/index.php?rest_route=%2Fwp%2Fv2%2Fmedia&parent=31325"}],"wp:term":[{"taxonomy":"category","embeddable":true,"href":"https:\/\/gesamtschule-immenhausen.de\/index.php?rest_route=%2Fwp%2Fv2%2Fcategories&post=31325"},{"taxonomy":"post_tag","embeddable":true,"href":"https:\/\/gesamtschule-immenhausen.de\/index.php?rest_route=%2Fwp%2Fv2%2Ftags&post=31325"}],"curies":[{"name":"wp","href":"https:\/\/api.w.org\/{rel}","templated":true}]}}