{"id":31238,"date":"2022-02-16T13:58:57","date_gmt":"2022-02-16T12:58:57","guid":{"rendered":"https:\/\/gesamtschule-immenhausen.de\/?p=31238"},"modified":"2022-02-16T13:58:57","modified_gmt":"2022-02-16T12:58:57","slug":"immenhaeuser-schulen-profitieren-vom-digitalpakt%e2%80%90schule","status":"publish","type":"post","link":"https:\/\/gesamtschule-immenhausen.de\/?p=31238","title":{"rendered":"Immenh\u00e4user Schulen profitieren vom \u201eDigitalPakt\u2010Schule\u201c"},"content":{"rendered":"\n<section class=\"SP-ArticleHeader\"><header class=\"SP-ArticleHeader__header\">\n<p id=\"immenhaeuser-schulen-profitieren-vom-digitalpakt-schule\" class=\"SP-Headline--article SP-Grid__headline\"><span style=\"color: initial; font-size: revert;\">Nachdem bereits im vergangenen Jahr sechs Schulen des Landkreises aus Mitteln des \u201eDigitalPakts\u2010Schule\u201c profitieren konnten, k\u00f6nnen jetzt an zwei weiteren Schulen die notwendigen Elektroarbeiten f\u00fcr die Verbesserung der schulinternen Netzinfrastruktur anlaufen. \u201eDer Kreisausschuss hat die Auftr\u00e4ge f\u00fcr die Lilli\u2010Jahn\u2010 und die Freiherr\u2010vom\u2010Stein\u2010Schule in Immenhausen freigegeben\u201c, informiert Landrat Andreas Siebert. Das Gesamtvolumen der Auftr\u00e4ge bel\u00e4uft sich auf knapp 336.000 Euro, der Auftrag geht an ein Unternehmen aus Warburg.<\/span><\/p>\n<\/header><\/section>\n<div class=\"SP-ArticleContent\">\n<div class=\"SP-Text\">\n<div class=\"SP-Paragraph\" data-sp-table=\"\" data-sp-table-bootstrapped=\"sp-16\">\n<p>Mit den Arbeiten wird in 88 R\u00e4umen der beiden Schulen eine einheitliche und technisch aufeinander abgestimmte digitale Lehr\u2010 und Lerninfrastruktur entstehen. Daf\u00fcr ist eine Modernisierung der vorhandenen Starkstrom\u2010 und Fernmeldeanlagen sowie der Informationstechnik erforderlich. In den zwei Immenh\u00e4user Schulen werden unter anderem 4.600 Meter Leitungen und 13.375 Meter Glasfaser\u2010 und Duplexkabel verlegt und 315 Anschlussdosen f\u00fcr HDMI, USB und Video, sowie eine Vielzahl neuer Zug\u00e4nge zum Schulnetzwerk eingebaut. \u201eWir werden Schritt f\u00fcr Schritt die Netzwerke aller Schulen im Landkreis so modernisieren, dass digitales Lernen endlich Schulalltag werden kann\u201c, so Siebert abschlie\u00dfend.<\/p>\n<div class=\"SP-Box\">\n<p><strong>Hintergrund:<\/strong><\/p>\n<p>Der Digitalpakt Schule ist ein F\u00f6rderinstrument bestehend aus kombinierten Mitteln von Bund (43 Prozent) und Land (7 Prozent), die ausschlie\u00dflich den Schultr\u00e4gern (Landkreisen und kreisfreien St\u00e4dten) zur Verf\u00fcgung gestellt werden. Der Landkreis Kassel tr\u00e4gt 50 Prozent als Eigenanteil.<\/p>\n<p>Die f\u00fcr die Umsetzung des Digitalpakts ben\u00f6tigten Mittel \u2013 f\u00fcr den Landkreis Kassel bis zu 23 Mio. Euro \u2013 m\u00fcssen zweckgebunden eingesetzt werden. Mindestens 80 Prozent der Mittel m\u00fcssen in die Errichtung\/Ausbau der schulinternen Breitband\u2010Infrastruktur flie\u00dfen. \u00a0Die \u00fcberwiegende Anzahl der schulinternen Netzwerke ist bislang nicht in der Lage, die am Hausanschluss anliegenden Bandbreiten bis in die R\u00e4ume zu transportieren. Ein Austausch \u2013 auch der bisherigen Kabel \u2013 und ein Ausbau der Vernetzung sind daher in gro\u00dfem Umfang in den Schulen n\u00f6tig. Die Schulen m\u00fcssen f\u00fcr den Digitalpakt ein p\u00e4dagogisch\u2010technisches Einsatzkonzept entwickeln, das Grundlage f\u00fcr die Beantragung der F\u00f6rdermittel ist.<\/p>\n<p>Der Landkreis Kassel hat zwei Mitarbeiter ausschlie\u00dflich f\u00fcr die Bestandsaufnahme und den Soll\u2010Abgleich in den 72 Schulstandorten im Fachbereich Immobilienmanagement eingesetzt. Die Bedarfsplanung f\u00fcr alle 72 Schulstandorte wurde im Fr\u00fchjahr 2021 abgeschlossen. Um die Bauleistung (Verlegung von Kabeln, usw.) ausschreiben zu k\u00f6nnen, mussten in einem n\u00e4chsten Schritt zun\u00e4chst Ingenieur\u2010B\u00fcros die genauen Leistungen bestimmen und definieren. Diese Ingenieurleistung wurde f\u00fcr das erste Paket von Schulen zum gro\u00dfen Teil abgeschlossen. Die ersten acht Schulen, die von den F\u00f6rdermitteln profitieren sind die Sieburgschule und die Marie\u2010Durand\u2010Schule in Bad Karlshafen, die Lilli\u2010Jahn\u2010Schule und die Freiherr\u2010vom\u2010Stein\u2010Schule in Immenhausen, die IGS Kaufungen, die Regenbogen\u2010 und die S\u00f6hre\u2010Schule in Lohfelden sowie die Grundschule Niedervellmar. Aufgrund der geltenden Vergaberichtlinien m\u00fcssen f\u00fcr die Suche der Planer \u201ePakete\u201c ausgeschrieben werden. Die Ausschreibung der Planungsleistungen f\u00fcr eine einzelne Schule ist nicht m\u00f6glich. Durch die vorgeschriebene Zusammenfassung der Planungsleistung erh\u00f6ht sich das finanzielle Volumen, sodass bestimmte Schwellenwerte \u00fcberschritten werden und eine EU\u2010weite Ausschreibung vorgenommen werden musste. Dieses EU\u2010weite Verfahren dauert aufgrund vorgegebener Ausschlussfristen mindestens 3 Monate. Alle Ma\u00dfnahmen im Rahmen des \u201eDigitalPaktSchule\u201c m\u00fcssen bis Ende 2024 umgesetzt sein.<\/p>\n<p>Quelle: <a href=\"https:\/\/www.landkreiskassel.de\/pressemitteilungen\/2022\/februar\/immenhaeuser-schulstandorte-profitieren-vom-digitalpakt-schule.php\">https:\/\/www.landkreiskassel.de\/pressemitteilungen\/2022\/februar\/immenhaeuser-schulstandorte-profitieren-vom-digitalpakt-schule.php<\/a><\/p>\n<p><a href=\"https:\/\/gesamtschule-immenhausen.de\/wp-content\/uploads\/6de72f4eb8b9bd5d5587893424dbcdf4.jpg\"><img loading=\"lazy\" decoding=\"async\" class=\"alignright  wp-image-31239\" src=\"https:\/\/gesamtschule-immenhausen.de\/wp-content\/uploads\/6de72f4eb8b9bd5d5587893424dbcdf4.jpg\" alt=\"\" width=\"834\" height=\"557\" srcset=\"https:\/\/gesamtschule-immenhausen.de\/wp-content\/uploads\/6de72f4eb8b9bd5d5587893424dbcdf4.jpg 800w, https:\/\/gesamtschule-immenhausen.de\/wp-content\/uploads\/6de72f4eb8b9bd5d5587893424dbcdf4-150x100.jpg 150w, https:\/\/gesamtschule-immenhausen.de\/wp-content\/uploads\/6de72f4eb8b9bd5d5587893424dbcdf4-768x513.jpg 768w, https:\/\/gesamtschule-immenhausen.de\/wp-content\/uploads\/6de72f4eb8b9bd5d5587893424dbcdf4-660x441.jpg 660w\" sizes=\"(max-width: 834px) 100vw, 834px\" \/><\/a><\/p>\n<\/div>\n<\/div>\n<\/div>\n<\/div>\n","protected":false},"excerpt":{"rendered":"<p>Nachdem bereits im vergangenen Jahr sechs Schulen des Landkreises aus Mitteln des \u201eDigitalPakts\u2010Schule\u201c profitieren konnten, k\u00f6nnen jetzt an zwei weiteren Schulen die notwendigen Elektroarbeiten f\u00fcr die Verbesserung der schulinternen Netzinfrastruktur anlaufen. \u201eDer Kreisausschuss hat die Auftr\u00e4ge f\u00fcr die Lilli\u2010Jahn\u2010 und die Freiherr\u2010vom\u2010Stein\u2010Schule in Immenhausen freigegeben\u201c, informiert Landrat Andreas Siebert. Das Gesamtvolumen der Auftr\u00e4ge bel\u00e4uft sich [&hellip;]<\/p>\n","protected":false},"author":3,"featured_media":31239,"comment_status":"closed","ping_status":"closed","sticky":false,"template":"","format":"standard","meta":{"saved_in_kubio":false,"footnotes":""},"categories":[1],"tags":[],"class_list":["post-31238","post","type-post","status-publish","format-standard","has-post-thumbnail","hentry","category-allgemein"],"_links":{"self":[{"href":"https:\/\/gesamtschule-immenhausen.de\/index.php?rest_route=\/wp\/v2\/posts\/31238","targetHints":{"allow":["GET"]}}],"collection":[{"href":"https:\/\/gesamtschule-immenhausen.de\/index.php?rest_route=\/wp\/v2\/posts"}],"about":[{"href":"https:\/\/gesamtschule-immenhausen.de\/index.php?rest_route=\/wp\/v2\/types\/post"}],"author":[{"embeddable":true,"href":"https:\/\/gesamtschule-immenhausen.de\/index.php?rest_route=\/wp\/v2\/users\/3"}],"replies":[{"embeddable":true,"href":"https:\/\/gesamtschule-immenhausen.de\/index.php?rest_route=%2Fwp%2Fv2%2Fcomments&post=31238"}],"version-history":[{"count":1,"href":"https:\/\/gesamtschule-immenhausen.de\/index.php?rest_route=\/wp\/v2\/posts\/31238\/revisions"}],"predecessor-version":[{"id":31240,"href":"https:\/\/gesamtschule-immenhausen.de\/index.php?rest_route=\/wp\/v2\/posts\/31238\/revisions\/31240"}],"wp:featuredmedia":[{"embeddable":true,"href":"https:\/\/gesamtschule-immenhausen.de\/index.php?rest_route=\/wp\/v2\/media\/31239"}],"wp:attachment":[{"href":"https:\/\/gesamtschule-immenhausen.de\/index.php?rest_route=%2Fwp%2Fv2%2Fmedia&parent=31238"}],"wp:term":[{"taxonomy":"category","embeddable":true,"href":"https:\/\/gesamtschule-immenhausen.de\/index.php?rest_route=%2Fwp%2Fv2%2Fcategories&post=31238"},{"taxonomy":"post_tag","embeddable":true,"href":"https:\/\/gesamtschule-immenhausen.de\/index.php?rest_route=%2Fwp%2Fv2%2Ftags&post=31238"}],"curies":[{"name":"wp","href":"https:\/\/api.w.org\/{rel}","templated":true}]}}