{"id":28218,"date":"2022-02-16T12:51:00","date_gmt":"2022-02-16T11:51:00","guid":{"rendered":"https:\/\/gesamtschule-immenhausen.de\/?p=28218"},"modified":"2022-02-17T12:21:38","modified_gmt":"2022-02-17T11:21:38","slug":"anleitungsfilm-schulportal-fuer-schuelerinnen-und-schueler","status":"publish","type":"post","link":"https:\/\/gesamtschule-immenhausen.de\/?p=28218","title":{"rendered":"Anleitungsfilm Schulportal f\u00fcr Sch\u00fclerinnen und Sch\u00fcler"},"content":{"rendered":"<p>Der Umgang mit dem Schulportal wird auch noch einmal im Unterricht ge\u00fcbt.\u00a0Zur Sicherheit haben wir f\u00fcr den Fall einer eventuellen Quarant\u00e4ne dieses Video nochmals f\u00fcr unsere Sch\u00fclerinnen und Sch\u00fcler online gestellt.<\/p>\n<p><iframe loading=\"lazy\" src=\"\/\/www.youtube.com\/embed\/vKYIKdrVh5w\" width=\"560\" height=\"314\" allowfullscreen=\"allowfullscreen\"><\/iframe><\/p>\n<h3>Weitere allgemeine Infos zum Schulportal<\/h3>\n<p>\u201eDigitale Medien verf\u00fcgen \u00fcber das Potenzial, Lehren und Lernen in der Schule positiv zu unterst\u00fctzen sowie den Schulalltag zu gestalten. Weil wir diese Vorz\u00fcge all unseren Schulen f\u00fcr einen zeitgem\u00e4\u00dfen Unterricht zug\u00e4nglich machen wollen, haben wir uns in den zur\u00fcckliegenden Wochen und Monaten auf den Weg gemacht, eine benutzerfreundliche digitale p\u00e4dagogische Lern- und Arbeitsplattform zu entwickeln und aufzubauen\u201c, erkl\u00e4rte der Hessische Kultusminister Prof. Dr. R. Alexander Lorz heute in Wiesbaden bei der Vorstellung des neuen \u201eSchulportals Hessen\u201c und erg\u00e4nzte: \u201eDamit heben wir die Medienbildung und die Digitalisierung Schritt f\u00fcr Schritt auf ein neues Level und machen unsere Sch\u00fclerinnen und Sch\u00fcler sowie unsere Lehrkr\u00e4fte fit f\u00fcr die digitale Zukunft des Lehrens und Lernens.\u201c<\/p>\n","protected":false},"excerpt":{"rendered":"<p>Der Umgang mit dem Schulportal wird auch noch einmal im Unterricht ge\u00fcbt.\u00a0Zur Sicherheit haben wir f\u00fcr den Fall einer eventuellen Quarant\u00e4ne dieses Video nochmals f\u00fcr unsere Sch\u00fclerinnen und Sch\u00fcler online gestellt. Weitere allgemeine Infos zum Schulportal \u201eDigitale Medien verf\u00fcgen \u00fcber das Potenzial, Lehren und Lernen in der Schule positiv zu unterst\u00fctzen sowie den Schulalltag zu [&hellip;]<\/p>\n","protected":false},"author":3,"featured_media":28219,"comment_status":"open","ping_status":"closed","sticky":false,"template":"","format":"standard","meta":{"saved_in_kubio":false,"footnotes":""},"categories":[1,9,7,8],"tags":[],"class_list":["post-28218","post","type-post","status-publish","format-standard","has-post-thumbnail","hentry","category-allgemein","category-eltern","category-schule","category-schueler"],"_links":{"self":[{"href":"https:\/\/gesamtschule-immenhausen.de\/index.php?rest_route=\/wp\/v2\/posts\/28218","targetHints":{"allow":["GET"]}}],"collection":[{"href":"https:\/\/gesamtschule-immenhausen.de\/index.php?rest_route=\/wp\/v2\/posts"}],"about":[{"href":"https:\/\/gesamtschule-immenhausen.de\/index.php?rest_route=\/wp\/v2\/types\/post"}],"author":[{"embeddable":true,"href":"https:\/\/gesamtschule-immenhausen.de\/index.php?rest_route=\/wp\/v2\/users\/3"}],"replies":[{"embeddable":true,"href":"https:\/\/gesamtschule-immenhausen.de\/index.php?rest_route=%2Fwp%2Fv2%2Fcomments&post=28218"}],"version-history":[{"count":9,"href":"https:\/\/gesamtschule-immenhausen.de\/index.php?rest_route=\/wp\/v2\/posts\/28218\/revisions"}],"predecessor-version":[{"id":31250,"href":"https:\/\/gesamtschule-immenhausen.de\/index.php?rest_route=\/wp\/v2\/posts\/28218\/revisions\/31250"}],"wp:featuredmedia":[{"embeddable":true,"href":"https:\/\/gesamtschule-immenhausen.de\/index.php?rest_route=\/wp\/v2\/media\/28219"}],"wp:attachment":[{"href":"https:\/\/gesamtschule-immenhausen.de\/index.php?rest_route=%2Fwp%2Fv2%2Fmedia&parent=28218"}],"wp:term":[{"taxonomy":"category","embeddable":true,"href":"https:\/\/gesamtschule-immenhausen.de\/index.php?rest_route=%2Fwp%2Fv2%2Fcategories&post=28218"},{"taxonomy":"post_tag","embeddable":true,"href":"https:\/\/gesamtschule-immenhausen.de\/index.php?rest_route=%2Fwp%2Fv2%2Ftags&post=28218"}],"curies":[{"name":"wp","href":"https:\/\/api.w.org\/{rel}","templated":true}]}}