{"id":23756,"date":"2017-08-24T12:25:36","date_gmt":"2017-08-24T10:25:36","guid":{"rendered":"https:\/\/gesamtschule-immenhausen.de\/?p=23756"},"modified":"2017-08-22T13:00:41","modified_gmt":"2017-08-22T11:00:41","slug":"lichtinstallation-zum-schuljubilaeum","status":"publish","type":"post","link":"https:\/\/gesamtschule-immenhausen.de\/?p=23756","title":{"rendered":"Lichtinstallation zum Schuljubil\u00e4um"},"content":{"rendered":"<p><a href=\"https:\/\/gesamtschule-immenhausen.de\/wp-content\/uploads\/Schulfest-Transaprent-ohne.png\"><img loading=\"lazy\" decoding=\"async\" class=\"alignright  wp-image-23527\" src=\"https:\/\/gesamtschule-immenhausen.de\/wp-content\/uploads\/Schulfest-Transaprent-ohne.png\" alt=\"schulfest-transaprent-ohne\" width=\"495\" height=\"169\" srcset=\"https:\/\/gesamtschule-immenhausen.de\/wp-content\/uploads\/Schulfest-Transaprent-ohne.png 6323w, https:\/\/gesamtschule-immenhausen.de\/wp-content\/uploads\/Schulfest-Transaprent-ohne-150x51.png 150w, https:\/\/gesamtschule-immenhausen.de\/wp-content\/uploads\/Schulfest-Transaprent-ohne-768x262.png 768w, https:\/\/gesamtschule-immenhausen.de\/wp-content\/uploads\/Schulfest-Transaprent-ohne-1024x349.png 1024w, https:\/\/gesamtschule-immenhausen.de\/wp-content\/uploads\/Schulfest-Transaprent-ohne-400x137.png 400w\" sizes=\"(max-width: 495px) 100vw, 495px\" \/><\/a>Mit Beginn der D\u00e4mmerung wird sich am Samstag, 26.8.17, auch das Geb\u00e4ude der Freiherr-vom-Stein-Schule Immenhausen optisch ver\u00e4ndern. Mit einer Lichtinstallation wird eine festliche Stimmung gezaubert. In allen Klassenr\u00e4umen sind LED-Scheinwerfer installiert, die in buntes Farbenspiel zeigen. \u201eW\u00e4hrend auf der B\u00fchne die Band \u201aRockseitdank\u2018 zur Party einheizt, wird sich das Geb\u00e4ude nach und nach ver\u00e4ndern\u201c, so Lehrer Marcus Leitschuh, der mit der Theater-AG die Ideen dazu hatte. Das farbige Licht soll die Vielfarbigkeit der Schule symbolisieren. \u201eAus vielen unterschiedlichen Sch\u00fclerinnen und\u00a0 Sch\u00fclern, St\u00e4rken und Schw\u00e4chen, Talenten und F\u00f6rderbedarfen wird am Ende das bunte Ganze der Freiherr-vom-Stein-Schule\u201c, so Leitschuh. Fotos von der Aktion finden sich sp\u00e4ter auch unter <a href=\"http:\/\/www.instagram.com\/gesamtschule_immenhausen\">www.instagram.com\/gesamtschule_immenhausen<\/a><\/p>\n","protected":false},"excerpt":{"rendered":"<p>Mit Beginn der D\u00e4mmerung wird sich am Samstag, 26.8.17, auch das Geb\u00e4ude der Freiherr-vom-Stein-Schule Immenhausen optisch ver\u00e4ndern. Mit einer Lichtinstallation wird eine festliche Stimmung gezaubert. In allen Klassenr\u00e4umen sind LED-Scheinwerfer installiert, die in buntes Farbenspiel zeigen. \u201eW\u00e4hrend auf der B\u00fchne die Band \u201aRockseitdank\u2018 zur Party einheizt, wird sich das Geb\u00e4ude nach und nach ver\u00e4ndern\u201c, so [&hellip;]<\/p>\n","protected":false},"author":3,"featured_media":23527,"comment_status":"open","ping_status":"closed","sticky":false,"template":"","format":"standard","meta":{"saved_in_kubio":false,"footnotes":""},"categories":[1],"tags":[],"class_list":["post-23756","post","type-post","status-publish","format-standard","has-post-thumbnail","hentry","category-allgemein"],"_links":{"self":[{"href":"https:\/\/gesamtschule-immenhausen.de\/index.php?rest_route=\/wp\/v2\/posts\/23756","targetHints":{"allow":["GET"]}}],"collection":[{"href":"https:\/\/gesamtschule-immenhausen.de\/index.php?rest_route=\/wp\/v2\/posts"}],"about":[{"href":"https:\/\/gesamtschule-immenhausen.de\/index.php?rest_route=\/wp\/v2\/types\/post"}],"author":[{"embeddable":true,"href":"https:\/\/gesamtschule-immenhausen.de\/index.php?rest_route=\/wp\/v2\/users\/3"}],"replies":[{"embeddable":true,"href":"https:\/\/gesamtschule-immenhausen.de\/index.php?rest_route=%2Fwp%2Fv2%2Fcomments&post=23756"}],"version-history":[{"count":2,"href":"https:\/\/gesamtschule-immenhausen.de\/index.php?rest_route=\/wp\/v2\/posts\/23756\/revisions"}],"predecessor-version":[{"id":23758,"href":"https:\/\/gesamtschule-immenhausen.de\/index.php?rest_route=\/wp\/v2\/posts\/23756\/revisions\/23758"}],"wp:featuredmedia":[{"embeddable":true,"href":"https:\/\/gesamtschule-immenhausen.de\/index.php?rest_route=\/wp\/v2\/media\/23527"}],"wp:attachment":[{"href":"https:\/\/gesamtschule-immenhausen.de\/index.php?rest_route=%2Fwp%2Fv2%2Fmedia&parent=23756"}],"wp:term":[{"taxonomy":"category","embeddable":true,"href":"https:\/\/gesamtschule-immenhausen.de\/index.php?rest_route=%2Fwp%2Fv2%2Fcategories&post=23756"},{"taxonomy":"post_tag","embeddable":true,"href":"https:\/\/gesamtschule-immenhausen.de\/index.php?rest_route=%2Fwp%2Fv2%2Ftags&post=23756"}],"curies":[{"name":"wp","href":"https:\/\/api.w.org\/{rel}","templated":true}]}}