{"id":23740,"date":"2017-08-19T11:55:01","date_gmt":"2017-08-19T09:55:01","guid":{"rendered":"https:\/\/gesamtschule-immenhausen.de\/?p=23740"},"modified":"2017-08-19T14:00:01","modified_gmt":"2017-08-19T12:00:01","slug":"starker-start-des-schuljubilaeums-schulkonzert-als-zeitreise","status":"publish","type":"post","link":"https:\/\/gesamtschule-immenhausen.de\/?p=23740","title":{"rendered":"Starker Start des Schuljubil\u00e4ums: Schulkonzert als Zeitreise"},"content":{"rendered":"<p><a href=\"https:\/\/gesamtschule-immenhausen.de\/wp-content\/uploads\/KonzertcLeitschuh00002.jpg\"><img loading=\"lazy\" decoding=\"async\" class=\"alignright wp-image-23741\" src=\"https:\/\/gesamtschule-immenhausen.de\/wp-content\/uploads\/KonzertcLeitschuh00002.jpg\" alt=\"konzertcleitschuh00002\" width=\"303\" height=\"227\" srcset=\"https:\/\/gesamtschule-immenhausen.de\/wp-content\/uploads\/KonzertcLeitschuh00002.jpg 4032w, https:\/\/gesamtschule-immenhausen.de\/wp-content\/uploads\/KonzertcLeitschuh00002-150x113.jpg 150w, https:\/\/gesamtschule-immenhausen.de\/wp-content\/uploads\/KonzertcLeitschuh00002-768x576.jpg 768w, https:\/\/gesamtschule-immenhausen.de\/wp-content\/uploads\/KonzertcLeitschuh00002-1024x768.jpg 1024w, https:\/\/gesamtschule-immenhausen.de\/wp-content\/uploads\/KonzertcLeitschuh00002-400x300.jpg 400w\" sizes=\"(max-width: 303px) 100vw, 303px\" \/><\/a>Drau\u00dfen der Regen, in der Jahnturnhalle beste Stimmung. Bis auf den letzten Platz gef\u00fcllt war die Halle zum Schulkonzert der Freiherr-vom-Stein-Schule Immenhausen. Rund 30 Sch\u00fclerinnen und Sch\u00fcler musizierten auf der von Philipp Gans von der Firma \u201eReal Audio\u201c stimmungsvoll ausgeleuchteten B\u00fchne. Eine musikalische Zeitreise hatte Musiklehrerin Betti Franke zu Beginn des Konzertes versprochen. Gleichzeitig sollte es eine \u201eOuvert\u00fcre\u201c zum 50. Schulgeburtstag in der kommenden Woche sein. Von Klassik bis Beatles war viel dabei. Es gab Filmmusik und eine Potpourri bekannter Gitarrenriffs und beim \u201eMallemedley\u201c waren die Zuh\u00f6rerinnen und Zuh\u00f6rer zum Mitsingen eingeladen und bewiesen Textst\u00e4rke beim \u201eKnallroten Gummiboot\u201c. Als Solisten sang die ehemalige Sch\u00fclerin Antonia Guse zwei Songs mit Talent und ausdrucksvoller Stimme.<\/p>\n<p>Ein H\u00f6hepunkt des Abends war die Urauff\u00fchrung von drei Eigenkompositionen von Betti Franke. Viele Worte wollte die Komponistin nicht um ihre Worte machen und lies die Musik sprechen und ihre Kraft entfalten. Eine besondere Idee waren vorproduzierte Videofilme, die bei den Orchesterst\u00fccken immer einzelne Sch\u00fclerinnen und Sch\u00fcler in den Mittelpunkt stellten. So war das Ziel immer der Orchesterklang, gleichzeitig wurden aber auch die Leistungen jedes einzelnen Musikers und jeder Musikerin gew\u00fcrdigt.<\/p>\n<p>Schon in ihrer Begr\u00fc\u00dfung hatte Betti Frank die Besonderheit eines Schulorchesters erkl\u00e4rt: \u201eDie Zusammensetzung \u00e4ndert sich in jedem Schuljahr, mal gibt es mehr Geigen, dann wieder mehr Gitarren. Danach w\u00e4hlen wir Musikst\u00fccke und Arrangements aus.\u201c Schulleiterin Brigitte Kastell stellt diese individuelle F\u00f6rderung in den Mittelpunkt, da die engagierte Musiklehrerin f\u00fcr jedes Kind eigene Arrangements erstellte, auf F\u00e4higkeiten, Erfahrung und Talent eingeht und so das Beste aus jedem jungen Menschen herausholen kann. Das war zu sp\u00fcren und zu h\u00f6ren. Eindrucksvoll auch die Idee, ein Lied komplett auswendig zu spielen. Daf\u00fcr setzten sich die Sch\u00fclerinnen und Sch\u00fcler blickdichte Schlafmasken auf und spielten trotzdem notensicher und mit Gef\u00fchl f\u00fcr das Ganze weiter.<\/p>\n<p><a href=\"https:\/\/gesamtschule-immenhausen.de\/wp-content\/uploads\/KonzertcLeitschuh00024.jpg\"><img loading=\"lazy\" decoding=\"async\" class=\"alignright wp-image-23742\" src=\"https:\/\/gesamtschule-immenhausen.de\/wp-content\/uploads\/KonzertcLeitschuh00024.jpg\" alt=\"konzertcleitschuh00024\" width=\"290\" height=\"192\" srcset=\"https:\/\/gesamtschule-immenhausen.de\/wp-content\/uploads\/KonzertcLeitschuh00024.jpg 3696w, https:\/\/gesamtschule-immenhausen.de\/wp-content\/uploads\/KonzertcLeitschuh00024-150x99.jpg 150w, https:\/\/gesamtschule-immenhausen.de\/wp-content\/uploads\/KonzertcLeitschuh00024-768x509.jpg 768w, https:\/\/gesamtschule-immenhausen.de\/wp-content\/uploads\/KonzertcLeitschuh00024-1024x678.jpg 1024w, https:\/\/gesamtschule-immenhausen.de\/wp-content\/uploads\/KonzertcLeitschuh00024-400x265.jpg 400w\" sizes=\"(max-width: 290px) 100vw, 290px\" \/><\/a>Am Ende dankten nicht nur Schulleiterin Brigitte Kastell und das Publikum mit viel Applaus. Auch Orchestermitglieder dankten ihrer Lehrerin mit Blumen und einer Uhr in Form einer Schallplatte f\u00fcr die Organisation und Leitung der Musik-AG, die zu den Nachmittagsangeboten der Freiherr-vom-Stein-Schule geh\u00f6rt.<\/p>\n<p>Weiter gehen die Veranstaltungen am Samstag, 26.8.2017 um 12 Uhr mit dem \u00f6ffentlichen Festakt auf dem Schulhof und dem anschlie\u00dfenden Fest. Das Orchester ist selbstverst\u00e4ndlich wieder mit dabei und einige Orchestermitglieder werden auch in der Bandformation \u201eFreestone\u201c zu h\u00f6ren sein.<\/p>\n<p>Mehr Fotos, Filme und Informationen zum Konzert gibt es auf \u00a0<a href=\"http:\/\/www.facebook.de\/schule.immenhausen\">www.facebook.de\/schule.immenhausen<\/a> sowie auch immer aktuell auf <a href=\"http:\/\/www.instagram.com\/gesamtschule_immenhausen\">www.instagram.com\/gesamtschule_immenhausen<\/a>.<\/p>\n<p><a href=\"https:\/\/gesamtschule-immenhausen.de\/wp-content\/uploads\/KonzertcLeitschuh00190.jpg\"><img loading=\"lazy\" decoding=\"async\" class=\"wp-image-23747 alignnone\" src=\"https:\/\/gesamtschule-immenhausen.de\/wp-content\/uploads\/KonzertcLeitschuh00190.jpg\" alt=\"konzertcleitschuh00190\" width=\"708\" height=\"204\" srcset=\"https:\/\/gesamtschule-immenhausen.de\/wp-content\/uploads\/KonzertcLeitschuh00190.jpg 6672w, https:\/\/gesamtschule-immenhausen.de\/wp-content\/uploads\/KonzertcLeitschuh00190-150x43.jpg 150w, https:\/\/gesamtschule-immenhausen.de\/wp-content\/uploads\/KonzertcLeitschuh00190-768x221.jpg 768w, https:\/\/gesamtschule-immenhausen.de\/wp-content\/uploads\/KonzertcLeitschuh00190-1024x295.jpg 1024w, https:\/\/gesamtschule-immenhausen.de\/wp-content\/uploads\/KonzertcLeitschuh00190-400x115.jpg 400w\" sizes=\"(max-width: 708px) 100vw, 708px\" \/><\/a><\/p>\n<p><iframe loading=\"lazy\" src=\"\/\/www.youtube.com\/embed\/lH843wCOrGM\" width=\"560\" height=\"314\" allowfullscreen=\"allowfullscreen\"><\/iframe><\/p>\n<p><iframe loading=\"lazy\" src=\"\/\/www.youtube.com\/embed\/tQLnTMbd3uY\" width=\"560\" height=\"314\" allowfullscreen=\"allowfullscreen\"><\/iframe><\/p>\n<p><iframe loading=\"lazy\" src=\"\/\/www.youtube.com\/embed\/u1wptmTwQf0\" width=\"560\" height=\"314\" allowfullscreen=\"allowfullscreen\"><\/iframe><\/p>\n<p><iframe loading=\"lazy\" src=\"\/\/www.youtube.com\/embed\/ufGhvOfe3tQ\" width=\"560\" height=\"314\" allowfullscreen=\"allowfullscreen\"><\/iframe><\/p>\n<p><iframe loading=\"lazy\" src=\"\/\/www.youtube.com\/embed\/Kc-HnnwTU1M\" width=\"560\" height=\"314\" allowfullscreen=\"allowfullscreen\"><\/iframe><\/p>\n","protected":false},"excerpt":{"rendered":"<p>Drau\u00dfen der Regen, in der Jahnturnhalle beste Stimmung. Bis auf den letzten Platz gef\u00fcllt war die Halle zum Schulkonzert der Freiherr-vom-Stein-Schule Immenhausen. Rund 30 Sch\u00fclerinnen und Sch\u00fcler musizierten auf der von Philipp Gans von der Firma \u201eReal Audio\u201c stimmungsvoll ausgeleuchteten B\u00fchne. Eine musikalische Zeitreise hatte Musiklehrerin Betti Franke zu Beginn des Konzertes versprochen. Gleichzeitig sollte [&hellip;]<\/p>\n","protected":false},"author":3,"featured_media":23741,"comment_status":"open","ping_status":"closed","sticky":false,"template":"","format":"standard","meta":{"saved_in_kubio":false,"footnotes":""},"categories":[1],"tags":[],"class_list":["post-23740","post","type-post","status-publish","format-standard","has-post-thumbnail","hentry","category-allgemein"],"_links":{"self":[{"href":"https:\/\/gesamtschule-immenhausen.de\/index.php?rest_route=\/wp\/v2\/posts\/23740","targetHints":{"allow":["GET"]}}],"collection":[{"href":"https:\/\/gesamtschule-immenhausen.de\/index.php?rest_route=\/wp\/v2\/posts"}],"about":[{"href":"https:\/\/gesamtschule-immenhausen.de\/index.php?rest_route=\/wp\/v2\/types\/post"}],"author":[{"embeddable":true,"href":"https:\/\/gesamtschule-immenhausen.de\/index.php?rest_route=\/wp\/v2\/users\/3"}],"replies":[{"embeddable":true,"href":"https:\/\/gesamtschule-immenhausen.de\/index.php?rest_route=%2Fwp%2Fv2%2Fcomments&post=23740"}],"version-history":[{"count":6,"href":"https:\/\/gesamtschule-immenhausen.de\/index.php?rest_route=\/wp\/v2\/posts\/23740\/revisions"}],"predecessor-version":[{"id":23751,"href":"https:\/\/gesamtschule-immenhausen.de\/index.php?rest_route=\/wp\/v2\/posts\/23740\/revisions\/23751"}],"wp:featuredmedia":[{"embeddable":true,"href":"https:\/\/gesamtschule-immenhausen.de\/index.php?rest_route=\/wp\/v2\/media\/23741"}],"wp:attachment":[{"href":"https:\/\/gesamtschule-immenhausen.de\/index.php?rest_route=%2Fwp%2Fv2%2Fmedia&parent=23740"}],"wp:term":[{"taxonomy":"category","embeddable":true,"href":"https:\/\/gesamtschule-immenhausen.de\/index.php?rest_route=%2Fwp%2Fv2%2Fcategories&post=23740"},{"taxonomy":"post_tag","embeddable":true,"href":"https:\/\/gesamtschule-immenhausen.de\/index.php?rest_route=%2Fwp%2Fv2%2Ftags&post=23740"}],"curies":[{"name":"wp","href":"https:\/\/api.w.org\/{rel}","templated":true}]}}