{"id":23736,"date":"2017-08-24T10:00:45","date_gmt":"2017-08-24T08:00:45","guid":{"rendered":"https:\/\/gesamtschule-immenhausen.de\/?p=23736"},"modified":"2017-08-24T23:33:47","modified_gmt":"2017-08-24T21:33:47","slug":"programm-schulfest-was-wann-wo","status":"publish","type":"post","link":"https:\/\/gesamtschule-immenhausen.de\/?p=23736","title":{"rendered":"Programm Schulfest: Was, wann, wo"},"content":{"rendered":"<p><a href=\"https:\/\/gesamtschule-immenhausen.de\/wp-content\/uploads\/1Logo50.jpg\"><img loading=\"lazy\" decoding=\"async\" class=\"alignright wp-image-23268\" src=\"https:\/\/gesamtschule-immenhausen.de\/wp-content\/uploads\/1Logo50.jpg\" alt=\"1logo50\" width=\"419\" height=\"456\" srcset=\"https:\/\/gesamtschule-immenhausen.de\/wp-content\/uploads\/1Logo50.jpg 2142w, https:\/\/gesamtschule-immenhausen.de\/wp-content\/uploads\/1Logo50-138x150.jpg 138w, https:\/\/gesamtschule-immenhausen.de\/wp-content\/uploads\/1Logo50-768x835.jpg 768w, https:\/\/gesamtschule-immenhausen.de\/wp-content\/uploads\/1Logo50-941x1024.jpg 941w, https:\/\/gesamtschule-immenhausen.de\/wp-content\/uploads\/1Logo50-400x435.jpg 400w\" sizes=\"(max-width: 419px) 100vw, 419px\" \/><\/a>Hier findet man das komplette Tagesprogramm unseres Schulfestes am Samstag, 26.8.17. Wir freuen uns auf zahlreiche Besucherinnen und Besucher. Das Wetter soll gut werden. F\u00fcr Sonnen- und Regenschutz ist gesorgt.<\/p>\n<p>&nbsp;<\/p>\n<p>B\u00dcHNE SCHULHOF<br \/>\n11.30 Uhr Musikverein <span class=\"cmp_parsed_location\" data-cmp_parsed_location_name=\"Immenhausen\" data-cmp_parsed_location_weather=\"K06633014\" data-cmp_parsed_location_other=\"0\" data-ce-class=\"Locations\">Immenhausen<\/span><br \/>\n12.00 Uhr Festakt, u.a. mit Schulorchester, Werner Z\u00fclch Landrat Uwe<br \/>\nSchmidt, B\u00fcrgermeister J\u00f6rg Sch\u00fctzeberg \u00a0u.v.a.<br \/>\n13.00 Uhr Musikverein <span class=\"cmp_parsed_location\" data-cmp_parsed_location_name=\"Immenhausen\" data-cmp_parsed_location_weather=\"K06633014\" data-cmp_parsed_location_other=\"0\" data-ce-class=\"Locations\">Immenhausen<\/span><br \/>\n13.45 Uhr Schulband \u201eFreestone\u201c<br \/>\n14.15 Uhr Rockband \u201eRBMH\u201c (Musikschule <span class=\"cmp_parsed_location\" data-cmp_parsed_location_name=\"Hofgeismar\" data-cmp_parsed_location_weather=\"K06633013\" data-cmp_parsed_location_other=\"0\" data-ce-class=\"Locations\">Hofgeismar<\/span>)<br \/>\n15.00 Uhr Thomas Andreas Sosna (Klavier &amp; Gesang)<br \/>\n15.30 Uhr Zauberer Fabian Regenbogen<br \/>\n16.00 Uhr \u201eC-Crew\u201c (TSV <span class=\"cmp_parsed_location\" data-cmp_parsed_location_name=\"Immenhausen\" data-cmp_parsed_location_weather=\"K06633014\" data-cmp_parsed_location_other=\"0\" data-ce-class=\"Locations\">Immenhausen<\/span>), Jazzdance (G9a)<br \/>\nJumpstyle (Team Projektwoche), \u201eFr3sh\u201c (TSV <span class=\"cmp_parsed_location\" data-cmp_parsed_location_name=\"Immenhausen\" data-cmp_parsed_location_weather=\"K06633014\" data-cmp_parsed_location_other=\"0\" data-ce-class=\"Locations\">Immenhausen<\/span>)<br \/>\n16.30 Uhr Chor \u201eDaCapo\u201c<br \/>\n18.00 Uhr Konzert &amp; Party mit \u201erockseidank\u201c<\/p>\n<p>B\u00dcHNE TURNHALLE<br \/>\n14.30 Uhr + 16.30 Uhr Show- und Turnvorf\u00fchrung Turn-AG<\/p>\n<p>AUSSTELLUNGEN<br \/>\nSchulgeschichte(n) in Bild und Ton (13 &#8211; 18.00 Uhr A12\/13)<br \/>\nProjekt \u201e\u00c4gypten\u201c (13 &#8211; 17.00 Uhr C16)<\/p>\n<p>VORF\u00dcHRUNGEN<br \/>\nHarry-Potter-Zaubershow (13.30 \/ 15.15 \/ 17.15 Uhr D 23)<br \/>\nLasershow (14\/15\/16\/17\/17.30 Uhr Aula D 21\/22)<br \/>\nSchulf\u00fchrung (13.15 \/ 14.15 \/ 15.15 \/ 16.15 \/ 17.15 Uhr Treffpunkt B\u00fccherei)<br \/>\n\u201eWalking act\u201c Stelzenl\u00e4ufer Fabian Regenbogen (Schulhof)<\/p>\n<p>SERVICE<br \/>\nSchulsanit\u00e4ter: Dienst &amp; Pr\u00e4sentation (12 &#8211; 22.00 Uhr A11 )<br \/>\nBonverkauf: vor Geb\u00e4ude B und vor Treppe zur Verwaltung<\/p>\n<p>KREATIVES<br \/>\nMalen f\u00fcr alle (14 &#8211; 16.00 Uhr D 12)<br \/>\n\u201eVon der Milcht\u00fcte zum Portemonnaie\u201c, Basteln mit den<br \/>\nSchulsozialarbeiterinnen (14 &#8211; 16.00 Uhr D 11)<br \/>\nKinderschminken (13 &#8211; 17.00 Uhr D 13 &amp; auf dem Schulhof)<\/p>\n<p>SPIEL &amp; SPORT<br \/>\n\u201eLadies first for football\u201c (14 &#8211; 17.00 Uhr Ballfeld \u201eFu\u00dfballk\u00e4fig\u201c)<br \/>\nSchachturnier f\u00fcr jedermann (15.00 Uhr \/ Anm. 14.30 Uhr A16)<br \/>\nSpielmobil \u201eRote R\u00fcbe\u201c: H\u00fcpfburg, Schminken, Spiele, Aktion (14 &#8211; 17.00 Uhr<br \/>\n<span class=\"cmp_parsed_location\" data-cmp_parsed_location_name=\"Hof\" data-cmp_parsed_location_weather=\"K09464000\" data-cmp_parsed_location_other=\"1\" data-ce-class=\"Locations\">Hof<\/span> Grundschule)<br \/>\nSlackline (13 &#8211; 17.00 Uhr hinterer Schulhof)<br \/>\nDosenwerfen (13 &#8211; 16.00 Uhr hinterer Schulhof)<\/p>\n<p>VERKAUF<br \/>\nTombola (12 &#8211; 18.00 Uhr Eck-Physikraum B-Geb\u00e4ude)<br \/>\nWoodcarving: Mit Motors\u00e4ge Kunst aus B\u00e4umen gestalten (13.30-18.00 Uhr<br \/>\nB\u00fccherei)<br \/>\nSchulkaffee \u2013 eigens ger\u00f6stet (13 \u2013 18.00 Uhr am B-Geb\u00e4ude)<br \/>\nKr\u00e4uterverkauf (13 &#8211; 18.00 Uhr am B-Geb\u00e4ude)<br \/>\nB\u00fccherflohmarkt (13 &#8211; 16.00 Uhr B\u00fccherei)<br \/>\nFestschrift: B\u00fccherei, vor Treppe zur Verwaltung und Schulhof<\/p>\n<p>DIES &amp; DAS<br \/>\nToiletten: B\u00fccherei, Geb\u00e4ude C + B<br \/>\nund im Toilettenhaus auf dem Schulhof<br \/>\nSpielplatz: vor Geb\u00e4ude A \/ Grundschule<br \/>\nHashtag: #fvs50 f\u00fcr Fotos, Filme + Beitr\u00e4ge<\/p>\n<p>SPEIS &amp; TRANK<br \/>\nWir bieten Feines vom Grill und Pommes vor Geb\u00e4ude E an.<br \/>\nIn der Mensa gibt es belegte (K\u00e4se-) Br\u00f6tchen und Brezeln.<br \/>\nDort l\u00e4dt auch eine gro\u00dfe Tafel zu Kaffee und Kuchen ein.<br \/>\nZwei Getr\u00e4nkewagen bieten Wasser, Cola und Apfelschorle an. Nach 18 Uhr gibt<br \/>\nes auch Bier f\u00fcr die Erwachsenen.<br \/>\nAn der Cocktailbar gibt es bis 18 Uhr leckere Drinks ohne Alkohol, ab 18 Uhr<br \/>\nist hier die Sektbar (mit und ohne Alkohol).<\/p>\n<p>EHEMALIGE<br \/>\nEhemalige treffen sich im \u201eEhemaligen-Caf\u00e9\u201c zu Fotos, Gespr\u00e4chen und<br \/>\nGetr\u00e4nken in Raum A14\/15. F\u00fcr Klassentreffen haben wir die 1. Etage von<br \/>\nGeb\u00e4ude A freigehalten.<br \/>\nInfos unter<\/p>\n<p>www.facebook.de\/schule.immenhausen<br \/>\nwww.instagram.com\/gesamtschule_immenhausen<\/p>\n<p><a href=\"https:\/\/gesamtschule-immenhausen.de\/wp-content\/uploads\/Plan-Fest.jpg\"><img loading=\"lazy\" decoding=\"async\" class=\"wp-image-23753 aligncenter\" src=\"https:\/\/gesamtschule-immenhausen.de\/wp-content\/uploads\/Plan-Fest.jpg\" alt=\"plan-fest\" width=\"839\" height=\"585\" srcset=\"https:\/\/gesamtschule-immenhausen.de\/wp-content\/uploads\/Plan-Fest.jpg 1152w, https:\/\/gesamtschule-immenhausen.de\/wp-content\/uploads\/Plan-Fest-150x105.jpg 150w, https:\/\/gesamtschule-immenhausen.de\/wp-content\/uploads\/Plan-Fest-768x535.jpg 768w, https:\/\/gesamtschule-immenhausen.de\/wp-content\/uploads\/Plan-Fest-1024x714.jpg 1024w, https:\/\/gesamtschule-immenhausen.de\/wp-content\/uploads\/Plan-Fest-400x279.jpg 400w\" sizes=\"(max-width: 839px) 100vw, 839px\" \/><\/a><\/p>\n","protected":false},"excerpt":{"rendered":"<p>Hier findet man das komplette Tagesprogramm unseres Schulfestes am Samstag, 26.8.17. Wir freuen uns auf zahlreiche Besucherinnen und Besucher. Das Wetter soll gut werden. F\u00fcr Sonnen- und Regenschutz ist gesorgt. &nbsp; B\u00dcHNE SCHULHOF 11.30 Uhr Musikverein Immenhausen 12.00 Uhr Festakt, u.a. mit Schulorchester, Werner Z\u00fclch Landrat Uwe Schmidt, B\u00fcrgermeister J\u00f6rg Sch\u00fctzeberg \u00a0u.v.a. 13.00 Uhr Musikverein [&hellip;]<\/p>\n","protected":false},"author":3,"featured_media":23527,"comment_status":"open","ping_status":"closed","sticky":false,"template":"","format":"standard","meta":{"saved_in_kubio":false,"footnotes":""},"categories":[1],"tags":[],"class_list":["post-23736","post","type-post","status-publish","format-standard","has-post-thumbnail","hentry","category-allgemein"],"_links":{"self":[{"href":"https:\/\/gesamtschule-immenhausen.de\/index.php?rest_route=\/wp\/v2\/posts\/23736","targetHints":{"allow":["GET"]}}],"collection":[{"href":"https:\/\/gesamtschule-immenhausen.de\/index.php?rest_route=\/wp\/v2\/posts"}],"about":[{"href":"https:\/\/gesamtschule-immenhausen.de\/index.php?rest_route=\/wp\/v2\/types\/post"}],"author":[{"embeddable":true,"href":"https:\/\/gesamtschule-immenhausen.de\/index.php?rest_route=\/wp\/v2\/users\/3"}],"replies":[{"embeddable":true,"href":"https:\/\/gesamtschule-immenhausen.de\/index.php?rest_route=%2Fwp%2Fv2%2Fcomments&post=23736"}],"version-history":[{"count":5,"href":"https:\/\/gesamtschule-immenhausen.de\/index.php?rest_route=\/wp\/v2\/posts\/23736\/revisions"}],"predecessor-version":[{"id":23765,"href":"https:\/\/gesamtschule-immenhausen.de\/index.php?rest_route=\/wp\/v2\/posts\/23736\/revisions\/23765"}],"wp:featuredmedia":[{"embeddable":true,"href":"https:\/\/gesamtschule-immenhausen.de\/index.php?rest_route=\/wp\/v2\/media\/23527"}],"wp:attachment":[{"href":"https:\/\/gesamtschule-immenhausen.de\/index.php?rest_route=%2Fwp%2Fv2%2Fmedia&parent=23736"}],"wp:term":[{"taxonomy":"category","embeddable":true,"href":"https:\/\/gesamtschule-immenhausen.de\/index.php?rest_route=%2Fwp%2Fv2%2Fcategories&post=23736"},{"taxonomy":"post_tag","embeddable":true,"href":"https:\/\/gesamtschule-immenhausen.de\/index.php?rest_route=%2Fwp%2Fv2%2Ftags&post=23736"}],"curies":[{"name":"wp","href":"https:\/\/api.w.org\/{rel}","templated":true}]}}