{"id":23724,"date":"2017-08-15T14:13:20","date_gmt":"2017-08-15T12:13:20","guid":{"rendered":"https:\/\/gesamtschule-immenhausen.de\/?p=23724"},"modified":"2017-08-14T14:18:21","modified_gmt":"2017-08-14T12:18:21","slug":"viel-los-zum-schuljubilaeum","status":"publish","type":"post","link":"https:\/\/gesamtschule-immenhausen.de\/?p=23724","title":{"rendered":"Viel los zum Schuljubil\u00e4um"},"content":{"rendered":"<p><a href=\"https:\/\/gesamtschule-immenhausen.de\/wp-content\/uploads\/Schulfest-Transaprent-ohne.png\"><img loading=\"lazy\" decoding=\"async\" class=\"alignright  wp-image-23527\" src=\"https:\/\/gesamtschule-immenhausen.de\/wp-content\/uploads\/Schulfest-Transaprent-ohne.png\" alt=\"schulfest-transaprent-ohne\" width=\"483\" height=\"165\" srcset=\"https:\/\/gesamtschule-immenhausen.de\/wp-content\/uploads\/Schulfest-Transaprent-ohne.png 6323w, https:\/\/gesamtschule-immenhausen.de\/wp-content\/uploads\/Schulfest-Transaprent-ohne-150x51.png 150w, https:\/\/gesamtschule-immenhausen.de\/wp-content\/uploads\/Schulfest-Transaprent-ohne-768x262.png 768w, https:\/\/gesamtschule-immenhausen.de\/wp-content\/uploads\/Schulfest-Transaprent-ohne-1024x349.png 1024w, https:\/\/gesamtschule-immenhausen.de\/wp-content\/uploads\/Schulfest-Transaprent-ohne-400x137.png 400w\" sizes=\"(max-width: 483px) 100vw, 483px\" \/><\/a>Mit einem Konzert, Festakt, Schulfest und Party auf dem Schulhof begeht die Freiherr-vom-Stein-Schule Immenhausen f\u00fcr \u201eEhemalige und Heutige\u201c ihren 50. Geburtstag am Kampweg. Es erscheint eine 140 Seiten starke Festschrift, ein eigener Kaffee wurde ger\u00f6stet und 50 B\u00e4ume wurden schon zur Gr\u00fcndung eines Schulwaldes in Immenhausen gepflanzt. \u201eWir laden alle Interessierten am Samstag, 26. August ab 11.30 Uhr auf den Schulhof sein, das Ende ist erst nach 21 Uhr\u201c, so Schulleiterin Brigitte Kastell. Sie sieht die Schule nach der erfolgten Generalsanierung und Errichtung eines Mittelstufenschulzweiges als Erg\u00e4nzung des Gymnasialzweiges r\u00e4umlich und p\u00e4dagogisch fit f\u00fcr die Zukunft. Nicht ohne stolz sagt sie: \u201eWir sind ein Standortfaktor, erm\u00f6glichen gute Bildung und bereichern das kulturelle Leben der Stadt Immenhausen und der Gemeinde im Schulbezirk, zu dem Espenau und Reinhardshagen geh\u00f6ren.\u201c<\/p>\n<p>Ab 11.30 Uhr spielt der Musikverein Immenhausen. Um 12.00 Uhr ist der \u00f6ffentliche Festakt u.a. mit Landrat Uwe Schmidt und B\u00fcrgermeister J\u00f6rg Sch\u00fctzeberg. Musik, Theater, Tanz, Sport und Gesang geh\u00f6ren zum Programm. \u201eWir bieten ganz bewusst einen \u00f6ffentlichen Festakt auf dem Schulhof an, zu dem die ganze Schulgemeinde, Ehemalige und Ehreng\u00e4ste ebenso eingeladen sind wie alle interessierten B\u00fcrgerinnen und B\u00fcrger\u201c, so Schulleiterin Brigitte Kastell. Statt H\u00e4ppchen im kleinen Kreis, gibt es Bratwurst und ein buntes Programm auf der gro\u00dfen B\u00fchne f\u00fcr alle.<\/p>\n<p><strong>Musik, Zauberei und H\u00fcpfburg<\/strong><\/p>\n<p>Danach geht es auf der gro\u00dfen Open-Air-B\u00fchne weiter. Mit dabei sind u.a. die Bands \u201eRBMH\u201c (Musikschule Hofgeismar) und \u201eFreestone\u201c, \u201eC-Crew\u201c, \u201eFr3sh\u201c vom TSV Immenhausen mit Hip-Hop, Zauberer Fabian Regenbogen, der Chor \u201edaCapo\u201c, Thomas Andreas Sosna unterh\u00e4lt am Klavier. Das Spielmobil \u201eRote R\u00fcbe\u201c bietet H\u00fcpfburg und Aktionen. Es gibt eine Tombola, B\u00fccherflohmarkt Eine Besonderheit wird die Woodcarving-Vorf\u00fchrung, bei dem aus zwei Baumst\u00e4mmen mit einer Motors\u00e4ge Kunstwerke werden.<\/p>\n<p>Torwandschie\u00dfen, Turndarbietungen, Schachturnier und Malaktionen werden angeboten. Sch\u00fclerinnen und Sch\u00fcler zeigen ihr K\u00f6nnen, f\u00fchren durch die Schule und erm\u00f6glichen bei Kuchen, Grillen und Getr\u00e4nken einen tollen Tag. Das Ehemaligencaf\u00e9 hat ge\u00f6ffnet. Ab 18 Uhr spielt die beliebte Band \u201eRockseidank\u201c Hits aus den letzten f\u00fcnf Jahrzehnten. Es gibt eine Festschrift und eine Ausstellung zur Schulgeschichte. Schulleiterin Brigitte Kastell: \u201eFeiern Sie mit. Wir feiern bei jedem Wetter!\u201c Da sich auch viele Ehemalige treffen werden, steht eine ganze Etage f\u00fcr Klassentreffen zur Verf\u00fcgung.<\/p>\n<p>Erm\u00f6glicht hat das gro\u00dfe Festprogramm finanziell vor allen Dingen der F\u00f6rderverein sowie die Hauptsponsoren Real Audio Veranstaltungstechnik, das Steuerb\u00fcro Tutnjevic und die Stadtsparkasse Grebenstein. Bereits am 18.8.17 findet um 19.00 Uhr das Schulkonzert in der Jahnturnhalle Immenhausen statt.<\/p>\n<p><strong>Landrat: \u201eAn Ihrer Schule war immer Bewegung\u201c<\/strong><\/p>\n<p>Gerade wegen der vielen Ver\u00e4nderungen an der Schule ist es f\u00fcr Landrat Uwe Schmidt besonders sch\u00f6n, dass man mit dem Schuljubil\u00e4um nun die \u201eWurzeln der Schule geb\u00fchrend feiert\u201c. Nach seiner \u00dcberzeugung lebt die Schule von ihrer Vielf\u00e4ltigkeit. Schmidt: \u201eAn dieser Schule war immer Bewegung.\u201c Zustimmung zur Arbeit der Schule kommt auch von den Eltern. \u201eDie Eltern sind in all den Jahren von der p\u00e4dagogischen und der schulischen Arbeit dieser Schule \u00fcberzeugt\u201c, so Elternbeiratsvorsitzender Wolfgang R\u00fcdiger.<\/p>\n<p>\u201eDie Freiherr-vom-Stein Gesamtschule Immenhausen hat \u00fcber die Stadtgrenzen hinaus einen sehr guten Ruf und ist dadurch ein sehr wichtiger, positiver und gro\u00dfer Infrastrukturbaustein unserer Stadt\u201c, so B\u00fcrgermeister J\u00f6rg Sch\u00fctzeberg in seinem Gru\u00dfwort. \u201eNur wer einen klaren Blick auf die Vergangenheit hat, begreift die schulische Gegenwart und vermag die Zukunft unserer Schule zu gestalten\u201c, so Schulleiterin Brigitte Kastell. Die gesamte Schulgemeinde hat sich nach Ihrer Wahrnehmung den Herausforderungen gestellt, angepasst und weiterentwickelt, so dass sie zukunftssicher aufgestellt ist.<\/p>\n<p><strong>Festschrift im gro\u00dfen Querformat<\/strong><\/p>\n<p><a href=\"https:\/\/gesamtschule-immenhausen.de\/wp-content\/uploads\/ACoverklein-Kopie.jpg\"><img loading=\"lazy\" decoding=\"async\" class=\"alignright  wp-image-23653\" src=\"https:\/\/gesamtschule-immenhausen.de\/wp-content\/uploads\/ACoverklein-Kopie.jpg\" alt=\"acoverklein-kopie\" width=\"411\" height=\"283\" srcset=\"https:\/\/gesamtschule-immenhausen.de\/wp-content\/uploads\/ACoverklein-Kopie.jpg 3598w, https:\/\/gesamtschule-immenhausen.de\/wp-content\/uploads\/ACoverklein-Kopie-150x103.jpg 150w, https:\/\/gesamtschule-immenhausen.de\/wp-content\/uploads\/ACoverklein-Kopie-768x529.jpg 768w, https:\/\/gesamtschule-immenhausen.de\/wp-content\/uploads\/ACoverklein-Kopie-1024x706.jpg 1024w, https:\/\/gesamtschule-immenhausen.de\/wp-content\/uploads\/ACoverklein-Kopie-400x276.jpg 400w\" sizes=\"(max-width: 411px) 100vw, 411px\" \/><\/a>Auf 140 Seiten wird die Chronik der Schule ebenso dokumentiert wie das aktuelle Schulleben. \u201eDas praktische und ansprechende DIN-A-4 -Querformat bietet Platz f\u00fcr viele interessante und sch\u00f6ne Fotos und erm\u00f6glicht eine ansprechende Gestaltung\u201c, so Dagmar Splettst\u00f6\u00dfer. Die Kunstlehrerin war f\u00fcr die Gestaltung verantwortlich. \u201eMir war wichtig, dass in der Festschrift m\u00f6glichst viele Fotos zu sehen sind. Dazu geh\u00f6ren auch die aktuellen Klassenfotos aller momentanen Sch\u00fclerinnen und Sch\u00fcler.<\/p>\n<p>Zuerst erfahren die Leserinnen und Leser viel \u00fcber die Geschichte der Schule in den vergangenen 50 Jahren, aber auch weit dar\u00fcber hinaus, denn die Vorgeschichte beginnt schon vor ca. 700 Jahren. Der zweite Teil enth\u00e4lt Beitr\u00e4ge aus dem Schulleben aus dem Jubil\u00e4umszeitraum. \u201eHier haben fast 40 Lehrerinnen und Lehrer, Ehemalige und Sch\u00fclerinnen und Sch\u00fcler und mitgewirkt. Es ist ein Bilderbogen entstanden, der die Vielfalt der Schule im vergangenen halben Jahrhundert widerspiegelt\u201c, berichtet Helga Freymuth, die Verantwortliche Lehrerin f\u00fcr die inhaltliche Gestaltung. \u201eWie facettenreich unsere Gesamtschule ist, bildet unsere Festschrift sehr gut ab.\u201c<\/p>\n<p><strong>Nachhaltigkeit durch Schulwald <\/strong><\/p>\n<p>Die Schule tut auch etwas f\u00fcr die Nachhaltigkeit und Klimaneutralit\u00e4t des Festes. 50 B\u00e4ume wurden mit Unterst\u00fctzung des F\u00f6rdervereins und Spenden in Immenhausen gepflanzt. \u201eF\u00fcr jedes Jahr unserer Schule jetzt einen Baum mehr in Immenhausen. Unsere Klassen \u00fcbernehmen jeweils eine Baumpatenschaft und auch zuk\u00fcnftige Klassen erhalten einen Baum\u201c, so Marcus Leitschuh vom Organisationsteam des Schuljubil\u00e4ums. Das Wachsen der B\u00e4ume kann dann von den heutigen Sch\u00fclerinnen und Sch\u00fclern beobachtet werden. Gleichzeitig will die Schule auch auf diese Weise einen Beitrag zum Klimaschutz leisten. Leitschuh: \u201eEs entsteht ein kleiner Schulwald auf der Weise im Spechtenbeck. So etwas haben sicherlich nur wenige Schulen in Deutschland.\u201c<\/p>\n<p><strong>Hintergrund: Bis zu 1025 Sch\u00fclerinnen und Sch\u00fcler<\/strong><\/p>\n<p>Im Juli 1966 erfolgte die Grundsteinlegung am Kampweg. Mit dem Schuljahresbeginn 1967\/68 wurde der f\u00fcr 3 Millionen Mark gebaute erste Bauabschnitt erstellt. Zu Beginn des ersten Gesamtschuljahrganges war die Sch\u00fclerzahl in Immenhausen auf 876 gestiegen. Daher war es wichtig, dass der neue Klassentrakt und die\u00a0 Turnhalle in Betrieb genommen werden konnten. 1977 wurde die dringend notwendige Erweiterung durch einen Neubau auf dem Schulhof verwirklicht. Die h\u00f6chste Sch\u00fclerzahl wurde 1980 erreicht, als 1025 in der Schule lernten. Heute besuchen 540 Sch\u00fclerinnen und Sch\u00fcler die Schule. 1999 erfolgte die Aufstockung der Werkr\u00e4ume mit einer Aula. Sp\u00e4ter kam ein gemeinsamer Neubau mit der Grundschule und die komplette Sanierung und Erweiterung des Lehrerzimmers hinzu. Angeboten wird heute ein Gymnasialzweig von der Klasse 5 bis 10. Au\u00dferdem gibt es einen Mittelstufenschulzweig, der sich aus der gemeinsamen Aufbaustufe der Klassen 5-7 und den sp\u00e4teren Zweigen \u201ePraxisorientierter\u201c- und \u201eMittlerer Bildungsgang\u201c zusammensetzt. Besonders wichtig sind der Schule das Ganztagsangebot und die Praxisorientierung, u.a. mit Praxistragen in Betrieben und Unterricht in den Fachr\u00e4umen der Berufsschule in Hofgeismar.<\/p>\n<p>Informationen zur Schule und dem Jubil\u00e4umsprogramm gibt es unter <a href=\"http:\/\/www.facebook.de\/schule.immenhausen\">www.facebook.de\/schule.immenhausen<\/a> und <a href=\"http:\/\/www.instagram.com\/gesamtschule_immenhausen\">www.instagram.com\/gesamtschule_immenhausen<\/a><\/p>\n","protected":false},"excerpt":{"rendered":"<p>Mit einem Konzert, Festakt, Schulfest und Party auf dem Schulhof begeht die Freiherr-vom-Stein-Schule Immenhausen f\u00fcr \u201eEhemalige und Heutige\u201c ihren 50. Geburtstag am Kampweg. Es erscheint eine 140 Seiten starke Festschrift, ein eigener Kaffee wurde ger\u00f6stet und 50 B\u00e4ume wurden schon zur Gr\u00fcndung eines Schulwaldes in Immenhausen gepflanzt. \u201eWir laden alle Interessierten am Samstag, 26. August [&hellip;]<\/p>\n","protected":false},"author":3,"featured_media":23315,"comment_status":"open","ping_status":"closed","sticky":false,"template":"","format":"standard","meta":{"saved_in_kubio":false,"footnotes":""},"categories":[1],"tags":[],"class_list":["post-23724","post","type-post","status-publish","format-standard","has-post-thumbnail","hentry","category-allgemein"],"_links":{"self":[{"href":"https:\/\/gesamtschule-immenhausen.de\/index.php?rest_route=\/wp\/v2\/posts\/23724","targetHints":{"allow":["GET"]}}],"collection":[{"href":"https:\/\/gesamtschule-immenhausen.de\/index.php?rest_route=\/wp\/v2\/posts"}],"about":[{"href":"https:\/\/gesamtschule-immenhausen.de\/index.php?rest_route=\/wp\/v2\/types\/post"}],"author":[{"embeddable":true,"href":"https:\/\/gesamtschule-immenhausen.de\/index.php?rest_route=\/wp\/v2\/users\/3"}],"replies":[{"embeddable":true,"href":"https:\/\/gesamtschule-immenhausen.de\/index.php?rest_route=%2Fwp%2Fv2%2Fcomments&post=23724"}],"version-history":[{"count":1,"href":"https:\/\/gesamtschule-immenhausen.de\/index.php?rest_route=\/wp\/v2\/posts\/23724\/revisions"}],"predecessor-version":[{"id":23725,"href":"https:\/\/gesamtschule-immenhausen.de\/index.php?rest_route=\/wp\/v2\/posts\/23724\/revisions\/23725"}],"wp:featuredmedia":[{"embeddable":true,"href":"https:\/\/gesamtschule-immenhausen.de\/index.php?rest_route=\/wp\/v2\/media\/23315"}],"wp:attachment":[{"href":"https:\/\/gesamtschule-immenhausen.de\/index.php?rest_route=%2Fwp%2Fv2%2Fmedia&parent=23724"}],"wp:term":[{"taxonomy":"category","embeddable":true,"href":"https:\/\/gesamtschule-immenhausen.de\/index.php?rest_route=%2Fwp%2Fv2%2Fcategories&post=23724"},{"taxonomy":"post_tag","embeddable":true,"href":"https:\/\/gesamtschule-immenhausen.de\/index.php?rest_route=%2Fwp%2Fv2%2Ftags&post=23724"}],"curies":[{"name":"wp","href":"https:\/\/api.w.org\/{rel}","templated":true}]}}