{"id":23652,"date":"2017-08-20T13:48:57","date_gmt":"2017-08-20T11:48:57","guid":{"rendered":"https:\/\/gesamtschule-immenhausen.de\/?p=23652"},"modified":"2017-08-14T13:10:35","modified_gmt":"2017-08-14T11:10:35","slug":"festschrift-zum-schuljubilaeum-schulleben-auf-140-seiten","status":"publish","type":"post","link":"https:\/\/gesamtschule-immenhausen.de\/?p=23652","title":{"rendered":"Festschrift zum Schuljubil\u00e4um: Schulleben auf 140 Seiten"},"content":{"rendered":"<p><a href=\"https:\/\/gesamtschule-immenhausen.de\/wp-content\/uploads\/ACoverklein-Kopie.jpg\"><img loading=\"lazy\" decoding=\"async\" class=\"alignright size-large wp-image-23653\" src=\"https:\/\/gesamtschule-immenhausen.de\/wp-content\/uploads\/ACoverklein-Kopie-1024x706.jpg\" alt=\"acoverklein-kopie\" width=\"640\" height=\"441\" srcset=\"https:\/\/gesamtschule-immenhausen.de\/wp-content\/uploads\/ACoverklein-Kopie-1024x706.jpg 1024w, https:\/\/gesamtschule-immenhausen.de\/wp-content\/uploads\/ACoverklein-Kopie-150x103.jpg 150w, https:\/\/gesamtschule-immenhausen.de\/wp-content\/uploads\/ACoverklein-Kopie-768x529.jpg 768w, https:\/\/gesamtschule-immenhausen.de\/wp-content\/uploads\/ACoverklein-Kopie-400x276.jpg 400w\" sizes=\"(max-width: 640px) 100vw, 640px\" \/><\/a>Anl\u00e4sslich des 50. Schuljubil\u00e4ums ist eine umfangreiche Festschrift erschienen. Herausgekommen ist ein ansprechend gestaltetes Werk. Auf 140 Seiten wird die Chronik der Schule ebenso dokumentiert wie das aktuelle Schulleben. \u201eDas praktische und ansprechende DIN-A-4 -Querformat bietet Platz f\u00fcr viele interessante und sch\u00f6ne Fotos und erm\u00f6glicht eine ansprechende Gestaltung\u201c, so Dagmar Splettst\u00f6\u00dfer. Die Kunstlehrerin war f\u00fcr die Gestaltung verantwortlich. \u201eMir war wichtig, dass in der Festschrift m\u00f6glichst viele Fotos zu sehen sind. Dazu geh\u00f6ren auch die aktuellen Klassenfotos aller momentanen Sch\u00fclerinnen und Sch\u00fcler.<\/p>\n<p>Zuerst erfahren die Leserinnen und Leser viel \u00fcber die Geschichte der Schule in den vergangenen 50 Jahren, aber auch weit dar\u00fcber hinaus, denn die Vorgeschichte beginnt schon vor ca. 700 Jahren. Der zweite Teil enth\u00e4lt Beitr\u00e4ge aus dem Schulleben aus dem Jubil\u00e4umszeitraum. \u201eHier haben fast 40 Lehrerinnen und Lehrer, Ehemalige und Sch\u00fclerinnen und Sch\u00fcler mitgewirkt. Es ist ein Bilderbogen entstanden, der die Vielfalt der Schule im vergangenen halben Jahrhundert widerspiegelt\u201c, berichtet Helga Freymuth, die Verantwortliche Lehrerin f\u00fcr die inhaltliche Gestaltung. \u201eWie facettenreich unsere Gesamtschule ist, bildet unsere Festschrift sehr gut ab.\u201c Verschiedene Klassenfahrten, Theaterauff\u00fchrungen, Sprachreisen, Gedanken \u00fcber den Chemieunterricht, das Schulorchester, jede Menge Sport sind nur einige Themen, die hier Platz gefunden haben. Schlie\u00dflich er\u00f6ffnet der dritte Teil, \u201eKlassenzimmer\u201c und \u201eLehrerzimmer\u201c, Einblicke in die aktuelle Sch\u00fcler- und Lehrerschaft.\u00a0Helga Freymuth: \u201eEs hat Spa\u00df gemacht, in der Geschichte und der Gegenwart der Schule unterwegs zu sein.\u201c In ihren Augen zeigt das gelungene Projekt der Festschrift wieder einmal, \u201ewie sehr Schule vom Idealismus und Engagement der Menschen abh\u00e4ngt, die in der Schulgemeinde zuhause sind. Das gilt f\u00fcr gestern wie f\u00fcr heute.&#8220;<\/p>\n<p>Die Festschrift kann beim Schulfest am 26.8.17 erstmals gekauft werden und ist danach im Sekretariat erh\u00e4ltlich. M\u00f6glich wurde die anspruchsvolle Herstellung durch zahlreiche Anzeigenkunden und Spender aus der Region und dem F\u00f6rderverein der Schule sowie den Hauptsponsoren Real Audio Veranstaltungstechnik, Steuerb\u00fcro Tutnjevic und\u00a0Stadtsparkasse Grebenstein.<\/p>\n","protected":false},"excerpt":{"rendered":"<p>Anl\u00e4sslich des 50. Schuljubil\u00e4ums ist eine umfangreiche Festschrift erschienen. Herausgekommen ist ein ansprechend gestaltetes Werk. Auf 140 Seiten wird die Chronik der Schule ebenso dokumentiert wie das aktuelle Schulleben. \u201eDas praktische und ansprechende DIN-A-4 -Querformat bietet Platz f\u00fcr viele interessante und sch\u00f6ne Fotos und erm\u00f6glicht eine ansprechende Gestaltung\u201c, so Dagmar Splettst\u00f6\u00dfer. Die Kunstlehrerin war f\u00fcr [&hellip;]<\/p>\n","protected":false},"author":3,"featured_media":23653,"comment_status":"open","ping_status":"closed","sticky":false,"template":"","format":"standard","meta":{"saved_in_kubio":false,"footnotes":""},"categories":[1],"tags":[],"class_list":["post-23652","post","type-post","status-publish","format-standard","has-post-thumbnail","hentry","category-allgemein"],"_links":{"self":[{"href":"https:\/\/gesamtschule-immenhausen.de\/index.php?rest_route=\/wp\/v2\/posts\/23652","targetHints":{"allow":["GET"]}}],"collection":[{"href":"https:\/\/gesamtschule-immenhausen.de\/index.php?rest_route=\/wp\/v2\/posts"}],"about":[{"href":"https:\/\/gesamtschule-immenhausen.de\/index.php?rest_route=\/wp\/v2\/types\/post"}],"author":[{"embeddable":true,"href":"https:\/\/gesamtschule-immenhausen.de\/index.php?rest_route=\/wp\/v2\/users\/3"}],"replies":[{"embeddable":true,"href":"https:\/\/gesamtschule-immenhausen.de\/index.php?rest_route=%2Fwp%2Fv2%2Fcomments&post=23652"}],"version-history":[{"count":3,"href":"https:\/\/gesamtschule-immenhausen.de\/index.php?rest_route=\/wp\/v2\/posts\/23652\/revisions"}],"predecessor-version":[{"id":23690,"href":"https:\/\/gesamtschule-immenhausen.de\/index.php?rest_route=\/wp\/v2\/posts\/23652\/revisions\/23690"}],"wp:featuredmedia":[{"embeddable":true,"href":"https:\/\/gesamtschule-immenhausen.de\/index.php?rest_route=\/wp\/v2\/media\/23653"}],"wp:attachment":[{"href":"https:\/\/gesamtschule-immenhausen.de\/index.php?rest_route=%2Fwp%2Fv2%2Fmedia&parent=23652"}],"wp:term":[{"taxonomy":"category","embeddable":true,"href":"https:\/\/gesamtschule-immenhausen.de\/index.php?rest_route=%2Fwp%2Fv2%2Fcategories&post=23652"},{"taxonomy":"post_tag","embeddable":true,"href":"https:\/\/gesamtschule-immenhausen.de\/index.php?rest_route=%2Fwp%2Fv2%2Ftags&post=23652"}],"curies":[{"name":"wp","href":"https:\/\/api.w.org\/{rel}","templated":true}]}}