{"id":23650,"date":"2017-08-23T13:36:26","date_gmt":"2017-08-23T11:36:26","guid":{"rendered":"https:\/\/gesamtschule-immenhausen.de\/?p=23650"},"modified":"2017-08-14T13:19:10","modified_gmt":"2017-08-14T11:19:10","slug":"vom-14-jahrhundert-bis-heute-die-geschichte-der-freiherr-vom-stein-schule-immenhausen","status":"publish","type":"post","link":"https:\/\/gesamtschule-immenhausen.de\/?p=23650","title":{"rendered":"Vom 14. Jahrhundert bis heute: Die Geschichte der Freiherr-vom-Stein-Schule Immenhausen"},"content":{"rendered":"<p><a href=\"https:\/\/gesamtschule-immenhausen.de\/wp-content\/uploads\/1966-Baugrube-001.jpg\"><img loading=\"lazy\" decoding=\"async\" class=\"alignright wp-image-23706\" src=\"https:\/\/gesamtschule-immenhausen.de\/wp-content\/uploads\/1966-Baugrube-001.jpg\" alt=\"1966-baugrube-001\" width=\"345\" height=\"288\" srcset=\"https:\/\/gesamtschule-immenhausen.de\/wp-content\/uploads\/1966-Baugrube-001.jpg 3118w, https:\/\/gesamtschule-immenhausen.de\/wp-content\/uploads\/1966-Baugrube-001-150x125.jpg 150w, https:\/\/gesamtschule-immenhausen.de\/wp-content\/uploads\/1966-Baugrube-001-768x642.jpg 768w, https:\/\/gesamtschule-immenhausen.de\/wp-content\/uploads\/1966-Baugrube-001-1024x856.jpg 1024w, https:\/\/gesamtschule-immenhausen.de\/wp-content\/uploads\/1966-Baugrube-001-400x334.jpg 400w\" sizes=\"(max-width: 345px) 100vw, 345px\" \/><\/a>Wahrscheinlich seit dem Beginn des 14. Jahrhunderts gibt es ein Bildungswesen in Immenhausen. Aufzeichnungen aus dem 15. Jahrhundert belegen die Existenz einer sogenannten \u201eParochialschule\u201c, also einer Schule der kirchlichen Stadtgemeinde und ihres Umlandes. 1631 brannte das gesamte Schulgeb\u00e4ude samt Inventar im Feuer der Altringer und Fuggerschen Truppen nieder, was einen kompletten Neuaufbau nach dem Drei\u00dfigj\u00e4hrigen Krieg zur Folge hatte. 1805 erhielt die Schule die Bezeichnung \u201eVolksschule\u201c. Zu Beginn des 20. Jahrhunderts stiegen die Sch\u00fclerzahlen mit 400 Sch\u00fclern deutlich an. Nach dem 2. Weltkrieg sorgten zahlreiche Fl\u00fcchtlinge f\u00fcr ein Anwachsen der Sch\u00fclerzahl auf fast 600. Hinderlich war das Problem, die Sch\u00fcler ausreichend mit Arbeitsmaterial wie Stiften, Heften und B\u00fcchern zu versorgen. Au\u00dferdem konnten viele Kinder aufgrund schlechten Schuhwerks bei nasser Witterung die Schule nicht besuchen. Zu allem \u00dcberfluss fiel der Unterricht wegen Koksmangels im Winter oft aus. Erst am 15. Juni 1947 konnte durch die neu eingef\u00fchrte Schulspeisung eine Verbesserung der Versorgung erreicht werden. Die Immenh\u00e4user Schulspeisung galt dabei als die beste im gesamten Kreis.<\/p>\n<p><strong>Neuanfang durch Neubau<\/strong><\/p>\n<p>1955\/56 dann zog die Stadt bauliche Verbesserungen in Erw\u00e4gung. Nach langen Verhandlungen und Diskussionen beschloss die Stadtverordnetenversammlung, den Neubau am Kampteich zu errichten. 1965 wurde der Schulzweckverband zwischen den Gemeinden Immenhausen, Holzhausen und Mariendorf gegr\u00fcndet und so die Errichtung einer Mittelpunktschule erm\u00f6glicht. Die Arbeit des Schulverbandes fand ihre Kr\u00f6nung in der Fertigstellung des in zwei Abschnitten in konventioneller Bauweise vollzogenen Baues einer Mittelpunktschule Immenhausen, der schlie\u00dflich mit der Genehmigung des Regierungspr\u00e4sidenten in Kassel am 24. Juli 1967 die Bezeichnung \u201eFREIHERR-VOM-STEIN-SCHULE, GRUND-, HAUPT- UND REALSCHULE IN IMMENHAUSEN\u201c gegeben wurde. Am 7. Oktober 1967 wurde der erste Bauabschnitt nach nur 14-monatiger Bauzeit seiner Bestimmung \u00fcbergeben. 1968 folgte der zweite Bauabschnitt mit dem Fachklassentrakt der naturwissenschaftlichen und der Werkr\u00e4ume. Einschlie\u00dflich Turnhalle und Kleinsportfeld betrugen die Gesamtkosten rund 4,4 Millionen DM. 1.9.1967 \u2013 ein \u201ehistorischer Tag\u201c So titelte die \u00f6rtliche Presse anl\u00e4sslich der Er\u00f6ffnung.<\/p>\n<p><strong>Von der Mittelpunkt- zur Gesamtschule<\/strong><\/p>\n<p><a href=\"https:\/\/gesamtschule-immenhausen.de\/wp-content\/uploads\/1967-Einzug-003.jpg\"><img loading=\"lazy\" decoding=\"async\" class=\"alignright wp-image-23712\" src=\"https:\/\/gesamtschule-immenhausen.de\/wp-content\/uploads\/1967-Einzug-003.jpg\" alt=\"1967-einzug-003\" width=\"341\" height=\"268\" srcset=\"https:\/\/gesamtschule-immenhausen.de\/wp-content\/uploads\/1967-Einzug-003.jpg 1895w, https:\/\/gesamtschule-immenhausen.de\/wp-content\/uploads\/1967-Einzug-003-150x118.jpg 150w, https:\/\/gesamtschule-immenhausen.de\/wp-content\/uploads\/1967-Einzug-003-768x604.jpg 768w, https:\/\/gesamtschule-immenhausen.de\/wp-content\/uploads\/1967-Einzug-003-1024x805.jpg 1024w, https:\/\/gesamtschule-immenhausen.de\/wp-content\/uploads\/1967-Einzug-003-400x315.jpg 400w\" sizes=\"(max-width: 341px) 100vw, 341px\" \/><\/a>Mit der Einrichtung der \u201eF\u00f6rderstufe\u201c ging man in den 70er Jahren auf die p\u00e4dagogische Entwicklung ein. 1970 ging zudem die Schultr\u00e4gerschaft auf den Kreis \u00fcberging. Nach intensiver Vorarbeit in Gesamtkonferenzen, Elternbeiratssitzungen und Kreistagssitzungen stimmte schlie\u00dflich der Kultusminister im M\u00e4rz 1972 der \u201eErrichtung einer Gesamtschule im Aufbau\u201c in Immenhausen zu. Doch die wirtschaftliche Rezession jener Zeit f\u00fchrte zum vorl\u00e4ufigen Stopp aller Planungen. Daraufhin wandte sich der Elternbeiratsvorsitzender Otto R\u00fcdiger am 8.10.1973 in Schreiben an Kultusminister und Ministerpr\u00e4sident. Nach erneuten langwierigen Sitzungen \u00fcber die Zukunft des Raumes Grebenstein\/Immenhausen, stimmte man schlie\u00dflich durch Erlass vom 26.2.1974 der Errichtung einer Gesamtschule in Immenhausen zu.<\/p>\n<p>Der aus den geburtenstarken Jahrg\u00e4ngen resultierende \u201eSch\u00fclerberg\u201c brachte erhebliche Konsequenzen mit sich: \u201eWanderklassen\u201c entstanden, also Klassen ohne eigenen Klassenraum. Deshalb war man froh, dass der Erweiterungsbau zum Schuljahresbeginn 1977 in Betrieb genommen werden konnte. Die weitr\u00e4umige \u201eSchustertyp\u201c-Bauweise der fr\u00fcheren Mittelpunktschule \u2013 also der Bau Stein auf Stein \u2013 wurde durch den Betonfertigbau und Raster-Stahlbeton-Skelett-Bauweise erg\u00e4nzt. \u00c4sthetische Gesichtspunkte wurden angesichts der r\u00e4umlichen Engp\u00e4sse zur\u00fcckgestellt zugunsten der Existenzsicherung der Schule.<\/p>\n<p><strong>80er Jahre: Bis zu 1012 Sch\u00fclerinnen und Sch\u00fcler<\/strong><\/p>\n<p>1982 erreicht die Gesamtschule mit 1012 Sch\u00fclerinnen und Sch\u00fclern ihre h\u00f6chste Sch\u00fclerzahl. Direktor Werner Wiegand wurde 1984 nach 21 Jahren in den Ruhestand verabschiedet. Im folgt Bernhard K\u00fchnemund. Ihm liegt moderne Technik am Herzen. Die Schule erh\u00e4lt ihre erste Computerausstattung: 7 Alphatronic-64-Ger\u00e4te.<\/p>\n<p>1988 findet der erste Sch\u00fcleraustausch mit England statt. Auch werden erste Kontakte mit den beiden Schulen der franz\u00f6sischen Stadt Montaigu gekn\u00fcpft. Das \u201eInterkulturellen Medienprojekt\u201c zwischen\u00a0\u00a0 den\u00a0\u00a0 Universit\u00e4ten\u00a0\u00a0 Kassel\u00a0\u00a0 und\u00a0\u00a0 Harare\/Simbabwe, der Freiherr-vom-Stein-Schule und der Seke III High School in Chitungwiza\/Simbabwe beginnt Anfang der 90er Jahre in Anwesenheit des Hessischen Kultusministers und des Botschafters der Republik Simbabwe.\u00a01995 beginnt die \u201eP\u00e4dagogische Mittagsbetreuung\u201c. Die Gesamtschule wird zur \u201eOffenen Ganztagsschule\u201c. 1999 beginnt der Bau einer Aula, auf die schon seit 10 Jahren gewartet wurde. Sie entsteht durch zwei Multifunktionsr\u00e4ume \u00fcber den Werkr\u00e4umen. Der F\u00f6rderverein investiert in den kommenden Jahren rund 20.000 Euro in die B\u00fchnentechnik. \u201eLernzirkel\u201c sind der neue Trend. Ein leerer Klassenraum wird zur \u201eLernwerkstatt\u201c <a href=\"https:\/\/gesamtschule-immenhausen.de\/wp-content\/uploads\/SV-Fete-6.11.1987.jpg\"><img loading=\"lazy\" decoding=\"async\" class=\"alignright wp-image-23717\" src=\"https:\/\/gesamtschule-immenhausen.de\/wp-content\/uploads\/SV-Fete-6.11.1987.jpg\" alt=\"sv-fete-6-11-1987\" width=\"320\" height=\"226\" srcset=\"https:\/\/gesamtschule-immenhausen.de\/wp-content\/uploads\/SV-Fete-6.11.1987.jpg 1480w, https:\/\/gesamtschule-immenhausen.de\/wp-content\/uploads\/SV-Fete-6.11.1987-150x106.jpg 150w, https:\/\/gesamtschule-immenhausen.de\/wp-content\/uploads\/SV-Fete-6.11.1987-768x543.jpg 768w, https:\/\/gesamtschule-immenhausen.de\/wp-content\/uploads\/SV-Fete-6.11.1987-1024x724.jpg 1024w, https:\/\/gesamtschule-immenhausen.de\/wp-content\/uploads\/SV-Fete-6.11.1987-400x283.jpg 400w\" sizes=\"(max-width: 320px) 100vw, 320px\" \/><\/a>umgebaut und steht f\u00fcr das neu geschaffene Fach \u201eLernen lernen\u201c zur Verf\u00fcgung.<\/p>\n<p>Den Gymnasialzweig gibt es seit 2005 grundst\u00e4ndig ab der Klasse 5. Seither kann man sich f\u00fcr die F\u00f6rderstufe (seit 2013 Aufbaustufe) oder den Gymnasialzweig anmelden. Gute Nachrichten kommen aus Wiesbaden: Der Bewilligungsbescheid \u00fcber eine fast eine Millionen Euro teure Schulerweiterung wird \u00fcbergeben. Abschied nehmen hei\u00dft es von Schulleiter Bernhard K\u00fchnemund. Schulleiter aus Grebenstein, Vellmar und Reinhardshagen nehmen jeweils f\u00fcr mehrere Monate zus\u00e4tzlich die Leitung war.\u00a0\u201eImmenhausen ist Theaterhochburg\u201c titelt die HNA. 2007 ist das erfolgreichste Theaterjahr. Insgesamt zeigen drei Gruppen drei St\u00fccke, vom Musical bis zur selbst geschriebenen Szenenfolge. Die \u201eHerbert-Quandt-Stiftung\u201c l\u00e4sst die Schultheaterarbeit zu ihrem Wettbewerb \u201eSchulen im Trialog \u2013 Europ\u00e4ische Identit\u00e4t und kultureller Pluralismus\u201c zu.<\/p>\n<p>Brigitte Kastell wird 2008 neue Schulleiterin und Anika Krug kommt als Schulsozialarbeiterin an die Schule. 2010 erg\u00e4nzt Constanze Holzigel das Team der Mitarbeiterinnen. Der bisherige stellvertretende Schulleiter Herbert R\u00f6ssel wird 2009 zum B\u00fcrgermeister von Immenhausen gew\u00e4hlt. Im September ist es geschafft. Die grundsanierte und erweiterte Schule ist fertig.\u00a0Erstmals gibt es seit 2011 eigens ausgebildete Schulsanit\u00e4ter. Neuer stellvertretender Schulleiter wird Fredy Zech. Die Jungen der Schulmannschaft sind 2011 Hessens beste Ger\u00e4teturner im Wettbewerb \u201eJugend trainiert f\u00fcr Olympia\u201c. Dort werden sie auch Bundessieger und nehmen 2012 auch am \u201eFeuerwerk der Turnkunst\u201c teil.<\/p>\n<p>Diskussionen gibt es 2012 \u00fcber die R\u00fcckkehr zu G9. Ein klares Signal gibt die Schulleitung. Sie steht Elternw\u00fcnschen nach einer R\u00fcckkehr zu einem ungek\u00fcrzten Gymnasialschulzweig prinzipiell offen gegen\u00fcber.<\/p>\n<p><strong>Mittelstufenschulzweig und Berufsorientierung <\/strong><\/p>\n<p>Die Schule beschlie\u00dft die Einrichtung eines Mittelstufenschulzweiges, der den Gymnasialzweig erg\u00e4nzt. Ein Tag in der Woche sind die Sch\u00fc<a href=\"https:\/\/gesamtschule-immenhausen.de\/wp-content\/uploads\/Bild-3.jpg\"><img loading=\"lazy\" decoding=\"async\" class=\"alignright wp-image-23715\" src=\"https:\/\/gesamtschule-immenhausen.de\/wp-content\/uploads\/Bild-3.jpg\" alt=\"bild-3\" width=\"381\" height=\"252\" srcset=\"https:\/\/gesamtschule-immenhausen.de\/wp-content\/uploads\/Bild-3.jpg 1796w, https:\/\/gesamtschule-immenhausen.de\/wp-content\/uploads\/Bild-3-150x99.jpg 150w, https:\/\/gesamtschule-immenhausen.de\/wp-content\/uploads\/Bild-3-768x509.jpg 768w, https:\/\/gesamtschule-immenhausen.de\/wp-content\/uploads\/Bild-3-1024x678.jpg 1024w, https:\/\/gesamtschule-immenhausen.de\/wp-content\/uploads\/Bild-3-400x265.jpg 400w\" sizes=\"(max-width: 381px) 100vw, 381px\" \/><\/a>lerinnen und Sch\u00fcler seitdem in den Fachr\u00e4umen der Berufsschule in Hofgeismar. Die erste Klasse wird in der Aufbaustufe eingeschult. Volkswagen beginnt 2013 ein Modellprojekt mit unserer Schule. Das Ziel: Mehr Sch\u00fcler aus der Region sollen f\u00fcr technische Berufe begeistern werden.<\/p>\n<p>Mit Dieter Lehmann und Michael Pohlmann scheiden zwei langj\u00e4hrige Schulleitungsmitglieder aus dem Schuldienst aus. Ungew\u00f6hnliche Post bekommt die Klasse R10b 2014. In einem handschriftlichen Brief reagiert Verteidigungsministerin Ursula von der Leyen auf Sch\u00fclerfragen.\u00a0Zur\u00fcck zu G9: Der Landesleiter der anonymisierten Befragung teilt mit, dass die Eltern im Jahrgang 7 des Gymnasialzweigs unserer Schule einstimmig f\u00fcr die R\u00fcckkehr zur Organisationsform G9 gestimmt haben. Damit kann der laufende Jahrgang 7 ab dem Schuljahr 2014\/15 in der sechsj\u00e4hrigen Organisationsform durchgef\u00fchrt werden.<\/p>\n<p>Mit einer Trauerfeier nimmt die Schulgemeinde 2015 Abschied von Udo Schradin. Der Kollege war in den Sommerferien \u00fcberraschend verstorben.<\/p>\n<p>Die Zunahme der Zahl von Fl\u00fcchtlingen wirkt sich auch auf unserer Schule aus. Es werden DaZ-Kurse (Deutsch als Zweitsprache) angeboten und Intensivklassen eingerichtet.\u00a0F\u00f6rderverein und Schulleitung setzen sich f\u00fcr den Erhalt und den Ausbau des Glasmuseums in Immenhausen ein. Es beginnen die Planungen f\u00fcr das Schuljubil\u00e4um. Ein erstes Zeichen ist im Fr\u00fchjahr 2017 das Pflanzen von 50 Eichen. Die Freiherr-vom-Stein-Schule ist damit die wohl einzige Schule mit einem eigenen \u201eSchulwald\u201c.<\/p>\n","protected":false},"excerpt":{"rendered":"<p>Wahrscheinlich seit dem Beginn des 14. Jahrhunderts gibt es ein Bildungswesen in Immenhausen. Aufzeichnungen aus dem 15. Jahrhundert belegen die Existenz einer sogenannten \u201eParochialschule\u201c, also einer Schule der kirchlichen Stadtgemeinde und ihres Umlandes. 1631 brannte das gesamte Schulgeb\u00e4ude samt Inventar im Feuer der Altringer und Fuggerschen Truppen nieder, was einen kompletten Neuaufbau nach dem Drei\u00dfigj\u00e4hrigen [&hellip;]<\/p>\n","protected":false},"author":3,"featured_media":23709,"comment_status":"open","ping_status":"closed","sticky":false,"template":"","format":"standard","meta":{"saved_in_kubio":false,"footnotes":""},"categories":[1],"tags":[],"class_list":["post-23650","post","type-post","status-publish","format-standard","has-post-thumbnail","hentry","category-allgemein"],"_links":{"self":[{"href":"https:\/\/gesamtschule-immenhausen.de\/index.php?rest_route=\/wp\/v2\/posts\/23650","targetHints":{"allow":["GET"]}}],"collection":[{"href":"https:\/\/gesamtschule-immenhausen.de\/index.php?rest_route=\/wp\/v2\/posts"}],"about":[{"href":"https:\/\/gesamtschule-immenhausen.de\/index.php?rest_route=\/wp\/v2\/types\/post"}],"author":[{"embeddable":true,"href":"https:\/\/gesamtschule-immenhausen.de\/index.php?rest_route=\/wp\/v2\/users\/3"}],"replies":[{"embeddable":true,"href":"https:\/\/gesamtschule-immenhausen.de\/index.php?rest_route=%2Fwp%2Fv2%2Fcomments&post=23650"}],"version-history":[{"count":3,"href":"https:\/\/gesamtschule-immenhausen.de\/index.php?rest_route=\/wp\/v2\/posts\/23650\/revisions"}],"predecessor-version":[{"id":23718,"href":"https:\/\/gesamtschule-immenhausen.de\/index.php?rest_route=\/wp\/v2\/posts\/23650\/revisions\/23718"}],"wp:featuredmedia":[{"embeddable":true,"href":"https:\/\/gesamtschule-immenhausen.de\/index.php?rest_route=\/wp\/v2\/media\/23709"}],"wp:attachment":[{"href":"https:\/\/gesamtschule-immenhausen.de\/index.php?rest_route=%2Fwp%2Fv2%2Fmedia&parent=23650"}],"wp:term":[{"taxonomy":"category","embeddable":true,"href":"https:\/\/gesamtschule-immenhausen.de\/index.php?rest_route=%2Fwp%2Fv2%2Fcategories&post=23650"},{"taxonomy":"post_tag","embeddable":true,"href":"https:\/\/gesamtschule-immenhausen.de\/index.php?rest_route=%2Fwp%2Fv2%2Ftags&post=23650"}],"curies":[{"name":"wp","href":"https:\/\/api.w.org\/{rel}","templated":true}]}}