{"id":23619,"date":"2017-08-10T23:07:45","date_gmt":"2017-08-10T21:07:45","guid":{"rendered":"https:\/\/gesamtschule-immenhausen.de\/?p=23619"},"modified":"2017-08-11T12:26:25","modified_gmt":"2017-08-11T10:26:25","slug":"konzert-des-schulorchesters-zum-50-jaehrigen-jubilaeum-der-gesamtschule","status":"publish","type":"post","link":"https:\/\/gesamtschule-immenhausen.de\/?p=23619","title":{"rendered":"Konzert des Schulorchesters zum 50-j\u00e4hrigen Jubil\u00e4um der Gesamtschule"},"content":{"rendered":"<p><a href=\"https:\/\/gesamtschule-immenhausen.de\/wp-content\/uploads\/konzert.jpg\"><img loading=\"lazy\" decoding=\"async\" class=\"alignright wp-image-23620\" src=\"https:\/\/gesamtschule-immenhausen.de\/wp-content\/uploads\/konzert.jpg\" alt=\"konzert\" width=\"283\" height=\"386\" srcset=\"https:\/\/gesamtschule-immenhausen.de\/wp-content\/uploads\/konzert.jpg 665w, https:\/\/gesamtschule-immenhausen.de\/wp-content\/uploads\/konzert-110x150.jpg 110w, https:\/\/gesamtschule-immenhausen.de\/wp-content\/uploads\/konzert-400x545.jpg 400w\" sizes=\"(max-width: 283px) 100vw, 283px\" \/><\/a>Wir, das Schulorchester der Freiherr-vom-Stein-Schule,\u00a0 laden Sie herzlich zu unserem Sommerkonzert, das\u00a0 auch im Zeichen unseres Schuljubil\u00e4ums steht, am 18.08.2017 um 19.00 Uhr in die Jahnturnhalle in Immenhausen ein. Begeben Sie sich mit uns auf eine Reise durch die verschiedensten Musikepochen. Wir reisen von Bach bis hin zur Unterhaltungsmusik unserer Zeit.\u00a0 Unser Schulorchester besteht mittlerweile aus 30 Instrumentalisten, die f\u00fcr dieses Konzert hart gearbeitet haben.<\/p>\n<p>Bitte belohnen Sie mit Ihrem Besuch das au\u00dferordentliche Engagement unserer Sch\u00fclerinnen und Sch\u00fcler. Der Eintritt ist frei. F\u00fcr Getr\u00e4nke ist gesorgt.<\/p>\n<p>Betti Franke, Musiklehrerin<\/p>\n<p><strong>\u00a0<\/strong><\/p>\n<p>&nbsp;<\/p>\n","protected":false},"excerpt":{"rendered":"<p>Wir, das Schulorchester der Freiherr-vom-Stein-Schule,\u00a0 laden Sie herzlich zu unserem Sommerkonzert, das\u00a0 auch im Zeichen unseres Schuljubil\u00e4ums steht, am 18.08.2017 um 19.00 Uhr in die Jahnturnhalle in Immenhausen ein. Begeben Sie sich mit uns auf eine Reise durch die verschiedensten Musikepochen. Wir reisen von Bach bis hin zur Unterhaltungsmusik unserer Zeit.\u00a0 Unser Schulorchester besteht mittlerweile [&hellip;]<\/p>\n","protected":false},"author":3,"featured_media":23620,"comment_status":"open","ping_status":"closed","sticky":false,"template":"","format":"standard","meta":{"saved_in_kubio":false,"footnotes":""},"categories":[1],"tags":[],"class_list":["post-23619","post","type-post","status-publish","format-standard","has-post-thumbnail","hentry","category-allgemein"],"_links":{"self":[{"href":"https:\/\/gesamtschule-immenhausen.de\/index.php?rest_route=\/wp\/v2\/posts\/23619","targetHints":{"allow":["GET"]}}],"collection":[{"href":"https:\/\/gesamtschule-immenhausen.de\/index.php?rest_route=\/wp\/v2\/posts"}],"about":[{"href":"https:\/\/gesamtschule-immenhausen.de\/index.php?rest_route=\/wp\/v2\/types\/post"}],"author":[{"embeddable":true,"href":"https:\/\/gesamtschule-immenhausen.de\/index.php?rest_route=\/wp\/v2\/users\/3"}],"replies":[{"embeddable":true,"href":"https:\/\/gesamtschule-immenhausen.de\/index.php?rest_route=%2Fwp%2Fv2%2Fcomments&post=23619"}],"version-history":[{"count":1,"href":"https:\/\/gesamtschule-immenhausen.de\/index.php?rest_route=\/wp\/v2\/posts\/23619\/revisions"}],"predecessor-version":[{"id":23621,"href":"https:\/\/gesamtschule-immenhausen.de\/index.php?rest_route=\/wp\/v2\/posts\/23619\/revisions\/23621"}],"wp:featuredmedia":[{"embeddable":true,"href":"https:\/\/gesamtschule-immenhausen.de\/index.php?rest_route=\/wp\/v2\/media\/23620"}],"wp:attachment":[{"href":"https:\/\/gesamtschule-immenhausen.de\/index.php?rest_route=%2Fwp%2Fv2%2Fmedia&parent=23619"}],"wp:term":[{"taxonomy":"category","embeddable":true,"href":"https:\/\/gesamtschule-immenhausen.de\/index.php?rest_route=%2Fwp%2Fv2%2Fcategories&post=23619"},{"taxonomy":"post_tag","embeddable":true,"href":"https:\/\/gesamtschule-immenhausen.de\/index.php?rest_route=%2Fwp%2Fv2%2Ftags&post=23619"}],"curies":[{"name":"wp","href":"https:\/\/api.w.org\/{rel}","templated":true}]}}